{"id":11,"name":"Gertrud Waldis","url":"http:\/\/www.gertrudwaldis.ch","description":"Gertrud Waldis ist Fach\u00e4rztin f\u00fcr Psychiatrie und Psychotherapie. Sie f\u00fchrt seit 25 Jahren eine eigene Praxis in Sarnen (Schweiz). Ab Fr\u00fchjahr 2016 widmet sie sich freischaffend ausschlie\u00dflich der Therapie mit Neuem Bewusstsein.","link":"https:\/\/www.paracelsus-magazin.ch\/es\/author\/gertrud-waldis\/","slug":"gertrud-waldis","avatar_urls":{"24":"https:\/\/secure.gravatar.com\/avatar\/9ae7848c91f4edb4393fe278738ecea95904fae57170baef4aebf85fa004d1da?s=24&d=mm&r=g","48":"https:\/\/secure.gravatar.com\/avatar\/9ae7848c91f4edb4393fe278738ecea95904fae57170baef4aebf85fa004d1da?s=48&d=mm&r=g","96":"https:\/\/secure.gravatar.com\/avatar\/9ae7848c91f4edb4393fe278738ecea95904fae57170baef4aebf85fa004d1da?s=96&d=mm&r=g"},"meta":[],"yoast_head":"<!-- This site is optimized with the Yoast SEO plugin v27.5 - https:\/\/yoast.com\/product\/yoast-seo-wordpress\/ -->\n<title>Gertrud Waldis, Autor bei Paracelsus Magazin<\/title>\n<meta name=\"robots\" content=\"index, follow, max-snippet:-1, max-image-preview:large, max-video-preview:-1\" \/>\n<link rel=\"canonical\" href=\"https:\/\/www.paracelsus-magazin.ch\/es\/author\/gertrud-waldis\/\" \/>\n<meta property=\"og:locale\" content=\"es_ES\" \/>\n<meta property=\"og:type\" content=\"profile\" \/>\n<meta property=\"og:title\" content=\"Gertrud Waldis, Autor bei Paracelsus Magazin\" \/>\n<meta property=\"og:url\" content=\"https:\/\/www.paracelsus-magazin.ch\/de\/author\/gertrud-waldis\/\" \/>\n<meta property=\"og:site_name\" content=\"Paracelsus Magazin\" \/>\n<meta property=\"og:image\" content=\"https:\/\/secure.gravatar.com\/avatar\/403048c17549bc9fa1836269dc977d99?s=500&d=mm&r=g\" \/>\n<meta name=\"twitter:card\" content=\"summary_large_image\" \/>\n<script type=\"application\/ld+json\" class=\"yoast-schema-graph\">{\"@context\":\"https:\\\/\\\/schema.org\",\"@graph\":[{\"@type\":\"ProfilePage\",\"@id\":\"https:\\\/\\\/www.paracelsus-magazin.ch\\\/de\\\/author\\\/gertrud-waldis\\\/\",\"url\":\"https:\\\/\\\/www.paracelsus-magazin.ch\\\/de\\\/author\\\/gertrud-waldis\\\/\",\"name\":\"Gertrud Waldis, Autor bei Paracelsus Magazin\",\"isPartOf\":{\"@id\":\"https:\\\/\\\/www.paracelsus-magazin.ch\\\/es\\\/#website\"},\"breadcrumb\":{\"@id\":\"https:\\\/\\\/www.paracelsus-magazin.ch\\\/de\\\/author\\\/gertrud-waldis\\\/#breadcrumb\"},\"inLanguage\":\"es\",\"potentialAction\":[{\"@type\":\"ReadAction\",\"target\":[\"https:\\\/\\\/www.paracelsus-magazin.ch\\\/de\\\/author\\\/gertrud-waldis\\\/\"]}]},{\"@type\":\"BreadcrumbList\",\"@id\":\"https:\\\/\\\/www.paracelsus-magazin.ch\\\/de\\\/author\\\/gertrud-waldis\\\/#breadcrumb\",\"itemListElement\":[{\"@type\":\"ListItem\",\"position\":1,\"name\":\"Startseite\",\"item\":\"https:\\\/\\\/www.paracelsus-magazin.ch\\\/es\\\/\"},{\"@type\":\"ListItem\",\"position\":2,\"name\":\"Archive f\u00fcr Gertrud Waldis\"}]},{\"@type\":\"WebSite\",\"@id\":\"https:\\\/\\\/www.paracelsus-magazin.ch\\\/es\\\/#website\",\"url\":\"https:\\\/\\\/www.paracelsus-magazin.ch\\\/es\\\/\",\"name\":\"Paracelsus Magazin\",\"description\":\"Health &amp; Healing Magazin\",\"publisher\":{\"@id\":\"https:\\\/\\\/www.paracelsus-magazin.ch\\\/es\\\/#organization\"},\"potentialAction\":[{\"@type\":\"SearchAction\",\"target\":{\"@type\":\"EntryPoint\",\"urlTemplate\":\"https:\\\/\\\/www.paracelsus-magazin.ch\\\/es\\\/?s={search_term_string}\"},\"query-input\":{\"@type\":\"PropertyValueSpecification\",\"valueRequired\":true,\"valueName\":\"search_term_string\"}}],\"inLanguage\":\"es\"},{\"@type\":\"Organization\",\"@id\":\"https:\\\/\\\/www.paracelsus-magazin.ch\\\/es\\\/#organization\",\"name\":\"Paracelsus Magazin\",\"url\":\"https:\\\/\\\/www.paracelsus-magazin.ch\\\/es\\\/\",\"logo\":{\"@type\":\"ImageObject\",\"inLanguage\":\"es\",\"@id\":\"https:\\\/\\\/www.paracelsus-magazin.ch\\\/es\\\/#\\\/schema\\\/logo\\\/image\\\/\",\"url\":\"https:\\\/\\\/www.paracelsus-magazin.ch\\\/wp-content\\\/uploads\\\/2023\\\/08\\\/logo-paracelsus-magazin-sqaure.jpg\",\"contentUrl\":\"https:\\\/\\\/www.paracelsus-magazin.ch\\\/wp-content\\\/uploads\\\/2023\\\/08\\\/logo-paracelsus-magazin-sqaure.jpg\",\"width\":696,\"height\":696,\"caption\":\"Paracelsus Magazin\"},\"image\":{\"@id\":\"https:\\\/\\\/www.paracelsus-magazin.ch\\\/es\\\/#\\\/schema\\\/logo\\\/image\\\/\"},\"sameAs\":[\"https:\\\/\\\/www.facebook.com\\\/Paracelsus-Magazin-436487499874780\\\/\"]},{\"@type\":\"Person\",\"@id\":\"https:\\\/\\\/www.paracelsus-magazin.ch\\\/es\\\/#\\\/schema\\\/person\\\/9063abdcbefaa1721eb16a72d45f4b9e\",\"name\":\"Gertrud Waldis\",\"image\":{\"@type\":\"ImageObject\",\"inLanguage\":\"es\",\"@id\":\"https:\\\/\\\/secure.gravatar.com\\\/avatar\\\/9ae7848c91f4edb4393fe278738ecea95904fae57170baef4aebf85fa004d1da?s=96&d=mm&r=g\",\"url\":\"https:\\\/\\\/secure.gravatar.com\\\/avatar\\\/9ae7848c91f4edb4393fe278738ecea95904fae57170baef4aebf85fa004d1da?s=96&d=mm&r=g\",\"contentUrl\":\"https:\\\/\\\/secure.gravatar.com\\\/avatar\\\/9ae7848c91f4edb4393fe278738ecea95904fae57170baef4aebf85fa004d1da?s=96&d=mm&r=g\",\"caption\":\"Gertrud Waldis\"},\"description\":\"Gertrud Waldis ist Fach\u00e4rztin f\u00fcr Psychiatrie und Psychotherapie. Sie f\u00fchrt seit 25 Jahren eine eigene Praxis in Sarnen (Schweiz). Ab Fr\u00fchjahr 2016 widmet sie sich freischaffend ausschlie\u00dflich der Therapie mit Neuem Bewusstsein.\",\"sameAs\":[\"http:\\\/\\\/www.gertrudwaldis.ch\"],\"mainEntityOfPage\":{\"@id\":\"https:\\\/\\\/www.paracelsus-magazin.ch\\\/de\\\/author\\\/gertrud-waldis\\\/\"}}]}<\/script>\n<!-- \/ Yoast SEO plugin. -->","yoast_head_json":{"title":"Gertrud Waldis, Autor bei Paracelsus Magazin","robots":{"index":"index","follow":"follow","max-snippet":"max-snippet:-1","max-image-preview":"max-image-preview:large","max-video-preview":"max-video-preview:-1"},"canonical":"https:\/\/www.paracelsus-magazin.ch\/es\/author\/gertrud-waldis\/","og_locale":"es_ES","og_type":"profile","og_title":"Gertrud Waldis, Autor bei Paracelsus Magazin","og_url":"https:\/\/www.paracelsus-magazin.ch\/de\/author\/gertrud-waldis\/","og_site_name":"Paracelsus Magazin","og_image":[{"url":"https:\/\/secure.gravatar.com\/avatar\/403048c17549bc9fa1836269dc977d99?s=500&d=mm&r=g","type":"","width":"","height":""}],"twitter_card":"summary_large_image","schema":{"@context":"https:\/\/schema.org","@graph":[{"@type":"ProfilePage","@id":"https:\/\/www.paracelsus-magazin.ch\/de\/author\/gertrud-waldis\/","url":"https:\/\/www.paracelsus-magazin.ch\/de\/author\/gertrud-waldis\/","name":"Gertrud Waldis, Autor bei Paracelsus Magazin","isPartOf":{"@id":"https:\/\/www.paracelsus-magazin.ch\/es\/#website"},"breadcrumb":{"@id":"https:\/\/www.paracelsus-magazin.ch\/de\/author\/gertrud-waldis\/#breadcrumb"},"inLanguage":"es","potentialAction":[{"@type":"ReadAction","target":["https:\/\/www.paracelsus-magazin.ch\/de\/author\/gertrud-waldis\/"]}]},{"@type":"BreadcrumbList","@id":"https:\/\/www.paracelsus-magazin.ch\/de\/author\/gertrud-waldis\/#breadcrumb","itemListElement":[{"@type":"ListItem","position":1,"name":"Startseite","item":"https:\/\/www.paracelsus-magazin.ch\/es\/"},{"@type":"ListItem","position":2,"name":"Archive f\u00fcr Gertrud Waldis"}]},{"@type":"WebSite","@id":"https:\/\/www.paracelsus-magazin.ch\/es\/#website","url":"https:\/\/www.paracelsus-magazin.ch\/es\/","name":"Paracelsus Magazin","description":"Health &amp; Healing Magazin","publisher":{"@id":"https:\/\/www.paracelsus-magazin.ch\/es\/#organization"},"potentialAction":[{"@type":"SearchAction","target":{"@type":"EntryPoint","urlTemplate":"https:\/\/www.paracelsus-magazin.ch\/es\/?s={search_term_string}"},"query-input":{"@type":"PropertyValueSpecification","valueRequired":true,"valueName":"search_term_string"}}],"inLanguage":"es"},{"@type":"Organization","@id":"https:\/\/www.paracelsus-magazin.ch\/es\/#organization","name":"Paracelsus Magazin","url":"https:\/\/www.paracelsus-magazin.ch\/es\/","logo":{"@type":"ImageObject","inLanguage":"es","@id":"https:\/\/www.paracelsus-magazin.ch\/es\/#\/schema\/logo\/image\/","url":"https:\/\/www.paracelsus-magazin.ch\/wp-content\/uploads\/2023\/08\/logo-paracelsus-magazin-sqaure.jpg","contentUrl":"https:\/\/www.paracelsus-magazin.ch\/wp-content\/uploads\/2023\/08\/logo-paracelsus-magazin-sqaure.jpg","width":696,"height":696,"caption":"Paracelsus Magazin"},"image":{"@id":"https:\/\/www.paracelsus-magazin.ch\/es\/#\/schema\/logo\/image\/"},"sameAs":["https:\/\/www.facebook.com\/Paracelsus-Magazin-436487499874780\/"]},{"@type":"Person","@id":"https:\/\/www.paracelsus-magazin.ch\/es\/#\/schema\/person\/9063abdcbefaa1721eb16a72d45f4b9e","name":"Gertrud Waldis","image":{"@type":"ImageObject","inLanguage":"es","@id":"https:\/\/secure.gravatar.com\/avatar\/9ae7848c91f4edb4393fe278738ecea95904fae57170baef4aebf85fa004d1da?s=96&d=mm&r=g","url":"https:\/\/secure.gravatar.com\/avatar\/9ae7848c91f4edb4393fe278738ecea95904fae57170baef4aebf85fa004d1da?s=96&d=mm&r=g","contentUrl":"https:\/\/secure.gravatar.com\/avatar\/9ae7848c91f4edb4393fe278738ecea95904fae57170baef4aebf85fa004d1da?s=96&d=mm&r=g","caption":"Gertrud Waldis"},"description":"Gertrud Waldis ist Fach\u00e4rztin f\u00fcr Psychiatrie und Psychotherapie. Sie f\u00fchrt seit 25 Jahren eine eigene Praxis in Sarnen (Schweiz). Ab Fr\u00fchjahr 2016 widmet sie sich freischaffend ausschlie\u00dflich der Therapie mit Neuem Bewusstsein.","sameAs":["http:\/\/www.gertrudwaldis.ch"],"mainEntityOfPage":{"@id":"https:\/\/www.paracelsus-magazin.ch\/de\/author\/gertrud-waldis\/"}}]}},"_links":{"self":[{"href":"https:\/\/www.paracelsus-magazin.ch\/es\/wp-json\/wp\/v2\/users\/11","targetHints":{"allow":["GET"]}}],"collection":[{"href":"https:\/\/www.paracelsus-magazin.ch\/es\/wp-json\/wp\/v2\/users"}]}}