{"id":23036,"date":"2021-09-09T09:25:34","date_gmt":"2021-09-09T07:25:34","guid":{"rendered":"https:\/\/www.paracelsus-magazin.ch\/?p=23036"},"modified":"2022-09-04T20:47:20","modified_gmt":"2022-09-04T18:47:20","slug":"ayurveda-y-yoga","status":"publish","type":"post","link":"https:\/\/www.paracelsus-magazin.ch\/es\/la-medicina-ayurvedica\/ayurveda-y-yoga\/","title":{"rendered":"Ayurveda y Yoga"},"content":{"rendered":"<h2>Vata\u202fDosha<\/h2>\n<p style=\"text-align: justify;\">Como\u202fla\u202fsensibilidad \u202fVata \u202fDosha,\u202fviene determinada\u202fpor\u202fel espacio\u202fy el\u202felemento aire,\u202fentra\u202ff\u00e1cilmente\u202fen\u202fequilibrio\u202fy suavemente lo\u202fmantiene\u202fcon\u202fla\u202fpareja perfecta de\u202fAyurveda y Yoga.<\/p>\n<p>Para\u202fentender\u202fc\u00f3mo y por qu\u00e9\u202fel\u202fAyurveda y el Yoga\u202fse complementan maravillosamente entre ellos, se\u202fnecesitan\u202fun\u202fpoco de conocimientos\u202fde filosof\u00eda.\u202fEsto\u202fhace\u202fcomprensible de manera que la pr\u00e1ctica de yoga apoya la terapia ayurvedica de una manera sostenible.\u202fLo que\u202fnos saca del equilibrio y lo que nos devuelve a \u00e9l no solo tiene que ver con las circunstancias personales de la vida sino con nuestra constituci\u00f3n b\u00e1sica.<\/p>\n<p>Al igual que el Ayurveda,\u202fel\u202fyoga\u202fcl\u00e1sico\u202fse\u202fbasa\u202fen\u202fla\u202ffilosof\u00eda\u202fde\u202fSamkhya\u202f.\u202fEste\u202fmodelo\u202fde\u202fcreaci\u00f3n\u202fasu-me\u202fque\u202ftodo el\u202fmundo visible\u202fse origina\u202fa partir de\u202fdos\u202fprincipios b\u00e1sicos: Por\u202fun\u202flado,\u202fel principio\u202ffemenino,\u202fla\u202fmateria prima\u202fPrakriti\u202f.\u202fAl principio, a\u00fan sin manifestarse, tres fuerzas descansan en \u00e9l, estas son las Mahagunas, que se entienden como instintos, tendencias, cualidades o factores de influencia: Sattva luminoso, Rajas m\u00f3vil y Tamas manifiesto.<\/p>\n<p>Purusha\u202fest\u00e1\u202facompa\u00f1ado\u202fpor\u202fPakriti. Purusha, la conciencia pura y clara, puede entenderse como el principio masculino. Debido a la cercan\u00eda de Purusha, la Prakriti en reposo se desequilibr\u00f3 y comenz\u00f3 a bailar. Las tres fuerzas se conectaron entre s\u00ed y surgieron otros principios:<\/p>\n<p>Buddhi, la conciencia; Ahamkara, la identificaci\u00f3n individual y Citta o Manas, la mente. Adem\u00e1s, se crearon los Mahabhutas: los elementos espacio, aire, fuego, agua y tierra. Podemos percibir las caracter\u00edsticas en sinton\u00eda con esos elementos &#8211; como la base de la naturaleza y tienen un impacto en todo el cosmos, en todos los seres f\u00edsicos y no f\u00edsicos. Los elementos representan uno de los conceptos fundamentales de la ciencia ayurv\u00e9dica. Cada uno de ellos est\u00e1 asociado a una de las tres bioenerg\u00edas, los Doshas: El espacio o \u00e9ter est\u00e1 conectado con el elemento aire para formar Vata Dosha, el fuego y una cantidad m\u00ednima de agua forman Pitta Dosha, y el agua y la tierra juntos forman Kapha Dosha.<br \/>\nDesde el punto de vista ayurv\u00e9dico, los Doshas son responsables de la condici\u00f3n mental y f\u00edsica de la constituci\u00f3n individual y de todos los cambios positivos y negativos del cuerpo. Sus diferentes combinaciones e intensidad determinan la singularidad de cada constituci\u00f3n. Los principios de Vata, Pitta y Kapha funcionan en cada c\u00e9lula, \u00f3rgano y tejido. Su equilibrio f\u00edsico y mental es responsable del estado de salud individual.<\/p>\n<h3 style=\"text-align: justify;\"><strong>Influencia\u202fVata<\/strong><\/h3>\n<p style=\"text-align: justify;\"><strong>Caracter\u00edsticas generales<\/strong>:\u202fLigero, claro, seco, fr\u00edo, rugoso, r\u00e1pido, m\u00f3vil, cambiante, omnipresente y fino.<\/p>\n<p><strong>Cuerpo:<\/strong>\u202fDelgado, sobre todo personas muy altas o bajas con articulaciones delicadas, Lema: \u00a1Tengo una idea!<\/p>\n<p style=\"text-align: justify;\"><strong>Ocupaciones<\/strong>:\u202fGrupo de reflexi\u00f3n, artista, periodista, redactor, inventor, gu\u00eda tur\u00edstico, terapeuta, psic\u00f3logo.<\/p>\n<p><strong>Funci\u00f3n:<\/strong>\u202fdador de\u202fimpulsos,\u202fmediador, auxiliar,\u202ftodoterreno.<\/p>\n<p><strong>Habilidades en el campo de la percepci\u00f3n:<\/strong> Est\u00e1 abierto a lo nuevo, percibe signos sutiles, puede inspirarse, percepci\u00f3n intuitiva, mira entre l\u00edneas y se da cuenta de la coherencia, vivaz, muy \u00e1gil, r\u00e1pida\u202fcomprensi\u00f3n\u202fde\u202flas cosas.<\/p>\n<p><strong>Habilidades en el campo de acci\u00f3n:<\/strong> Creativo, lleno de ideas, puede adaptarse muy r\u00e1pido, no se compromete, aporta nuevas ideas, tiene imaginaci\u00f3n, percibe los matices, es un buen trabajador en cadena, habla y se mueve r\u00e1pidamente.<\/p>\n<p><strong>Obst\u00e1culos:<\/strong> Comportamiento ca\u00f3tico, poca estructura, temperamento inestable, propensi\u00f3n al nerviosismo y a la irritabilidad, poca resistencia, se enfr\u00eda con facilidad, incluso despu\u00e9s de las comidas, propensi\u00f3n a las alergias, piel seca, dolores articulares, sensibilidad de los \u00f3rganos digestivos, especialmente durante el estr\u00e9s y la tensi\u00f3n mental. Signos de desequilibrio: concentraci\u00f3n, sue\u00f1o, habla, trastornos digestivos (estre\u00f1imiento), estado doloroso, especialmente dolores err\u00e1ticos que afectan al bienestar, alteraciones de la audici\u00f3n (ac\u00fafenos), apetito, ingesta de alimentos. Signos visibles en la apariencia, como p\u00e9rdida de peso, piel seca, cabello y u\u00f1as quebradizas, articulaciones agrietadas, tez p\u00e1lida y mirada inquieta. Trastornos como la ansiedad, los ataques de p\u00e1nico y la falta de perspectivas vitales, que afectan en gran medida a la calidad de vida.<\/p>\n<p><strong>Equilibrio\/prevenci\u00f3n:<\/strong> Las intervenciones de Pitta promueven la claridad, y la fuerza de Kapha proporciona estructura, base y confianza (enfoque con los pies en la tierra), alimentos grasos y aceitosos, tub\u00e9rculos cuya digestibilidad se ve favorecida por las especias que fortalecen la digesti\u00f3n, humedad (alimentos h\u00famedos, clima c\u00e1lido y h\u00famedo y masajes con aceite), calor (alimentos y bebidas calientes, tejidos finos, tejidos c\u00e1lidos y clima c\u00e1lido), descanso (alimentaci\u00f3n relajada, meditaci\u00f3n y naturaleza), lentitud (evitar un ritmo agitado, comer despacio), evitar los eventos masivos, t\u00e9cnicas de relajaci\u00f3n, regularidad en la vida diaria y especialmente en la alimentaci\u00f3n, pr\u00e1ctica de yoga constitucionalmente adecuada, y estilo de vida S\u00e1ttvico, lugares que refuerzan el Dosha: Cimas de monta\u00f1as ventosas, cambios constantes de ubicaci\u00f3n, situaciones vitales inestables.<\/p>\n<p><strong>Percepci\u00f3n a trav\u00e9s de<\/strong>: sonido: m\u00fasica, modulaci\u00f3n de la voz, selecci\u00f3n del habla.<\/p>\n<p><strong>Clima interior:<\/strong> sensible a las corrientes de aire y a las fluctuaciones de temperatura. Intuici\u00f3n: percepci\u00f3n sensible como \u00abhay algo en el aire\u00bb.<\/p>\n<p><strong>Sensualidad:<\/strong> Uso de las manos para hacer sentir algo, percepci\u00f3n sensual.<\/p>\n<p><strong>Acci\u00f3n a trav\u00e9s de:<\/strong> creatividad, imaginaci\u00f3n, lenguaje: contar historias con palabras e im\u00e1genes.<\/p>\n<h3 style=\"text-align: justify;\"><strong>Cuando\u202fVata\u202fdomina<\/strong><\/h3>\n<p style=\"text-align: justify;\">Las personas que tienen las caracter\u00edsticas t\u00edpicas del elemento viento inestable y del elemento espacio ilimitado especialmente desarrolladas en s\u00ed mismas, bailan con pies ligeros a lo largo del d\u00eda. Algunos padres deben haber tenido sus desaf\u00edos con estos torbellinos cuando pasaban por la casa. Tal vez so\u00f1aban a menudo con estar en mundos de fantas\u00eda, todav\u00eda hoy est\u00e1n llenos de ideas, y si les preguntas algo, les sale a borbotones.<br \/>\nOyen crecer la hierba y perciben antes que nadie los nuevos movimientos. Les gusta viajar y les encanta la variedad. Si se les condenara a un mon\u00f3tono trabajo de archivo, se sentir\u00edan castigados. Estos seres creativos y sensibles se inspiran en todo lo posible y est\u00e1n m\u00e1s que contentos con las tentaciones de dejar lo viejo y volverse hacia lo nuevo. Dejar ir no es su problema, pero primero deben ser capaces de aferrarse a algo.<br \/>\nLa bioenerg\u00eda Vata corresponde al principio del aire dador de espacio. Controla todas las formas de movimiento en el mundo espiritual y f\u00edsico. Como energ\u00eda sutil, es responsable de dirigir los procesos biol\u00f3gicos, tanto mentales como f\u00edsicos: Todos los movimientos que se producen en el cuerpo est\u00e1n controlados por Vata, ya sean los latidos del coraz\u00f3n, la circulaci\u00f3n, la respiraci\u00f3n, el habla, el parpadeo, la digesti\u00f3n, la excreci\u00f3n, la menstruaci\u00f3n y los impulsos de los nervios.<\/p>\n<p>Debido a su estrecha relaci\u00f3n con el sistema nervioso aut\u00f3nomo, Vata dosha reacciona muy r\u00e1pidamente y de forma muy sensible a los cambios positivos y negativos en todas las circunstancias de la vida. Por esta raz\u00f3n, tambi\u00e9n se le llama el dosha rey, ya que la regulaci\u00f3n del sistema nervioso en el sistema ayurv\u00e9dico de la medicina y en el yoga forman la base para el inicio del proceso de curaci\u00f3n.<\/p>\n<blockquote>\n<h4 style=\"text-align: center;\"><em><strong>\u00abLa\u202fgente\u202fVata\u202fest\u00e1 llena de ideas\u00bb.<\/strong><\/em><\/h4>\n<\/blockquote>\n<p style=\"text-align: justify;\">Cuanto m\u00e1s armoniosamente se desarrolla la bioenerg\u00eda Vata, m\u00e1s fluye la energ\u00eda vital Prana. Sattva y Oyas, las fuerzas vitales, son nutridas y las fuerzas de autocuraci\u00f3n reciben apoyo. Es importante reconocer lo antes posible cuando la energ\u00eda Vata abandona sus caminos armoniosos. En caso de alteraciones, deben tomarse cuanto antes las medidas armonizadoras del Ayurveda y del Yoga para regular la energ\u00eda Vata, con el fin de calmar el desequilibrio y fortalecer la calidad de vida.<\/p>\n<p>Por lo tanto, la terapia ayurv\u00e9dica hace uso de las cualidades opuestas. Vata se considera ligero, claro, seco, fr\u00edo, \u00e1spero, r\u00e1pido, m\u00f3vil, cambiante, omnipresente y fino. Para ello, son necesarias terapias de enraizamiento, humectaci\u00f3n, calentamiento, calma, regularidad y medidas de estructuraci\u00f3n. En cuanto a la dieta y los h\u00e1bitos de bebida, se debe preferir la ingesta de alimentos c\u00e1lidos, hidratantes, f\u00e1ciles de digerir, digestivos y tomarlos regularmente. El estilo de vida y la elecci\u00f3n de la ropa tambi\u00e9n deben corresponder a estos criterios.<\/p>\n<p>El yoga, por otro lado, asume que en todo el ajetreo de la creaci\u00f3n, el principio de conciencia clara se identifica con el principio material &#8211; y aqu\u00ed es donde surgen los problemas, porque a trav\u00e9s de esta identificaci\u00f3n, los tres Mahagunas de Sattva, Rajas y Tamas a menudo act\u00faan sin control y moldean nuestro car\u00e1cter o comportamientos. Entonces nos convertimos en las caprichosas luces brillantes, en las personas despreocupadas de coraz\u00f3n inestable, en fan\u00e1ticos explosivos, s\u00f3lidos como la roca o en muy llorones. Si podemos utilizar conscientemente estos instintos que trabajan en nosotros para nuestro desarrollo, es un regalo; si somos controlados por ellos, se vuelve desagradable. Aqu\u00ed es donde entra el yoga cl\u00e1sico:<\/p>\n<p>Los Sutras del Yoga de Patanjali (ver cuadro) explican c\u00f3mo funcionamos, por qu\u00e9 sufrimos y qu\u00e9 podemos hacer para liberarnos de este c\u00edrculo: Dejar que los procesos mentales, Citta, descansen. Entonces se puede comprender que la conciencia es siempre pura, clara y sin atributos y que s\u00f3lo es la materia la que cambia constantemente.<\/p>\n<p>Como asana, Patanjali s\u00f3lo mencion\u00f3 la posici\u00f3n sentada: debe ser agradable y estable. Las instrucciones exactas para las posturas se han transmitido principalmente desde el movimiento t\u00e1ntrico del yoga, el Hatha Yoga.<\/p>\n<h3 style=\"text-align: justify;\"><strong>El\u202fcuerpo\u202f- templo\u202fde\u202fla\u202fAlma<\/strong><\/h3>\n<p style=\"text-align: justify;\">El cuerpo es el templo del alma y de la conciencia pura. Sin \u00e9l, la experiencia y el desarrollo no son posibles en absoluto, por lo que se procura tener una vida larga y saludable. Esto tiene sentido, porque el mero hecho de tener problemas de digesti\u00f3n puede afectar en gran medida a la calidad de vida; sentarse de forma estable y c\u00f3moda puede llegar a ser una agonia, el prana puede no fluir libremente. As\u00ed que, en primer lugar, se enfoca la purificaci\u00f3n del cuerpo material y el sutil. En los escritos tambi\u00e9n encontramos recomendaciones sobre la alimentaci\u00f3n y qu\u00e9 ejercicios son adecuados para equilibrar un elemento excesivo. La estrecha relaci\u00f3n con el Ayurveda se expresa claramente en el Hatha Yoga.<br \/>\nSin embargo, en ambos movimientos de yoga, el cl\u00e1sico y el Hatha Yoga, se busca una cualidad Sattva en todas nuestras acciones. Este Mahaguna nos permite desarrollarnos y que \u00abuna luz pueda surgir en nosotros\u00bb. Incluso cuando nos esforzamos por tener un comportamiento \u00e9tico, nos ocupamos de la cualidad Sattva.<\/p>\n<h3 style=\"text-align: justify;\"><strong>Depende\u202fdel qu\u00e9\u202fy\u202fc\u00f3mo<\/strong><\/h3>\n<p style=\"text-align: justify;\">Los individuos que ya muestran la dominancia de Vata, o cuando la energ\u00eda Vata sube y baja, pueden observar la influencia de los Mahagunas en el nivel psicol\u00f3gico: si Vata trabaja en la cualidad Sattva, equilibrada y llena de luz, se muestra en un comportamiento flexible, adaptable, comunicativo y de pensamiento positivo.<br \/>\nSi la cualidad rajas adquiere demasiada influencia, puede expresarse en indecisi\u00f3n, hiperactividad, distracci\u00f3n, nerviosismo, ansiedad, superficialidad, inquietud y locuacidad. Si la influencia de Tamas es demasiado fuerte, el comportamiento puede volverse deshonesto, t\u00edmido o secretamente animal.<\/p>\n<p><em><strong>\u00abLa conciencia\u202fsiempre\u202fes\u202fclara\u202f\u00bb.<\/strong><\/em><\/p>\n<p>Las dos primeras etapas del yoga cl\u00e1sico comienzan aqu\u00ed. Mediante ejercicios regulares de conciencia y atenci\u00f3n plena, es posible reflexionar cr\u00edticamente sobre el propio comportamiento. De este modo se hace evidente d\u00f3nde o c\u00f3mo estamos actualmente \u00aben nuestro camino\u00bb. Cuando hay un exceso de Vata, el yoga tambi\u00e9n aconseja estructura. Tiene sentido, por ejemplo, visualizar con calma el d\u00eda por la ma\u00f1ana, hacer una pausa para el t\u00e9 al mediod\u00eda y reflexionar sobre el d\u00eda por la noche antes de acostarse o practicar una secuencia de Yoga Nidra.<br \/>\nDescansar y hacer algo bueno para uno mismo es necesario ahora.<\/p>\n<h4 style=\"text-align: center;\"><em><strong>\u00abUna asana debe ser estable y agradable\u00bb.<\/strong><\/em><\/h4>\n<p>&nbsp;<\/p>\n<p><span style=\"text-align: justify;\">La recomendaci\u00f3n de Patanjali hay que tomarla en serio cuando se trata de ejercicios f\u00edsicos. B\u00e1jate al suelo en una postura, no importa qu\u00e9 asana hagas. Preferentemente qu\u00e9date un poco m\u00e1s en una postura en lugar de cambiar constantemente a una nueva. Si el Dosha Vata domina, hay que tener especial cuidado para evitar la sensaci\u00f3n de que la pr\u00e1ctica es \u00abmolesta\u00bb durante la pr\u00e1ctica de yoga. No tiene sentido irritar a\u00fan m\u00e1s el Vata Dosha. Hacer inhalaciones y exhalaciones largas tiene un efecto calmante. Los que dominan la respiraci\u00f3n Ujjayi pueden dirigir la respiraci\u00f3n en estricta medida y permanecer en la asana hasta que la respiraci\u00f3n, la mente y el cuerpo formen una unidad y todo el entorno se desvanezca en el fondo<\/span><\/p>\n<h3 style=\"text-align: justify;\"><strong>El\u202fcamino\u202f\u00f3ctuple<\/strong><\/h3>\n<p style=\"text-align: justify;\">El\u202fYoga Sutra de\u202fPatanjali\u202fhabla\u202fde\u202fun\u202fcamino\u202f\u00f3ctuple.<\/p>\n<h4 style=\"text-align: justify;\">Estas\u202fson\u202flas\u202fsugerencias:<\/h4>\n<h4 style=\"text-align: justify;\">1. Para lidiar con el medio ambiente: Yama<br \/>\n2.\u202fPara\u202ftratar\u202fcon\u202funo mismo:\u202fNiyama<br \/>\n3.\u202fPara el\u202fejercicio f\u00edsico: Asana (\u00a1aqu\u00ed s\u00f3lo existe la postura sentada estable y c\u00f3moda!)<br \/>\n4.\u202fPara\u202fla respiraci\u00f3n\u202fy\u202fla energ\u00eda\u202fde trabajo: Pranayama<br \/>\n5.\u202fPara\u202fcentrarse\u202fy\u202ftratar\u202flas\u202fcondiciones\u202finternas:\u202fPratyahara<br \/>\n6.\u202fPara la\u202fconcentraci\u00f3n:\u202fDharana<br \/>\n7.\u202fPara la\u202fmeditaci\u00f3n:\u202fDhyana<br \/>\n8. Para la contemplaci\u00f3n: Samadhi.\u202fEn caso de\u202fVata\u202fexcesivo, se recomiendan per\u00edodos de descanso.<\/h4>\n<p>&nbsp;<\/p>\n<h4>Direcci\u00f3n de\u202fcontacto:<br \/>\nKerstin\u202fTschinkowitz<br \/>\nFreiestrasse 44<br \/>\nCH-2502 Biel \/ Bienne<br \/>\n<span style=\"color: #0000ff;\"><a style=\"color: #0000ff;\" href=\"mailto:info@ayurvedabalance.ch\">info@ayurvedabalance.ch<\/a><\/span><\/h4>\n<p>&nbsp;<\/p>\n<h5>Foto: \u00a9 Johannes Stasing,\u00a0<span style=\"color: #0000ff;\"> <a style=\"color: #0000ff;\" href=\"http:\/\/www.sta-fotografie.de\">www.sta-fotografie.de<\/a><\/span><\/h5>\n","protected":false},"excerpt":{"rendered":"<p>Vata\u202fDosha Como\u202fla\u202fsensibilidad \u202fVata \u202fDosha,\u202fviene determinada\u202fpor\u202fel espacio\u202fy el\u202felemento aire,\u202fentra\u202ff\u00e1cilmente\u202fen\u202fequilibrio\u202fy suavemente lo\u202fmantiene\u202fcon\u202fla\u202fpareja perfecta de\u202fAyurveda y Yoga. Para\u202fentender\u202fc\u00f3mo y por qu\u00e9\u202fel\u202fAyurveda y el Yoga\u202fse complementan maravillosamente entre ellos, se\u202fnecesitan\u202fun\u202fpoco de conocimientos\u202fde filosof\u00eda.\u202fEsto\u202fhace\u202fcomprensible de manera que la pr\u00e1ctica de yoga apoya la terapia ayurvedica de una manera sostenible.\u202fLo que\u202fnos saca del equilibrio y lo que nos devuelve a \u00e9l no solo tiene que ver con las circunstancias personales de la vida sino con nuestra constituci\u00f3n b\u00e1sica. Al igual que el Ayurveda,\u202fel\u202fyoga\u202fcl\u00e1sico\u202fse\u202fbasa\u202fen\u202fla\u202ffilosof\u00eda\u202fde\u202fSamkhya\u202f.\u202fEste\u202fmodelo\u202fde\u202fcreaci\u00f3n\u202fasu-me\u202fque\u202ftodo el\u202fmundo visible\u202fse origina\u202fa partir de\u202fdos\u202fprincipios b\u00e1sicos: Por\u202fun\u202flado,\u202fel principio\u202ffemenino,\u202fla\u202fmateria prima\u202fPrakriti\u202f.\u202fAl principio, a\u00fan sin manifestarse, tres fuerzas descansan en \u00e9l, estas son las Mahagunas, que se entienden como instintos, tendencias, cualidades o factores de influencia: Sattva luminoso, Rajas m\u00f3vil y Tamas manifiesto. Purusha\u202fest\u00e1\u202facompa\u00f1ado\u202fpor\u202fPakriti. Purusha, la conciencia pura y clara, puede entenderse como el principio masculino. Debido a la cercan\u00eda de Purusha, la Prakriti en reposo se desequilibr\u00f3 y comenz\u00f3 a bailar. Las tres fuerzas se conectaron entre s\u00ed y surgieron otros principios: Buddhi, la conciencia; Ahamkara, la identificaci\u00f3n individual y Citta o Manas, la mente. Adem\u00e1s, se crearon los Mahabhutas: los elementos espacio, aire, fuego, agua y tierra. Podemos percibir las caracter\u00edsticas en sinton\u00eda con esos elementos &#8211; como la base de la naturaleza y [&hellip;]<\/p>\n","protected":false},"author":12,"featured_media":22172,"comment_status":"closed","ping_status":"closed","sticky":false,"template":"","format":"standard","meta":{"footnotes":""},"categories":[440],"tags":[544],"class_list":["post-23036","post","type-post","status-publish","format-standard","has-post-thumbnail","hentry","category-la-medicina-ayurvedica","tag-ayurveda-salud"],"yoast_head":"<!-- This site is optimized with the Yoast SEO plugin v27.5 - https:\/\/yoast.com\/product\/yoast-seo-wordpress\/ -->\n<title>Ayurveda y Yoga - Paracelsus Magazin<\/title>\n<meta name=\"robots\" content=\"index, follow, max-snippet:-1, max-image-preview:large, max-video-preview:-1\" \/>\n<link rel=\"canonical\" href=\"https:\/\/www.paracelsus-magazin.ch\/es\/la-medicina-ayurvedica\/ayurveda-y-yoga\/\" \/>\n<meta property=\"og:locale\" content=\"es_ES\" \/>\n<meta property=\"og:type\" content=\"article\" \/>\n<meta property=\"og:title\" content=\"Ayurveda y Yoga - Paracelsus Magazin\" \/>\n<meta property=\"og:description\" content=\"Vata\u202fDosha Como\u202fla\u202fsensibilidad \u202fVata \u202fDosha,\u202fviene determinada\u202fpor\u202fel espacio\u202fy el\u202felemento aire,\u202fentra\u202ff\u00e1cilmente\u202fen\u202fequilibrio\u202fy suavemente lo\u202fmantiene\u202fcon\u202fla\u202fpareja perfecta de\u202fAyurveda y Yoga. Para\u202fentender\u202fc\u00f3mo y por qu\u00e9\u202fel\u202fAyurveda y el Yoga\u202fse complementan maravillosamente entre ellos, se\u202fnecesitan\u202fun\u202fpoco de conocimientos\u202fde filosof\u00eda.\u202fEsto\u202fhace\u202fcomprensible de manera que la pr\u00e1ctica de yoga apoya la terapia ayurvedica de una manera sostenible.\u202fLo que\u202fnos saca del equilibrio y lo que nos devuelve a \u00e9l no solo tiene que ver con las circunstancias personales de la vida sino con nuestra constituci\u00f3n b\u00e1sica. Al igual que el Ayurveda,\u202fel\u202fyoga\u202fcl\u00e1sico\u202fse\u202fbasa\u202fen\u202fla\u202ffilosof\u00eda\u202fde\u202fSamkhya\u202f.\u202fEste\u202fmodelo\u202fde\u202fcreaci\u00f3n\u202fasu-me\u202fque\u202ftodo el\u202fmundo visible\u202fse origina\u202fa partir de\u202fdos\u202fprincipios b\u00e1sicos: Por\u202fun\u202flado,\u202fel principio\u202ffemenino,\u202fla\u202fmateria prima\u202fPrakriti\u202f.\u202fAl principio, a\u00fan sin manifestarse, tres fuerzas descansan en \u00e9l, estas son las Mahagunas, que se entienden como instintos, tendencias, cualidades o factores de influencia: Sattva luminoso, Rajas m\u00f3vil y Tamas manifiesto. Purusha\u202fest\u00e1\u202facompa\u00f1ado\u202fpor\u202fPakriti. Purusha, la conciencia pura y clara, puede entenderse como el principio masculino. Debido a la cercan\u00eda de Purusha, la Prakriti en reposo se desequilibr\u00f3 y comenz\u00f3 a bailar. Las tres fuerzas se conectaron entre s\u00ed y surgieron otros principios: Buddhi, la conciencia; Ahamkara, la identificaci\u00f3n individual y Citta o Manas, la mente. Adem\u00e1s, se crearon los Mahabhutas: los elementos espacio, aire, fuego, agua y tierra. Podemos percibir las caracter\u00edsticas en sinton\u00eda con esos elementos &#8211; como la base de la naturaleza y [&hellip;]\" \/>\n<meta property=\"og:url\" content=\"https:\/\/www.paracelsus-magazin.ch\/es\/la-medicina-ayurvedica\/ayurveda-y-yoga\/\" \/>\n<meta property=\"og:site_name\" content=\"Paracelsus Magazin\" \/>\n<meta property=\"article:publisher\" content=\"https:\/\/www.facebook.com\/Paracelsus-Magazin-436487499874780\/\" \/>\n<meta property=\"article:published_time\" content=\"2021-09-09T07:25:34+00:00\" \/>\n<meta property=\"article:modified_time\" content=\"2022-09-04T18:47:20+00:00\" \/>\n<meta property=\"og:image\" content=\"https:\/\/www.paracelsus-magazin.ch\/wp-content\/uploads\/2021\/03\/DSC_2493.jpeg\" \/>\n\t<meta property=\"og:image:width\" content=\"1200\" \/>\n\t<meta property=\"og:image:height\" content=\"675\" \/>\n\t<meta property=\"og:image:type\" content=\"image\/jpeg\" \/>\n<meta name=\"author\" content=\"Kerstin Tschinkowitz\" \/>\n<meta name=\"twitter:card\" content=\"summary_large_image\" \/>\n<meta name=\"twitter:label1\" content=\"Escrito por\" \/>\n\t<meta name=\"twitter:data1\" content=\"Kerstin Tschinkowitz\" \/>\n\t<meta name=\"twitter:label2\" content=\"Tiempo de lectura\" \/>\n\t<meta name=\"twitter:data2\" content=\"12 minutos\" \/>\n<script type=\"application\/ld+json\" class=\"yoast-schema-graph\">{\"@context\":\"https:\\\/\\\/schema.org\",\"@graph\":[{\"@type\":\"Article\",\"@id\":\"https:\\\/\\\/www.paracelsus-magazin.ch\\\/es\\\/la-medicina-ayurvedica\\\/ayurveda-y-yoga\\\/#article\",\"isPartOf\":{\"@id\":\"https:\\\/\\\/www.paracelsus-magazin.ch\\\/es\\\/la-medicina-ayurvedica\\\/ayurveda-y-yoga\\\/\"},\"author\":{\"name\":\"Kerstin Tschinkowitz\",\"@id\":\"https:\\\/\\\/www.paracelsus-magazin.ch\\\/es\\\/#\\\/schema\\\/person\\\/8e8e8450d43d9a570f69930faac20cd6\"},\"headline\":\"Ayurveda y Yoga\",\"datePublished\":\"2021-09-09T07:25:34+00:00\",\"dateModified\":\"2022-09-04T18:47:20+00:00\",\"mainEntityOfPage\":{\"@id\":\"https:\\\/\\\/www.paracelsus-magazin.ch\\\/es\\\/la-medicina-ayurvedica\\\/ayurveda-y-yoga\\\/\"},\"wordCount\":2318,\"publisher\":{\"@id\":\"https:\\\/\\\/www.paracelsus-magazin.ch\\\/es\\\/#organization\"},\"image\":{\"@id\":\"https:\\\/\\\/www.paracelsus-magazin.ch\\\/es\\\/la-medicina-ayurvedica\\\/ayurveda-y-yoga\\\/#primaryimage\"},\"thumbnailUrl\":\"https:\\\/\\\/www.paracelsus-magazin.ch\\\/wp-content\\\/uploads\\\/2021\\\/03\\\/DSC_2493.jpeg\",\"keywords\":[\"Ayurveda Salud\"],\"articleSection\":[\"La medicina ayurv\u00e9dica\"],\"inLanguage\":\"es\"},{\"@type\":\"WebPage\",\"@id\":\"https:\\\/\\\/www.paracelsus-magazin.ch\\\/es\\\/la-medicina-ayurvedica\\\/ayurveda-y-yoga\\\/\",\"url\":\"https:\\\/\\\/www.paracelsus-magazin.ch\\\/es\\\/la-medicina-ayurvedica\\\/ayurveda-y-yoga\\\/\",\"name\":\"Ayurveda y Yoga - Paracelsus Magazin\",\"isPartOf\":{\"@id\":\"https:\\\/\\\/www.paracelsus-magazin.ch\\\/es\\\/#website\"},\"primaryImageOfPage\":{\"@id\":\"https:\\\/\\\/www.paracelsus-magazin.ch\\\/es\\\/la-medicina-ayurvedica\\\/ayurveda-y-yoga\\\/#primaryimage\"},\"image\":{\"@id\":\"https:\\\/\\\/www.paracelsus-magazin.ch\\\/es\\\/la-medicina-ayurvedica\\\/ayurveda-y-yoga\\\/#primaryimage\"},\"thumbnailUrl\":\"https:\\\/\\\/www.paracelsus-magazin.ch\\\/wp-content\\\/uploads\\\/2021\\\/03\\\/DSC_2493.jpeg\",\"datePublished\":\"2021-09-09T07:25:34+00:00\",\"dateModified\":\"2022-09-04T18:47:20+00:00\",\"breadcrumb\":{\"@id\":\"https:\\\/\\\/www.paracelsus-magazin.ch\\\/es\\\/la-medicina-ayurvedica\\\/ayurveda-y-yoga\\\/#breadcrumb\"},\"inLanguage\":\"es\",\"potentialAction\":[{\"@type\":\"ReadAction\",\"target\":[\"https:\\\/\\\/www.paracelsus-magazin.ch\\\/es\\\/la-medicina-ayurvedica\\\/ayurveda-y-yoga\\\/\"]}]},{\"@type\":\"ImageObject\",\"inLanguage\":\"es\",\"@id\":\"https:\\\/\\\/www.paracelsus-magazin.ch\\\/es\\\/la-medicina-ayurvedica\\\/ayurveda-y-yoga\\\/#primaryimage\",\"url\":\"https:\\\/\\\/www.paracelsus-magazin.ch\\\/wp-content\\\/uploads\\\/2021\\\/03\\\/DSC_2493.jpeg\",\"contentUrl\":\"https:\\\/\\\/www.paracelsus-magazin.ch\\\/wp-content\\\/uploads\\\/2021\\\/03\\\/DSC_2493.jpeg\",\"width\":1200,\"height\":675},{\"@type\":\"BreadcrumbList\",\"@id\":\"https:\\\/\\\/www.paracelsus-magazin.ch\\\/es\\\/la-medicina-ayurvedica\\\/ayurveda-y-yoga\\\/#breadcrumb\",\"itemListElement\":[{\"@type\":\"ListItem\",\"position\":1,\"name\":\"Startseite\",\"item\":\"https:\\\/\\\/www.paracelsus-magazin.ch\\\/es\\\/\"},{\"@type\":\"ListItem\",\"position\":2,\"name\":\"Ayurveda y Yoga\"}]},{\"@type\":\"WebSite\",\"@id\":\"https:\\\/\\\/www.paracelsus-magazin.ch\\\/es\\\/#website\",\"url\":\"https:\\\/\\\/www.paracelsus-magazin.ch\\\/es\\\/\",\"name\":\"Paracelsus Magazin\",\"description\":\"Health &amp; Healing Magazin\",\"publisher\":{\"@id\":\"https:\\\/\\\/www.paracelsus-magazin.ch\\\/es\\\/#organization\"},\"potentialAction\":[{\"@type\":\"SearchAction\",\"target\":{\"@type\":\"EntryPoint\",\"urlTemplate\":\"https:\\\/\\\/www.paracelsus-magazin.ch\\\/es\\\/?s={search_term_string}\"},\"query-input\":{\"@type\":\"PropertyValueSpecification\",\"valueRequired\":true,\"valueName\":\"search_term_string\"}}],\"inLanguage\":\"es\"},{\"@type\":\"Organization\",\"@id\":\"https:\\\/\\\/www.paracelsus-magazin.ch\\\/es\\\/#organization\",\"name\":\"Paracelsus Magazin\",\"url\":\"https:\\\/\\\/www.paracelsus-magazin.ch\\\/es\\\/\",\"logo\":{\"@type\":\"ImageObject\",\"inLanguage\":\"es\",\"@id\":\"https:\\\/\\\/www.paracelsus-magazin.ch\\\/es\\\/#\\\/schema\\\/logo\\\/image\\\/\",\"url\":\"https:\\\/\\\/www.paracelsus-magazin.ch\\\/wp-content\\\/uploads\\\/2023\\\/08\\\/logo-paracelsus-magazin-sqaure.jpg\",\"contentUrl\":\"https:\\\/\\\/www.paracelsus-magazin.ch\\\/wp-content\\\/uploads\\\/2023\\\/08\\\/logo-paracelsus-magazin-sqaure.jpg\",\"width\":696,\"height\":696,\"caption\":\"Paracelsus Magazin\"},\"image\":{\"@id\":\"https:\\\/\\\/www.paracelsus-magazin.ch\\\/es\\\/#\\\/schema\\\/logo\\\/image\\\/\"},\"sameAs\":[\"https:\\\/\\\/www.facebook.com\\\/Paracelsus-Magazin-436487499874780\\\/\"]},{\"@type\":\"Person\",\"@id\":\"https:\\\/\\\/www.paracelsus-magazin.ch\\\/es\\\/#\\\/schema\\\/person\\\/8e8e8450d43d9a570f69930faac20cd6\",\"name\":\"Kerstin Tschinkowitz\",\"image\":{\"@type\":\"ImageObject\",\"inLanguage\":\"es\",\"@id\":\"https:\\\/\\\/secure.gravatar.com\\\/avatar\\\/4897776eb9d1844596f518938f045e1e34821abe687582008148aec23a7a0411?s=96&d=mm&r=g\",\"url\":\"https:\\\/\\\/secure.gravatar.com\\\/avatar\\\/4897776eb9d1844596f518938f045e1e34821abe687582008148aec23a7a0411?s=96&d=mm&r=g\",\"contentUrl\":\"https:\\\/\\\/secure.gravatar.com\\\/avatar\\\/4897776eb9d1844596f518938f045e1e34821abe687582008148aec23a7a0411?s=96&d=mm&r=g\",\"caption\":\"Kerstin Tschinkowitz\"},\"description\":\"Als Krankenschwester und Ethnologin besch\u00e4ftigt sich Kerstin Tschinkowitz seit vielen Jahren mit dem Studium der Naturheilkunde verschiedener V\u00f6lker. Dabei gab ihr die Begegnung mit der Ayurveda- Medizin v\u00f6llig neue Impulse im Umgang mit Gesundheitsf\u00f6rderung, ganzheitlicher Lebensorientierung und Lebensf\u00fchrung und bestimmt ihre Therapie seit vielen Jahren. Frau Kerstin Tschinkowitz ist Ayurveda-Spezialistin, Heilpraktikerin und Natur\u00e4rztin in eigener Praxis in Biel CH.\",\"url\":\"https:\\\/\\\/www.paracelsus-magazin.ch\\\/es\\\/author\\\/kerstin-tschinkowitz\\\/\"}]}<\/script>\n<!-- \/ Yoast SEO plugin. -->","yoast_head_json":{"title":"Ayurveda y Yoga - Paracelsus Magazin","robots":{"index":"index","follow":"follow","max-snippet":"max-snippet:-1","max-image-preview":"max-image-preview:large","max-video-preview":"max-video-preview:-1"},"canonical":"https:\/\/www.paracelsus-magazin.ch\/es\/la-medicina-ayurvedica\/ayurveda-y-yoga\/","og_locale":"es_ES","og_type":"article","og_title":"Ayurveda y Yoga - Paracelsus Magazin","og_description":"Vata\u202fDosha Como\u202fla\u202fsensibilidad \u202fVata \u202fDosha,\u202fviene determinada\u202fpor\u202fel espacio\u202fy el\u202felemento aire,\u202fentra\u202ff\u00e1cilmente\u202fen\u202fequilibrio\u202fy suavemente lo\u202fmantiene\u202fcon\u202fla\u202fpareja perfecta de\u202fAyurveda y Yoga. Para\u202fentender\u202fc\u00f3mo y por qu\u00e9\u202fel\u202fAyurveda y el Yoga\u202fse complementan maravillosamente entre ellos, se\u202fnecesitan\u202fun\u202fpoco de conocimientos\u202fde filosof\u00eda.\u202fEsto\u202fhace\u202fcomprensible de manera que la pr\u00e1ctica de yoga apoya la terapia ayurvedica de una manera sostenible.\u202fLo que\u202fnos saca del equilibrio y lo que nos devuelve a \u00e9l no solo tiene que ver con las circunstancias personales de la vida sino con nuestra constituci\u00f3n b\u00e1sica. Al igual que el Ayurveda,\u202fel\u202fyoga\u202fcl\u00e1sico\u202fse\u202fbasa\u202fen\u202fla\u202ffilosof\u00eda\u202fde\u202fSamkhya\u202f.\u202fEste\u202fmodelo\u202fde\u202fcreaci\u00f3n\u202fasu-me\u202fque\u202ftodo el\u202fmundo visible\u202fse origina\u202fa partir de\u202fdos\u202fprincipios b\u00e1sicos: Por\u202fun\u202flado,\u202fel principio\u202ffemenino,\u202fla\u202fmateria prima\u202fPrakriti\u202f.\u202fAl principio, a\u00fan sin manifestarse, tres fuerzas descansan en \u00e9l, estas son las Mahagunas, que se entienden como instintos, tendencias, cualidades o factores de influencia: Sattva luminoso, Rajas m\u00f3vil y Tamas manifiesto. Purusha\u202fest\u00e1\u202facompa\u00f1ado\u202fpor\u202fPakriti. Purusha, la conciencia pura y clara, puede entenderse como el principio masculino. Debido a la cercan\u00eda de Purusha, la Prakriti en reposo se desequilibr\u00f3 y comenz\u00f3 a bailar. Las tres fuerzas se conectaron entre s\u00ed y surgieron otros principios: Buddhi, la conciencia; Ahamkara, la identificaci\u00f3n individual y Citta o Manas, la mente. Adem\u00e1s, se crearon los Mahabhutas: los elementos espacio, aire, fuego, agua y tierra. Podemos percibir las caracter\u00edsticas en sinton\u00eda con esos elementos &#8211; como la base de la naturaleza y [&hellip;]","og_url":"https:\/\/www.paracelsus-magazin.ch\/es\/la-medicina-ayurvedica\/ayurveda-y-yoga\/","og_site_name":"Paracelsus Magazin","article_publisher":"https:\/\/www.facebook.com\/Paracelsus-Magazin-436487499874780\/","article_published_time":"2021-09-09T07:25:34+00:00","article_modified_time":"2022-09-04T18:47:20+00:00","og_image":[{"width":1200,"height":675,"url":"https:\/\/www.paracelsus-magazin.ch\/wp-content\/uploads\/2021\/03\/DSC_2493.jpeg","type":"image\/jpeg"}],"author":"Kerstin Tschinkowitz","twitter_card":"summary_large_image","twitter_misc":{"Escrito por":"Kerstin Tschinkowitz","Tiempo de lectura":"12 minutos"},"schema":{"@context":"https:\/\/schema.org","@graph":[{"@type":"Article","@id":"https:\/\/www.paracelsus-magazin.ch\/es\/la-medicina-ayurvedica\/ayurveda-y-yoga\/#article","isPartOf":{"@id":"https:\/\/www.paracelsus-magazin.ch\/es\/la-medicina-ayurvedica\/ayurveda-y-yoga\/"},"author":{"name":"Kerstin Tschinkowitz","@id":"https:\/\/www.paracelsus-magazin.ch\/es\/#\/schema\/person\/8e8e8450d43d9a570f69930faac20cd6"},"headline":"Ayurveda y Yoga","datePublished":"2021-09-09T07:25:34+00:00","dateModified":"2022-09-04T18:47:20+00:00","mainEntityOfPage":{"@id":"https:\/\/www.paracelsus-magazin.ch\/es\/la-medicina-ayurvedica\/ayurveda-y-yoga\/"},"wordCount":2318,"publisher":{"@id":"https:\/\/www.paracelsus-magazin.ch\/es\/#organization"},"image":{"@id":"https:\/\/www.paracelsus-magazin.ch\/es\/la-medicina-ayurvedica\/ayurveda-y-yoga\/#primaryimage"},"thumbnailUrl":"https:\/\/www.paracelsus-magazin.ch\/wp-content\/uploads\/2021\/03\/DSC_2493.jpeg","keywords":["Ayurveda Salud"],"articleSection":["La medicina ayurv\u00e9dica"],"inLanguage":"es"},{"@type":"WebPage","@id":"https:\/\/www.paracelsus-magazin.ch\/es\/la-medicina-ayurvedica\/ayurveda-y-yoga\/","url":"https:\/\/www.paracelsus-magazin.ch\/es\/la-medicina-ayurvedica\/ayurveda-y-yoga\/","name":"Ayurveda y Yoga - Paracelsus Magazin","isPartOf":{"@id":"https:\/\/www.paracelsus-magazin.ch\/es\/#website"},"primaryImageOfPage":{"@id":"https:\/\/www.paracelsus-magazin.ch\/es\/la-medicina-ayurvedica\/ayurveda-y-yoga\/#primaryimage"},"image":{"@id":"https:\/\/www.paracelsus-magazin.ch\/es\/la-medicina-ayurvedica\/ayurveda-y-yoga\/#primaryimage"},"thumbnailUrl":"https:\/\/www.paracelsus-magazin.ch\/wp-content\/uploads\/2021\/03\/DSC_2493.jpeg","datePublished":"2021-09-09T07:25:34+00:00","dateModified":"2022-09-04T18:47:20+00:00","breadcrumb":{"@id":"https:\/\/www.paracelsus-magazin.ch\/es\/la-medicina-ayurvedica\/ayurveda-y-yoga\/#breadcrumb"},"inLanguage":"es","potentialAction":[{"@type":"ReadAction","target":["https:\/\/www.paracelsus-magazin.ch\/es\/la-medicina-ayurvedica\/ayurveda-y-yoga\/"]}]},{"@type":"ImageObject","inLanguage":"es","@id":"https:\/\/www.paracelsus-magazin.ch\/es\/la-medicina-ayurvedica\/ayurveda-y-yoga\/#primaryimage","url":"https:\/\/www.paracelsus-magazin.ch\/wp-content\/uploads\/2021\/03\/DSC_2493.jpeg","contentUrl":"https:\/\/www.paracelsus-magazin.ch\/wp-content\/uploads\/2021\/03\/DSC_2493.jpeg","width":1200,"height":675},{"@type":"BreadcrumbList","@id":"https:\/\/www.paracelsus-magazin.ch\/es\/la-medicina-ayurvedica\/ayurveda-y-yoga\/#breadcrumb","itemListElement":[{"@type":"ListItem","position":1,"name":"Startseite","item":"https:\/\/www.paracelsus-magazin.ch\/es\/"},{"@type":"ListItem","position":2,"name":"Ayurveda y Yoga"}]},{"@type":"WebSite","@id":"https:\/\/www.paracelsus-magazin.ch\/es\/#website","url":"https:\/\/www.paracelsus-magazin.ch\/es\/","name":"Paracelsus Magazin","description":"Health &amp; Healing Magazin","publisher":{"@id":"https:\/\/www.paracelsus-magazin.ch\/es\/#organization"},"potentialAction":[{"@type":"SearchAction","target":{"@type":"EntryPoint","urlTemplate":"https:\/\/www.paracelsus-magazin.ch\/es\/?s={search_term_string}"},"query-input":{"@type":"PropertyValueSpecification","valueRequired":true,"valueName":"search_term_string"}}],"inLanguage":"es"},{"@type":"Organization","@id":"https:\/\/www.paracelsus-magazin.ch\/es\/#organization","name":"Paracelsus Magazin","url":"https:\/\/www.paracelsus-magazin.ch\/es\/","logo":{"@type":"ImageObject","inLanguage":"es","@id":"https:\/\/www.paracelsus-magazin.ch\/es\/#\/schema\/logo\/image\/","url":"https:\/\/www.paracelsus-magazin.ch\/wp-content\/uploads\/2023\/08\/logo-paracelsus-magazin-sqaure.jpg","contentUrl":"https:\/\/www.paracelsus-magazin.ch\/wp-content\/uploads\/2023\/08\/logo-paracelsus-magazin-sqaure.jpg","width":696,"height":696,"caption":"Paracelsus Magazin"},"image":{"@id":"https:\/\/www.paracelsus-magazin.ch\/es\/#\/schema\/logo\/image\/"},"sameAs":["https:\/\/www.facebook.com\/Paracelsus-Magazin-436487499874780\/"]},{"@type":"Person","@id":"https:\/\/www.paracelsus-magazin.ch\/es\/#\/schema\/person\/8e8e8450d43d9a570f69930faac20cd6","name":"Kerstin Tschinkowitz","image":{"@type":"ImageObject","inLanguage":"es","@id":"https:\/\/secure.gravatar.com\/avatar\/4897776eb9d1844596f518938f045e1e34821abe687582008148aec23a7a0411?s=96&d=mm&r=g","url":"https:\/\/secure.gravatar.com\/avatar\/4897776eb9d1844596f518938f045e1e34821abe687582008148aec23a7a0411?s=96&d=mm&r=g","contentUrl":"https:\/\/secure.gravatar.com\/avatar\/4897776eb9d1844596f518938f045e1e34821abe687582008148aec23a7a0411?s=96&d=mm&r=g","caption":"Kerstin Tschinkowitz"},"description":"Als Krankenschwester und Ethnologin besch\u00e4ftigt sich Kerstin Tschinkowitz seit vielen Jahren mit dem Studium der Naturheilkunde verschiedener V\u00f6lker. Dabei gab ihr die Begegnung mit der Ayurveda- Medizin v\u00f6llig neue Impulse im Umgang mit Gesundheitsf\u00f6rderung, ganzheitlicher Lebensorientierung und Lebensf\u00fchrung und bestimmt ihre Therapie seit vielen Jahren. Frau Kerstin Tschinkowitz ist Ayurveda-Spezialistin, Heilpraktikerin und Natur\u00e4rztin in eigener Praxis in Biel CH.","url":"https:\/\/www.paracelsus-magazin.ch\/es\/author\/kerstin-tschinkowitz\/"}]}},"_links":{"self":[{"href":"https:\/\/www.paracelsus-magazin.ch\/es\/wp-json\/wp\/v2\/posts\/23036","targetHints":{"allow":["GET"]}}],"collection":[{"href":"https:\/\/www.paracelsus-magazin.ch\/es\/wp-json\/wp\/v2\/posts"}],"about":[{"href":"https:\/\/www.paracelsus-magazin.ch\/es\/wp-json\/wp\/v2\/types\/post"}],"author":[{"embeddable":true,"href":"https:\/\/www.paracelsus-magazin.ch\/es\/wp-json\/wp\/v2\/users\/12"}],"replies":[{"embeddable":true,"href":"https:\/\/www.paracelsus-magazin.ch\/es\/wp-json\/wp\/v2\/comments?post=23036"}],"version-history":[{"count":0,"href":"https:\/\/www.paracelsus-magazin.ch\/es\/wp-json\/wp\/v2\/posts\/23036\/revisions"}],"wp:featuredmedia":[{"embeddable":true,"href":"https:\/\/www.paracelsus-magazin.ch\/es\/wp-json\/wp\/v2\/media\/22172"}],"wp:attachment":[{"href":"https:\/\/www.paracelsus-magazin.ch\/es\/wp-json\/wp\/v2\/media?parent=23036"}],"wp:term":[{"taxonomy":"category","embeddable":true,"href":"https:\/\/www.paracelsus-magazin.ch\/es\/wp-json\/wp\/v2\/categories?post=23036"},{"taxonomy":"post_tag","embeddable":true,"href":"https:\/\/www.paracelsus-magazin.ch\/es\/wp-json\/wp\/v2\/tags?post=23036"}],"curies":[{"name":"wp","href":"https:\/\/api.w.org\/{rel}","templated":true}]}}