{"id":22030,"date":"2021-03-06T17:59:26","date_gmt":"2021-03-06T16:59:26","guid":{"rendered":"https:\/\/www.paracelsus-magazin.ch\/?p=22030"},"modified":"2022-09-05T18:03:46","modified_gmt":"2022-09-05T16:03:46","slug":"alteracion-de-vata","status":"publish","type":"post","link":"https:\/\/www.paracelsus-magazin.ch\/es\/la-medicina-ayurvedica\/alteracion-de-vata\/","title":{"rendered":"Alteraci\u00f3n de Vata\u202f"},"content":{"rendered":"<h2><strong>Piernas inquietas<\/strong><\/h2>\n<p>Piernas inquietas es una enfermedad neurol\u00f3gica cuya causa y posibilidades de curaci\u00f3n a\u00fan se desconocen.\u202fEl Ayurveda tampoco describe este cuadro cl\u00ednico.\u202fSin embargo, est\u00e1 claro que se trata de una enfermedad del sistema nervioso central, que se manifiesta a trav\u00e9s de un exceso de la bioenerg\u00eda\u202fVata\u202f.<\/p>\n<p>Algunos \u00f3rganos vitales se describen aparentemente en los textos cl\u00e1sicos de Ayurveda solo de manera insuficiente para la comprensi\u00f3n m\u00e9dica de hoy en d\u00eda.\u202fSin embargo, esta apariencia es enga\u00f1osa, ya que la medicina ayurv\u00e9dica tiene enfoques diferentes.\u202fVale la pena seguir los extraordinarios m\u00e9todos de diagn\u00f3stico que abren una nueva comprensi\u00f3n del cuerpo y de las\u202frelaciones\u202fm\u00e9dicas.\u202fLa medicina ayurv\u00e9dica no se centra en un solo \u00f3rgano, como el cerebro.\u202fSe fija en los tejidos del cuerpo y en los principios din\u00e1micos que\u202foperan\u202fen el cuerpo.\u202fPor medio de la sintomatolog\u00eda de las piernas inquietas, obtenemos una visi\u00f3n de la naturaleza de las enfermedades del sistema nervioso y del sistema musculoesquel\u00e9tico y\u202fcomprendemos\u202fmejor\u202fel enfoque ayurv\u00e9dico.<\/p>\n<p>La bioenerg\u00eda Vata, representada por los elementos aire y \u00e9ter, encarna el principio del movimiento.\u202fVata es sin\u00f3nimo de sistema nervioso central,\u202fel generador de impulsos de todas las formas de movimiento en la materia viva.\u202fControla los procesos de la musculatura y el\u202fsistema musculoesquel\u00e9tico, que en el Ayurveda forman una unidad funcional\u202fjuntos.\u202fPor esta raz\u00f3n, las enfermedades no se dividen en enfermedades nerviosas y musculares, sino que pertenecen a las enfermedades causadas por Vata, el Vata-Vyadhi.<\/p>\n<p>Aunque el S\u00edndrome de Piernas Inquietas (SPI) no se puede comparar con una enfermedad explicada en los textos ayurv\u00e9dicos, la similitud de los s\u00edntomas descritos permite realizar comparaciones y desarrollar enfoques terap\u00e9uticos eficaces.<\/p>\n<p>En el Ayurveda, la cabeza (Siras) se considera el punto inicial del prana, la energ\u00eda vital y todas las habilidades sensoriales y \u202flocomotoras.\u202fPor lo tanto, las enfermedades del sistema nervioso se dividen en sensoriales,\u202f locomotoras\u202fy una combinaci\u00f3n de trastornos sensoriales y motores.<\/p>\n<p>Vata es responsable de controlar las \u00e1reas m\u00e1s importantes del sistema nervioso central y perif\u00e9rico.\u202fAdem\u00e1s, los procesos de la base fisiol\u00f3gica est\u00e1n sujetos a ella.\u202fSi\u202f Vata pierde su \u202ffunci\u00f3n de control, se producen s\u00edntomas que est\u00e1n muy bien documentados en las antiguas escrituras y forman una base importante para la terapia del sistema nervioso central.<\/p>\n<p>La medicina cl\u00e1sica ve la causa de una enfermedad\u202fen\u202fel Majja Dhatu, el tejido de la m\u00e9dula.\u202fEl Majja Dhatu representa el cerebro, la m\u00e9dula\u202f\u00f3sea\u202fy la m\u00e9dula espinal.\u202fEl\u202ftratamiento y la regeneraci\u00f3n de este tejido es otro enfoque principal de la terapia ayurv\u00e9dica para las enfermedades del sistema nervioso central.<\/p>\n<p><strong>Agotamiento nervioso<\/strong><\/p>\n<p>Las caracter\u00edsticas b\u00e1sicas de la energ\u00eda Vata se pueden describir como secas, \u202f\u00e1speras, fr\u00edas, ligeras, sutiles y \u00e1giles.\u202fSi la energ\u00eda Vata aumenta en el cuerpo a largo plazo sin ser regulada, esto puede conducir a una sequedad excesiva de las capas protectoras de los nervios, que consisten b\u00e1sicamente en Kapha, es decir, elementos acuosos.\u202fLa p\u00e9rdida del elemento acuoso\u202faltera\u202fla fisiolog\u00eda y la anatom\u00eda y ataca el aislamiento\u202fy la protecci\u00f3n de los nervios y la conducci\u00f3n nerviosa.\u202fEn lenguaje coloquial \u201c\u202fLos nervios\u202fest\u00e1n agotados\u201d\u202f.<\/p>\n<p>Si esto ocurre\u202fr\u00e1pidamente y sin impedimentos, se manifiestan trastornos neurol\u00f3gicos graves.\u202fSi Vata altera los nervios de la extremidad inferior, los s\u00edntomas se manifiestan predominantemente en las piernas, como es el caso de Piernas Inquietas, por ejemplo. Sin embargo, el mismo mecanismo puede ser eficaz en cualquier parte del cuerpo.\u202fEn algunas personas que sufren de SPI, las sensaciones tambi\u00e9n ocurren en los brazos.<\/p>\n<p><em><strong>\u00abVata significael sistema nervioso central\u00bb<\/strong><\/em><\/p>\n<p>El desequilibrio de la bioenerg\u00eda Vata es el principal responsable de las enfermedades neurol\u00f3gicas.\u202fSin embargo, no se puede excluir que las bioenerg\u00edas Pitta y Kapha est\u00e9n involucradas en el proceso de la enfermedad y deben registrarse de acuerdo a la constituci\u00f3n.<\/p>\n<p><strong>Aliviar el dolor por medio del movimiento nervioso<\/strong><\/p>\n<p>La enfermedad del SPI se caracteriza por el impulso irresistible de mover las piernas.\u202fEspecialmente antes de quedarse dormido, estas alteraciones sensoriales se sienten fuertemente.\u202fLa inquietud se acompa\u00f1a a menudo de alteraciones sensoriales muy desagradables o dolorosas en las piernas.\u202fLos pacientes describen sensaciones de ardor, escozor, tirones, calambres o mordeduras,\u202fcomo por ejemplo\u202finsectos que se arrastran por la pierna.\u202fEl dolor puede variar de leve a severo.\u202fEsto\u202fafecta fuertemente\u202fla calidad del sue\u00f1o y la calidad s\u202fafectadas tienen la sensaci\u00f3n de que el dolor se alivia con el movimiento.\u202fPor lo tanto, siguen el impulso de mover las piernas, levantarse, caminar, cepillarse las piernas y tomar ba\u00f1os de pies fr\u00edos o calientes.<\/p>\n<p>Es dif\u00edcil para estas\u202fpersonas\u202fexpresar sus\u202fsentimientos con palabras.\u202fA menudo se diagnostican err\u00f3neamente durante a\u00f1os.\u202fEn general,\u202fla forma cl\u00e1sica\u202fconsiste en enviar a los pacientes a\u202flos neur\u00f3logos o a los psiquiatras\u202fque los tratan con la medicina convencional, es decir,\u202ff\u00e1rmacos, tranquilizantes de la clase de opi\u00e1ceos y agonistas de la dopamina (apoyo), tales como L-dopa.<\/p>\n<p><strong>Las mujeres\u202fse\u202fven afectadas con mayor frecuencia<\/strong><\/p>\n<p>Alrededor del\u202f5\u202fa\u202f10%\u202fde la poblaci\u00f3n de la\u202fEuropa occidental\u202f est\u00e1 afectada, y las \u202fPiernas Inquietas se producen con m\u00e1s frecuencia\u202fen\u202flas mujeres que\u202fen\u202flos hombres.\u202fEstas cifras reflejan de manera aproximada la prevalencia, ya que se espera un gran n\u00famero de casos no notificados.<\/p>\n<p>El desequilibrio de Vata es el principio causante de la enfermedad en el desarrollo de la mayor\u00eda de las enfermedades del sistema musculoesquel\u00e9tico.\u202fSus\u202fcaracter\u00edsticas, que son secas, \u00e1speras, fr\u00edas, ligeras, sutiles y m\u00f3viles, determinan la terapia.\u202fEl Ayurveda trabaja con principios opuestos en el tratamiento de los patrones de enfermedad.\u202fDado que el cuadro cl\u00ednico del SPI se caracteriza por el fr\u00edo, la sequedad y la inquietud, sustancias oleosas, c\u00e1lidas y nutritivas para equilibrar el desequilibrio.<\/p>\n<p><strong>Creando una isla de descanso con el Yoga<\/strong><\/p>\n<p>Se\u202fdispone de\u202funa amplia gama de\u202fm\u00e9todos\u202fde terapia.\u202fEmpezando con tratamientos manuales, como masajes nutritivos y riego con aceites y cataplasmas herbales apropiadas.\u202fLos llamados t\u00f3nicos herbales ayudan a estabilizar el flujo de prana en los nervios y\u202fen los Nadis en el plano f\u00edsico.\u202fEn el\u202fplano\u202fmental, apoyan al sistema nervioso para afrontar mejor el estr\u00e9s.\u202fEsto se apoya en particular en correcciones en el estilo de vida\u202fy la\u202fnutrici\u00f3n,\u202fcon\u202fyoga y ciertas t\u00e9cnicas de respiraci\u00f3n.<\/p>\n<p>Las hierbas de la medicina Rasayana, la ciencia de la regeneraci\u00f3n de los tejidos,\u202fayudan\u202fal cuerpo a\u202frecuperar\u202fla fuerza y la \u200b\u200bresistencia.\u202fIncluyen\u202ftodos los medicamentos, tratamientos y actividades que mejoran la calidad de todos los tejidos y aumentan la fuerza y la inmunidad.\u202fLas dipanas, hierbas estimulantes de Agni, tienen un efecto regulador sobre el Agni.<\/p>\n<p><em><strong>\u00abEl Ayurveda yla medicina convencional son complementarias entre s\u00ed\u201c<\/strong><\/em><\/p>\n<p>En el tratamiento de enfermedades neurol\u00f3gicas, el tratamiento por un\u202fm\u00e9dico\u202fo un natur\u00f3pata es muy recomendable.\u202fEl Ayurveda puede apoyar muy bien la terapia de la medicina convencional.\u202fUna cura ayurv\u00e9dica en una instituci\u00f3n de renombre es muy recomendable como base para la fase de terapia ambulatoria.<\/p>\n<p>Desconectado de la vida cotidiana, libre del estr\u00e9s diario, acompa\u00f1adas de una dieta ayurv\u00e9dica constitucional individual, las medidas curativas pueden desplegar su\u202famplio\u202fespectro\u202fde\u202feficacia.\u202fAyuda a reflexionar sobre los viejos h\u00e1bitos y a experimentar c\u00f3mo se percibe el cambio en la dieta y el estilo de vida.\u202fDespu\u00e9s, esto puede integrarse mejor en la vida cotidiana.<\/p>\n<p><strong>Reglas generales de nutrici\u00f3n y comportamiento.<\/strong><\/p>\n<p>Se recomienda una dieta reductora de Vata.\u202fComo el fuego digestivo se debilita en un desequilibrio Vata, es importante estimularlo, es decir, la comida debe estar cocida, f\u00e1cilmente digerible, tibia, aceitosa, grasosa y h\u00fameda.\u202fNo deber\u00edan faltar el\u202fsabor\u202fdulce, salado (no demasiado salado).\u202fLas comidas regulares en un ambiente tranquilo, los platos morosamente preparados con especias calientes, y comer la comida\u202flentamente ayudan\u202fa\u202fla\u202fdigesti\u00f3n.<\/p>\n<p>Las grasas de alta calidad refinan la comida y nutren los tejidos, por ejemplo, los aceites prensados \u200b\u200ben fr\u00edo y ghee.\u202fLa fruta dulce y otros dulces saludables nutren a Vata y pueden consumirse en cantidades suficientes, al igual que las nueces y las semillas.<\/p>\n<p>Las bebidas suficientemente calientes lo proporcionan al organismo la humedad adecuada.<\/p>\n<p>El caf\u00e9 y el alcohol se deben evitar.<\/p>\n<p>Se deben evitar los alimentos fr\u00edos, secos, muy picantes, amargos y astringentes, as\u00ed como el ayuno y las comidas irregulares.\u202fLa lechuga, las\u202flegumbres y los\u202falimentos que\u202fcausan flatulencias\u202faumentan Vata\u202fy,\u202fpor\u202flo\u202ftanto, deben reducirse\u202f.<\/p>\n<p>Para el d\u00eda a d\u00eda es importante evitar situaciones estresantes, la sobrecarga profesional y los est\u00edmulos de temperatura e integrar en la rutina diaria ejercicios de relajaci\u00f3n, de respiraci\u00f3n y de meditaci\u00f3n.<\/p>\n<h4>Direcci\u00f3n de contacto:<br \/>\nKerstin Tschinkowitz<br \/>\nOpen road 44<br \/>\nCH-2502 Biel \/ Bienne<br \/>\n<span style=\"color: #0000ff;\"><a style=\"color: #0000ff;\" href=\"mailto:info@ayurvedabalance.ch\">info@ayurvedabalance.ch<\/a><\/span><\/h4>\n<h5>Foto: \u00a9 Gerd Altmann, Pixabay<\/h5>\n","protected":false},"excerpt":{"rendered":"<p>Piernas inquietas Piernas inquietas es una enfermedad neurol\u00f3gica cuya causa y posibilidades de curaci\u00f3n a\u00fan se desconocen.\u202fEl Ayurveda tampoco describe este cuadro cl\u00ednico.\u202fSin embargo, est\u00e1 claro que se trata de una enfermedad del sistema nervioso central, que se manifiesta a trav\u00e9s de un exceso de la bioenerg\u00eda\u202fVata\u202f. Algunos \u00f3rganos vitales se describen aparentemente en los textos cl\u00e1sicos de Ayurveda solo de manera insuficiente para la comprensi\u00f3n m\u00e9dica de hoy en d\u00eda.\u202fSin embargo, esta apariencia es enga\u00f1osa, ya que la medicina ayurv\u00e9dica tiene enfoques diferentes.\u202fVale la pena seguir los extraordinarios m\u00e9todos de diagn\u00f3stico que abren una nueva comprensi\u00f3n del cuerpo y de las\u202frelaciones\u202fm\u00e9dicas.\u202fLa medicina ayurv\u00e9dica no se centra en un solo \u00f3rgano, como el cerebro.\u202fSe fija en los tejidos del cuerpo y en los principios din\u00e1micos que\u202foperan\u202fen el cuerpo.\u202fPor medio de la sintomatolog\u00eda de las piernas inquietas, obtenemos una visi\u00f3n de la naturaleza de las enfermedades del sistema nervioso y del sistema musculoesquel\u00e9tico y\u202fcomprendemos\u202fmejor\u202fel enfoque ayurv\u00e9dico. La bioenerg\u00eda Vata, representada por los elementos aire y \u00e9ter, encarna el principio del movimiento.\u202fVata es sin\u00f3nimo de sistema nervioso central,\u202fel generador de impulsos de todas las formas de movimiento en la materia viva.\u202fControla los procesos de la musculatura y el\u202fsistema musculoesquel\u00e9tico, que en el [&hellip;]<\/p>\n","protected":false},"author":12,"featured_media":20857,"comment_status":"closed","ping_status":"closed","sticky":false,"template":"","format":"standard","meta":{"footnotes":""},"categories":[440],"tags":[544],"class_list":["post-22030","post","type-post","status-publish","format-standard","has-post-thumbnail","hentry","category-la-medicina-ayurvedica","tag-ayurveda-salud"],"yoast_head":"<!-- This site is optimized with the Yoast SEO plugin v27.5 - https:\/\/yoast.com\/product\/yoast-seo-wordpress\/ -->\n<title>Alteraci\u00f3n de Vata\u202f - Paracelsus Magazin<\/title>\n<meta name=\"robots\" content=\"index, follow, max-snippet:-1, max-image-preview:large, max-video-preview:-1\" \/>\n<link rel=\"canonical\" href=\"https:\/\/www.paracelsus-magazin.ch\/es\/la-medicina-ayurvedica\/alteracion-de-vata\/\" \/>\n<meta property=\"og:locale\" content=\"es_ES\" \/>\n<meta property=\"og:type\" content=\"article\" \/>\n<meta property=\"og:title\" content=\"Alteraci\u00f3n de Vata\u202f - Paracelsus Magazin\" \/>\n<meta property=\"og:description\" content=\"Piernas inquietas Piernas inquietas es una enfermedad neurol\u00f3gica cuya causa y posibilidades de curaci\u00f3n a\u00fan se desconocen.\u202fEl Ayurveda tampoco describe este cuadro cl\u00ednico.\u202fSin embargo, est\u00e1 claro que se trata de una enfermedad del sistema nervioso central, que se manifiesta a trav\u00e9s de un exceso de la bioenerg\u00eda\u202fVata\u202f. Algunos \u00f3rganos vitales se describen aparentemente en los textos cl\u00e1sicos de Ayurveda solo de manera insuficiente para la comprensi\u00f3n m\u00e9dica de hoy en d\u00eda.\u202fSin embargo, esta apariencia es enga\u00f1osa, ya que la medicina ayurv\u00e9dica tiene enfoques diferentes.\u202fVale la pena seguir los extraordinarios m\u00e9todos de diagn\u00f3stico que abren una nueva comprensi\u00f3n del cuerpo y de las\u202frelaciones\u202fm\u00e9dicas.\u202fLa medicina ayurv\u00e9dica no se centra en un solo \u00f3rgano, como el cerebro.\u202fSe fija en los tejidos del cuerpo y en los principios din\u00e1micos que\u202foperan\u202fen el cuerpo.\u202fPor medio de la sintomatolog\u00eda de las piernas inquietas, obtenemos una visi\u00f3n de la naturaleza de las enfermedades del sistema nervioso y del sistema musculoesquel\u00e9tico y\u202fcomprendemos\u202fmejor\u202fel enfoque ayurv\u00e9dico. La bioenerg\u00eda Vata, representada por los elementos aire y \u00e9ter, encarna el principio del movimiento.\u202fVata es sin\u00f3nimo de sistema nervioso central,\u202fel generador de impulsos de todas las formas de movimiento en la materia viva.\u202fControla los procesos de la musculatura y el\u202fsistema musculoesquel\u00e9tico, que en el [&hellip;]\" \/>\n<meta property=\"og:url\" content=\"https:\/\/www.paracelsus-magazin.ch\/es\/la-medicina-ayurvedica\/alteracion-de-vata\/\" \/>\n<meta property=\"og:site_name\" content=\"Paracelsus Magazin\" \/>\n<meta property=\"article:publisher\" content=\"https:\/\/www.facebook.com\/Paracelsus-Magazin-436487499874780\/\" \/>\n<meta property=\"article:published_time\" content=\"2021-03-06T16:59:26+00:00\" \/>\n<meta property=\"article:modified_time\" content=\"2022-09-05T16:03:46+00:00\" \/>\n<meta property=\"og:image\" content=\"https:\/\/www.paracelsus-magazin.ch\/wp-content\/uploads\/2020\/10\/nerves-2728138_1920-830x466.jpeg\" \/>\n\t<meta property=\"og:image:width\" content=\"830\" \/>\n\t<meta property=\"og:image:height\" content=\"466\" \/>\n\t<meta property=\"og:image:type\" content=\"image\/jpeg\" \/>\n<meta name=\"author\" content=\"Kerstin Tschinkowitz\" \/>\n<meta name=\"twitter:card\" content=\"summary_large_image\" \/>\n<meta name=\"twitter:label1\" content=\"Escrito por\" \/>\n\t<meta name=\"twitter:data1\" content=\"Kerstin Tschinkowitz\" \/>\n\t<meta name=\"twitter:label2\" content=\"Tiempo de lectura\" \/>\n\t<meta name=\"twitter:data2\" content=\"8 minutos\" \/>\n<script type=\"application\/ld+json\" class=\"yoast-schema-graph\">{\"@context\":\"https:\\\/\\\/schema.org\",\"@graph\":[{\"@type\":\"Article\",\"@id\":\"https:\\\/\\\/www.paracelsus-magazin.ch\\\/es\\\/la-medicina-ayurvedica\\\/alteracion-de-vata\\\/#article\",\"isPartOf\":{\"@id\":\"https:\\\/\\\/www.paracelsus-magazin.ch\\\/es\\\/la-medicina-ayurvedica\\\/alteracion-de-vata\\\/\"},\"author\":{\"name\":\"Kerstin Tschinkowitz\",\"@id\":\"https:\\\/\\\/www.paracelsus-magazin.ch\\\/es\\\/#\\\/schema\\\/person\\\/8e8e8450d43d9a570f69930faac20cd6\"},\"headline\":\"Alteraci\u00f3n de Vata\u202f\",\"datePublished\":\"2021-03-06T16:59:26+00:00\",\"dateModified\":\"2022-09-05T16:03:46+00:00\",\"mainEntityOfPage\":{\"@id\":\"https:\\\/\\\/www.paracelsus-magazin.ch\\\/es\\\/la-medicina-ayurvedica\\\/alteracion-de-vata\\\/\"},\"wordCount\":1570,\"publisher\":{\"@id\":\"https:\\\/\\\/www.paracelsus-magazin.ch\\\/es\\\/#organization\"},\"image\":{\"@id\":\"https:\\\/\\\/www.paracelsus-magazin.ch\\\/es\\\/la-medicina-ayurvedica\\\/alteracion-de-vata\\\/#primaryimage\"},\"thumbnailUrl\":\"https:\\\/\\\/www.paracelsus-magazin.ch\\\/wp-content\\\/uploads\\\/2020\\\/10\\\/nerves-2728138_1920.jpeg\",\"keywords\":[\"Ayurveda Salud\"],\"articleSection\":[\"La medicina ayurv\u00e9dica\"],\"inLanguage\":\"es\"},{\"@type\":\"WebPage\",\"@id\":\"https:\\\/\\\/www.paracelsus-magazin.ch\\\/es\\\/la-medicina-ayurvedica\\\/alteracion-de-vata\\\/\",\"url\":\"https:\\\/\\\/www.paracelsus-magazin.ch\\\/es\\\/la-medicina-ayurvedica\\\/alteracion-de-vata\\\/\",\"name\":\"Alteraci\u00f3n de Vata\u202f - Paracelsus Magazin\",\"isPartOf\":{\"@id\":\"https:\\\/\\\/www.paracelsus-magazin.ch\\\/es\\\/#website\"},\"primaryImageOfPage\":{\"@id\":\"https:\\\/\\\/www.paracelsus-magazin.ch\\\/es\\\/la-medicina-ayurvedica\\\/alteracion-de-vata\\\/#primaryimage\"},\"image\":{\"@id\":\"https:\\\/\\\/www.paracelsus-magazin.ch\\\/es\\\/la-medicina-ayurvedica\\\/alteracion-de-vata\\\/#primaryimage\"},\"thumbnailUrl\":\"https:\\\/\\\/www.paracelsus-magazin.ch\\\/wp-content\\\/uploads\\\/2020\\\/10\\\/nerves-2728138_1920.jpeg\",\"datePublished\":\"2021-03-06T16:59:26+00:00\",\"dateModified\":\"2022-09-05T16:03:46+00:00\",\"breadcrumb\":{\"@id\":\"https:\\\/\\\/www.paracelsus-magazin.ch\\\/es\\\/la-medicina-ayurvedica\\\/alteracion-de-vata\\\/#breadcrumb\"},\"inLanguage\":\"es\",\"potentialAction\":[{\"@type\":\"ReadAction\",\"target\":[\"https:\\\/\\\/www.paracelsus-magazin.ch\\\/es\\\/la-medicina-ayurvedica\\\/alteracion-de-vata\\\/\"]}]},{\"@type\":\"ImageObject\",\"inLanguage\":\"es\",\"@id\":\"https:\\\/\\\/www.paracelsus-magazin.ch\\\/es\\\/la-medicina-ayurvedica\\\/alteracion-de-vata\\\/#primaryimage\",\"url\":\"https:\\\/\\\/www.paracelsus-magazin.ch\\\/wp-content\\\/uploads\\\/2020\\\/10\\\/nerves-2728138_1920.jpeg\",\"contentUrl\":\"https:\\\/\\\/www.paracelsus-magazin.ch\\\/wp-content\\\/uploads\\\/2020\\\/10\\\/nerves-2728138_1920.jpeg\",\"width\":1920,\"height\":1079},{\"@type\":\"BreadcrumbList\",\"@id\":\"https:\\\/\\\/www.paracelsus-magazin.ch\\\/es\\\/la-medicina-ayurvedica\\\/alteracion-de-vata\\\/#breadcrumb\",\"itemListElement\":[{\"@type\":\"ListItem\",\"position\":1,\"name\":\"Startseite\",\"item\":\"https:\\\/\\\/www.paracelsus-magazin.ch\\\/es\\\/\"},{\"@type\":\"ListItem\",\"position\":2,\"name\":\"Alteraci\u00f3n de Vata\u202f\"}]},{\"@type\":\"WebSite\",\"@id\":\"https:\\\/\\\/www.paracelsus-magazin.ch\\\/es\\\/#website\",\"url\":\"https:\\\/\\\/www.paracelsus-magazin.ch\\\/es\\\/\",\"name\":\"Paracelsus Magazin\",\"description\":\"Health &amp; Healing Magazin\",\"publisher\":{\"@id\":\"https:\\\/\\\/www.paracelsus-magazin.ch\\\/es\\\/#organization\"},\"potentialAction\":[{\"@type\":\"SearchAction\",\"target\":{\"@type\":\"EntryPoint\",\"urlTemplate\":\"https:\\\/\\\/www.paracelsus-magazin.ch\\\/es\\\/?s={search_term_string}\"},\"query-input\":{\"@type\":\"PropertyValueSpecification\",\"valueRequired\":true,\"valueName\":\"search_term_string\"}}],\"inLanguage\":\"es\"},{\"@type\":\"Organization\",\"@id\":\"https:\\\/\\\/www.paracelsus-magazin.ch\\\/es\\\/#organization\",\"name\":\"Paracelsus Magazin\",\"url\":\"https:\\\/\\\/www.paracelsus-magazin.ch\\\/es\\\/\",\"logo\":{\"@type\":\"ImageObject\",\"inLanguage\":\"es\",\"@id\":\"https:\\\/\\\/www.paracelsus-magazin.ch\\\/es\\\/#\\\/schema\\\/logo\\\/image\\\/\",\"url\":\"https:\\\/\\\/www.paracelsus-magazin.ch\\\/wp-content\\\/uploads\\\/2023\\\/08\\\/logo-paracelsus-magazin-sqaure.jpg\",\"contentUrl\":\"https:\\\/\\\/www.paracelsus-magazin.ch\\\/wp-content\\\/uploads\\\/2023\\\/08\\\/logo-paracelsus-magazin-sqaure.jpg\",\"width\":696,\"height\":696,\"caption\":\"Paracelsus Magazin\"},\"image\":{\"@id\":\"https:\\\/\\\/www.paracelsus-magazin.ch\\\/es\\\/#\\\/schema\\\/logo\\\/image\\\/\"},\"sameAs\":[\"https:\\\/\\\/www.facebook.com\\\/Paracelsus-Magazin-436487499874780\\\/\"]},{\"@type\":\"Person\",\"@id\":\"https:\\\/\\\/www.paracelsus-magazin.ch\\\/es\\\/#\\\/schema\\\/person\\\/8e8e8450d43d9a570f69930faac20cd6\",\"name\":\"Kerstin Tschinkowitz\",\"image\":{\"@type\":\"ImageObject\",\"inLanguage\":\"es\",\"@id\":\"https:\\\/\\\/secure.gravatar.com\\\/avatar\\\/4897776eb9d1844596f518938f045e1e34821abe687582008148aec23a7a0411?s=96&d=mm&r=g\",\"url\":\"https:\\\/\\\/secure.gravatar.com\\\/avatar\\\/4897776eb9d1844596f518938f045e1e34821abe687582008148aec23a7a0411?s=96&d=mm&r=g\",\"contentUrl\":\"https:\\\/\\\/secure.gravatar.com\\\/avatar\\\/4897776eb9d1844596f518938f045e1e34821abe687582008148aec23a7a0411?s=96&d=mm&r=g\",\"caption\":\"Kerstin Tschinkowitz\"},\"description\":\"Als Krankenschwester und Ethnologin besch\u00e4ftigt sich Kerstin Tschinkowitz seit vielen Jahren mit dem Studium der Naturheilkunde verschiedener V\u00f6lker. Dabei gab ihr die Begegnung mit der Ayurveda- Medizin v\u00f6llig neue Impulse im Umgang mit Gesundheitsf\u00f6rderung, ganzheitlicher Lebensorientierung und Lebensf\u00fchrung und bestimmt ihre Therapie seit vielen Jahren. Frau Kerstin Tschinkowitz ist Ayurveda-Spezialistin, Heilpraktikerin und Natur\u00e4rztin in eigener Praxis in Biel CH.\",\"url\":\"https:\\\/\\\/www.paracelsus-magazin.ch\\\/es\\\/author\\\/kerstin-tschinkowitz\\\/\"}]}<\/script>\n<!-- \/ Yoast SEO plugin. -->","yoast_head_json":{"title":"Alteraci\u00f3n de Vata\u202f - Paracelsus Magazin","robots":{"index":"index","follow":"follow","max-snippet":"max-snippet:-1","max-image-preview":"max-image-preview:large","max-video-preview":"max-video-preview:-1"},"canonical":"https:\/\/www.paracelsus-magazin.ch\/es\/la-medicina-ayurvedica\/alteracion-de-vata\/","og_locale":"es_ES","og_type":"article","og_title":"Alteraci\u00f3n de Vata\u202f - Paracelsus Magazin","og_description":"Piernas inquietas Piernas inquietas es una enfermedad neurol\u00f3gica cuya causa y posibilidades de curaci\u00f3n a\u00fan se desconocen.\u202fEl Ayurveda tampoco describe este cuadro cl\u00ednico.\u202fSin embargo, est\u00e1 claro que se trata de una enfermedad del sistema nervioso central, que se manifiesta a trav\u00e9s de un exceso de la bioenerg\u00eda\u202fVata\u202f. Algunos \u00f3rganos vitales se describen aparentemente en los textos cl\u00e1sicos de Ayurveda solo de manera insuficiente para la comprensi\u00f3n m\u00e9dica de hoy en d\u00eda.\u202fSin embargo, esta apariencia es enga\u00f1osa, ya que la medicina ayurv\u00e9dica tiene enfoques diferentes.\u202fVale la pena seguir los extraordinarios m\u00e9todos de diagn\u00f3stico que abren una nueva comprensi\u00f3n del cuerpo y de las\u202frelaciones\u202fm\u00e9dicas.\u202fLa medicina ayurv\u00e9dica no se centra en un solo \u00f3rgano, como el cerebro.\u202fSe fija en los tejidos del cuerpo y en los principios din\u00e1micos que\u202foperan\u202fen el cuerpo.\u202fPor medio de la sintomatolog\u00eda de las piernas inquietas, obtenemos una visi\u00f3n de la naturaleza de las enfermedades del sistema nervioso y del sistema musculoesquel\u00e9tico y\u202fcomprendemos\u202fmejor\u202fel enfoque ayurv\u00e9dico. La bioenerg\u00eda Vata, representada por los elementos aire y \u00e9ter, encarna el principio del movimiento.\u202fVata es sin\u00f3nimo de sistema nervioso central,\u202fel generador de impulsos de todas las formas de movimiento en la materia viva.\u202fControla los procesos de la musculatura y el\u202fsistema musculoesquel\u00e9tico, que en el [&hellip;]","og_url":"https:\/\/www.paracelsus-magazin.ch\/es\/la-medicina-ayurvedica\/alteracion-de-vata\/","og_site_name":"Paracelsus Magazin","article_publisher":"https:\/\/www.facebook.com\/Paracelsus-Magazin-436487499874780\/","article_published_time":"2021-03-06T16:59:26+00:00","article_modified_time":"2022-09-05T16:03:46+00:00","og_image":[{"width":830,"height":466,"url":"https:\/\/www.paracelsus-magazin.ch\/wp-content\/uploads\/2020\/10\/nerves-2728138_1920-830x466.jpeg","type":"image\/jpeg"}],"author":"Kerstin Tschinkowitz","twitter_card":"summary_large_image","twitter_misc":{"Escrito por":"Kerstin Tschinkowitz","Tiempo de lectura":"8 minutos"},"schema":{"@context":"https:\/\/schema.org","@graph":[{"@type":"Article","@id":"https:\/\/www.paracelsus-magazin.ch\/es\/la-medicina-ayurvedica\/alteracion-de-vata\/#article","isPartOf":{"@id":"https:\/\/www.paracelsus-magazin.ch\/es\/la-medicina-ayurvedica\/alteracion-de-vata\/"},"author":{"name":"Kerstin Tschinkowitz","@id":"https:\/\/www.paracelsus-magazin.ch\/es\/#\/schema\/person\/8e8e8450d43d9a570f69930faac20cd6"},"headline":"Alteraci\u00f3n de Vata\u202f","datePublished":"2021-03-06T16:59:26+00:00","dateModified":"2022-09-05T16:03:46+00:00","mainEntityOfPage":{"@id":"https:\/\/www.paracelsus-magazin.ch\/es\/la-medicina-ayurvedica\/alteracion-de-vata\/"},"wordCount":1570,"publisher":{"@id":"https:\/\/www.paracelsus-magazin.ch\/es\/#organization"},"image":{"@id":"https:\/\/www.paracelsus-magazin.ch\/es\/la-medicina-ayurvedica\/alteracion-de-vata\/#primaryimage"},"thumbnailUrl":"https:\/\/www.paracelsus-magazin.ch\/wp-content\/uploads\/2020\/10\/nerves-2728138_1920.jpeg","keywords":["Ayurveda Salud"],"articleSection":["La medicina ayurv\u00e9dica"],"inLanguage":"es"},{"@type":"WebPage","@id":"https:\/\/www.paracelsus-magazin.ch\/es\/la-medicina-ayurvedica\/alteracion-de-vata\/","url":"https:\/\/www.paracelsus-magazin.ch\/es\/la-medicina-ayurvedica\/alteracion-de-vata\/","name":"Alteraci\u00f3n de Vata\u202f - Paracelsus Magazin","isPartOf":{"@id":"https:\/\/www.paracelsus-magazin.ch\/es\/#website"},"primaryImageOfPage":{"@id":"https:\/\/www.paracelsus-magazin.ch\/es\/la-medicina-ayurvedica\/alteracion-de-vata\/#primaryimage"},"image":{"@id":"https:\/\/www.paracelsus-magazin.ch\/es\/la-medicina-ayurvedica\/alteracion-de-vata\/#primaryimage"},"thumbnailUrl":"https:\/\/www.paracelsus-magazin.ch\/wp-content\/uploads\/2020\/10\/nerves-2728138_1920.jpeg","datePublished":"2021-03-06T16:59:26+00:00","dateModified":"2022-09-05T16:03:46+00:00","breadcrumb":{"@id":"https:\/\/www.paracelsus-magazin.ch\/es\/la-medicina-ayurvedica\/alteracion-de-vata\/#breadcrumb"},"inLanguage":"es","potentialAction":[{"@type":"ReadAction","target":["https:\/\/www.paracelsus-magazin.ch\/es\/la-medicina-ayurvedica\/alteracion-de-vata\/"]}]},{"@type":"ImageObject","inLanguage":"es","@id":"https:\/\/www.paracelsus-magazin.ch\/es\/la-medicina-ayurvedica\/alteracion-de-vata\/#primaryimage","url":"https:\/\/www.paracelsus-magazin.ch\/wp-content\/uploads\/2020\/10\/nerves-2728138_1920.jpeg","contentUrl":"https:\/\/www.paracelsus-magazin.ch\/wp-content\/uploads\/2020\/10\/nerves-2728138_1920.jpeg","width":1920,"height":1079},{"@type":"BreadcrumbList","@id":"https:\/\/www.paracelsus-magazin.ch\/es\/la-medicina-ayurvedica\/alteracion-de-vata\/#breadcrumb","itemListElement":[{"@type":"ListItem","position":1,"name":"Startseite","item":"https:\/\/www.paracelsus-magazin.ch\/es\/"},{"@type":"ListItem","position":2,"name":"Alteraci\u00f3n de Vata\u202f"}]},{"@type":"WebSite","@id":"https:\/\/www.paracelsus-magazin.ch\/es\/#website","url":"https:\/\/www.paracelsus-magazin.ch\/es\/","name":"Paracelsus Magazin","description":"Health &amp; Healing Magazin","publisher":{"@id":"https:\/\/www.paracelsus-magazin.ch\/es\/#organization"},"potentialAction":[{"@type":"SearchAction","target":{"@type":"EntryPoint","urlTemplate":"https:\/\/www.paracelsus-magazin.ch\/es\/?s={search_term_string}"},"query-input":{"@type":"PropertyValueSpecification","valueRequired":true,"valueName":"search_term_string"}}],"inLanguage":"es"},{"@type":"Organization","@id":"https:\/\/www.paracelsus-magazin.ch\/es\/#organization","name":"Paracelsus Magazin","url":"https:\/\/www.paracelsus-magazin.ch\/es\/","logo":{"@type":"ImageObject","inLanguage":"es","@id":"https:\/\/www.paracelsus-magazin.ch\/es\/#\/schema\/logo\/image\/","url":"https:\/\/www.paracelsus-magazin.ch\/wp-content\/uploads\/2023\/08\/logo-paracelsus-magazin-sqaure.jpg","contentUrl":"https:\/\/www.paracelsus-magazin.ch\/wp-content\/uploads\/2023\/08\/logo-paracelsus-magazin-sqaure.jpg","width":696,"height":696,"caption":"Paracelsus Magazin"},"image":{"@id":"https:\/\/www.paracelsus-magazin.ch\/es\/#\/schema\/logo\/image\/"},"sameAs":["https:\/\/www.facebook.com\/Paracelsus-Magazin-436487499874780\/"]},{"@type":"Person","@id":"https:\/\/www.paracelsus-magazin.ch\/es\/#\/schema\/person\/8e8e8450d43d9a570f69930faac20cd6","name":"Kerstin Tschinkowitz","image":{"@type":"ImageObject","inLanguage":"es","@id":"https:\/\/secure.gravatar.com\/avatar\/4897776eb9d1844596f518938f045e1e34821abe687582008148aec23a7a0411?s=96&d=mm&r=g","url":"https:\/\/secure.gravatar.com\/avatar\/4897776eb9d1844596f518938f045e1e34821abe687582008148aec23a7a0411?s=96&d=mm&r=g","contentUrl":"https:\/\/secure.gravatar.com\/avatar\/4897776eb9d1844596f518938f045e1e34821abe687582008148aec23a7a0411?s=96&d=mm&r=g","caption":"Kerstin Tschinkowitz"},"description":"Als Krankenschwester und Ethnologin besch\u00e4ftigt sich Kerstin Tschinkowitz seit vielen Jahren mit dem Studium der Naturheilkunde verschiedener V\u00f6lker. Dabei gab ihr die Begegnung mit der Ayurveda- Medizin v\u00f6llig neue Impulse im Umgang mit Gesundheitsf\u00f6rderung, ganzheitlicher Lebensorientierung und Lebensf\u00fchrung und bestimmt ihre Therapie seit vielen Jahren. Frau Kerstin Tschinkowitz ist Ayurveda-Spezialistin, Heilpraktikerin und Natur\u00e4rztin in eigener Praxis in Biel CH.","url":"https:\/\/www.paracelsus-magazin.ch\/es\/author\/kerstin-tschinkowitz\/"}]}},"_links":{"self":[{"href":"https:\/\/www.paracelsus-magazin.ch\/es\/wp-json\/wp\/v2\/posts\/22030","targetHints":{"allow":["GET"]}}],"collection":[{"href":"https:\/\/www.paracelsus-magazin.ch\/es\/wp-json\/wp\/v2\/posts"}],"about":[{"href":"https:\/\/www.paracelsus-magazin.ch\/es\/wp-json\/wp\/v2\/types\/post"}],"author":[{"embeddable":true,"href":"https:\/\/www.paracelsus-magazin.ch\/es\/wp-json\/wp\/v2\/users\/12"}],"replies":[{"embeddable":true,"href":"https:\/\/www.paracelsus-magazin.ch\/es\/wp-json\/wp\/v2\/comments?post=22030"}],"version-history":[{"count":0,"href":"https:\/\/www.paracelsus-magazin.ch\/es\/wp-json\/wp\/v2\/posts\/22030\/revisions"}],"wp:featuredmedia":[{"embeddable":true,"href":"https:\/\/www.paracelsus-magazin.ch\/es\/wp-json\/wp\/v2\/media\/20857"}],"wp:attachment":[{"href":"https:\/\/www.paracelsus-magazin.ch\/es\/wp-json\/wp\/v2\/media?parent=22030"}],"wp:term":[{"taxonomy":"category","embeddable":true,"href":"https:\/\/www.paracelsus-magazin.ch\/es\/wp-json\/wp\/v2\/categories?post=22030"},{"taxonomy":"post_tag","embeddable":true,"href":"https:\/\/www.paracelsus-magazin.ch\/es\/wp-json\/wp\/v2\/tags?post=22030"}],"curies":[{"name":"wp","href":"https:\/\/api.w.org\/{rel}","templated":true}]}}