{"id":21565,"date":"2021-01-13T19:37:42","date_gmt":"2021-01-13T18:37:42","guid":{"rendered":"https:\/\/www.paracelsus-magazin.ch\/sin-categorizar\/la-red-eterica-planetaria\/"},"modified":"2022-09-04T21:10:05","modified_gmt":"2022-09-04T19:10:05","slug":"la-red-eterica-planetaria","status":"publish","type":"post","link":"https:\/\/www.paracelsus-magazin.ch\/es\/filosofia\/la-red-eterica-planetaria\/","title":{"rendered":"La red et\u00e9rica planetaria\u00a0"},"content":{"rendered":"<p>La Tierra emite un campo electromagn\u00e9tico que genera un oc\u00e9ano sutil de energ\u00eda que envuelve y determina los ritmos de la vida. El electroencefalograma de los mam\u00edferos es un fiel reflejo de la pulsaci\u00f3n de este campo, que influye sobre las polaridades biol\u00f3gicas y las micropart\u00edculas de magnetita contenidas en todo nuestro organismo. Estamos dotados con programas funcionales de recepci\u00f3n y procesamiento de este campo, cuyas alteraciones naturales y artificiales inciden en la calidad de la vida. Poseemos, por ejemplo, una especie de radar u \u00f3rgano magn\u00e9tico integrado por la actividad coordinada de la ep\u00edfisis, el hipot\u00e1lamo y la hip\u00f3fisis, que regula el equilibrio neurovegetativo y hormonal.<\/p>\n<p>El campo magn\u00e9tico terrestre se proyecta m\u00e1s all\u00e1 de la atm\u00f3sfera, e interact\u00faa con el campo electromagn\u00e9tico del Sol, determinando la forma e intensidad de la magnetosfera que nos envuelve. Vivimos en un campo de interacci\u00f3n entre la tierra y el cielo y, dentro de ese campo, cada zona de la Tierra expresa su campo magn\u00e9tico local. Todo el campo pulsa en una caverna de resonancia entre la litosfera y la ionosfera, estableciendo patrones de frecuencias que se han inscrito en nuestros programas celulares.<\/p>\n<p>Como antenas de una longitud de alrededor de 1,70 metros, los seres humanos estamos interactuando con frecuencias alrededor de 100 megahercios. Podemos considerar el ADN de cada c\u00e9lula como una antena de dos metros de longitud, que resuena a una frecuencia de 150 megahercios. Al unir las espirales del ADN de todas las c\u00e9lulas obtenemos una antena de unos diez mil millones de kil\u00f3metros cuya frecuencia de resonancia nos comunica con todo el sistema solar.<\/p>\n<p>Todas las rocas de la litosfera conforman el esqueleto de la Tierra. Los r\u00edos internos y externos conforman el sistema circulatorio. Las selvas son el sistema respiratorio y la biosfera toda constituye la antena inteligente de la tierra, all\u00ed donde la frecuencia de todos los reinos se eleva en la resonancia autocreativa de la vida org\u00e1nica. Gaia, la tierra viva, puede ser vista como un proceso din\u00e1mico de comunicaci\u00f3n arm\u00f3nica entre sus distintos \u00f3rganos y sistemas, como las placas continentales, los oc\u00e9anos, los r\u00edos, las selvas y las especies animales.<\/p>\n<p>Frente a los incendios forestales o las ondas epid\u00e9micas, los primeros \u00e1rboles que reciben el impacto, emiten se\u00f1ales que facilitan los procesos adaptativos en los otros \u00e1rboles del bosque. Abejas, s\u00e1balos, ping\u00fcinos, \u00e1rboles o seres humanos, todos los individuos en el seno de Gaia, son en realidad c\u00e9lulas que conforman tejidos y \u00f3rganos intercomunicados de esa gran vida. Adem\u00e1s de las se\u00f1ales qu\u00edmicas, las se\u00f1ales electromagn\u00e9ticas y los patrones de informaci\u00f3n sutil conforman una red de conectividad que mantiene unido al conjunto, reflejando la totalidad en cada una de sus partes. Cada uno de nuestros pensamientos, ideas y sentimientos se caracterizan, como las mol\u00e9culas, por patrones de vibraci\u00f3n en rangos espec\u00edficos de frecuencias que pueden entrar en resonancia con los patrones de la tierra.<\/p>\n<p>Las explosiones at\u00f3micas, las disrupciones sociales, los infartos en la econom\u00eda, los tsunamis del hambre y la injusticia, los terremotos de la intolerancia, perturban las se\u00f1ales que discurren por este complejo tejido de antenas que conforman en conjunto la red de intercomunicaci\u00f3n que sostiene la integridad de la madre tierra.<\/p>\n<p>Necesitamos eliminar la poluci\u00f3n generadora del ruido que impide la transferencia de las se\u00f1ales que conservaron por milenios la integridad de la naturaleza. Necesitamos vivificar la comunicaci\u00f3n entre el Norte y el Sur, entre Oriente y Occidente. Es urgente hoy trabajar en el cultivo de la tolerancia para que la belleza de la diversidad refleje la fortaleza de la integridad.<\/p>\n<p>Somos antenas de la tierra: all\u00ed donde llevamos la vibraci\u00f3n de la buena voluntad nace la paz y florece el amor. Desde Un mundo mejor proponemos un programa de servicio incondicional a nuestra madre tierra sembrando antenas que armonicen la energ\u00eda y restauren la comunicaci\u00f3n entre diferentes geograf\u00edas y culturas. No es un hecho nuevo. D\u00f3lmenes menhires, pir\u00e1mides y diferentes tipos de altares y ofrendas rituales han dado testimonio de ese profundo anhelo del ser humano para restaurar la comunicaci\u00f3n con las energ\u00edas celestes.<\/p>\n<p>Proponemos la siembra de antenas que restauren la comunicaci\u00f3n arm\u00f3nica entre monta\u00f1as y lugares sagrados de la tierra. Que las huellas de nuestro paso por los antiguos caminos de la vida sean como surcos f\u00e9rtiles donde germinen como notas las semillas de una nueva sinfon\u00eda de la tierra.<\/p>\n<h4><b><i>Contacto:<\/i><\/b><\/h4>\n<h5>Dr. Jorge Carvajal<br \/>\nC\/Coraz\u00f3n de Maria 82 Bajo<br \/>\n28002 Madrid<\/h5>\n<p><a href=\"mailto:cita@medicinaintegrativa.com\">cita@medicinaintegrativa.com<\/a><\/p>\n<h4><em>Foto: \u00a9\u00a0<\/em><i>Pexels, stein egil liland<\/i><\/h4>\n","protected":false},"excerpt":{"rendered":"<p>La Tierra emite un campo electromagn\u00e9tico que genera un oc\u00e9ano sutil de energ\u00eda que envuelve y determina los ritmos de la vida. El electroencefalograma de los mam\u00edferos es un fiel reflejo de la pulsaci\u00f3n de este campo, que influye sobre las polaridades biol\u00f3gicas y las micropart\u00edculas de magnetita contenidas en todo nuestro organismo. Estamos dotados con programas funcionales de recepci\u00f3n y procesamiento de este campo, cuyas alteraciones naturales y artificiales inciden en la calidad de la vida. Poseemos, por ejemplo, una especie de radar u \u00f3rgano magn\u00e9tico integrado por la actividad coordinada de la ep\u00edfisis, el hipot\u00e1lamo y la hip\u00f3fisis, que regula el equilibrio neurovegetativo y hormonal. El campo magn\u00e9tico terrestre se proyecta m\u00e1s all\u00e1 de la atm\u00f3sfera, e interact\u00faa con el campo electromagn\u00e9tico del Sol, determinando la forma e intensidad de la magnetosfera que nos envuelve. Vivimos en un campo de interacci\u00f3n entre la tierra y el cielo y, dentro de ese campo, cada zona de la Tierra expresa su campo magn\u00e9tico local. Todo el campo pulsa en una caverna de resonancia entre la litosfera y la ionosfera, estableciendo patrones de frecuencias que se han inscrito en nuestros programas celulares. Como antenas de una longitud de alrededor de 1,70 [&hellip;]<\/p>\n","protected":false},"author":98,"featured_media":21546,"comment_status":"closed","ping_status":"closed","sticky":false,"template":"","format":"standard","meta":{"footnotes":""},"categories":[104],"tags":[563,564],"class_list":["post-21565","post","type-post","status-publish","format-standard","has-post-thumbnail","hentry","category-filosofia","tag-sabiduria","tag-medioambiente"],"yoast_head":"<!-- This site is optimized with the Yoast SEO plugin v27.5 - https:\/\/yoast.com\/product\/yoast-seo-wordpress\/ -->\n<title>La red et\u00e9rica planetaria\u00a0 - Paracelsus Magazin<\/title>\n<meta name=\"robots\" content=\"index, follow, max-snippet:-1, max-image-preview:large, max-video-preview:-1\" \/>\n<link rel=\"canonical\" href=\"https:\/\/www.paracelsus-magazin.ch\/es\/filosofia\/la-red-eterica-planetaria\/\" \/>\n<meta property=\"og:locale\" content=\"es_ES\" \/>\n<meta property=\"og:type\" content=\"article\" \/>\n<meta property=\"og:title\" content=\"La red et\u00e9rica planetaria\u00a0 - Paracelsus Magazin\" \/>\n<meta property=\"og:description\" content=\"La Tierra emite un campo electromagn\u00e9tico que genera un oc\u00e9ano sutil de energ\u00eda que envuelve y determina los ritmos de la vida. El electroencefalograma de los mam\u00edferos es un fiel reflejo de la pulsaci\u00f3n de este campo, que influye sobre las polaridades biol\u00f3gicas y las micropart\u00edculas de magnetita contenidas en todo nuestro organismo. Estamos dotados con programas funcionales de recepci\u00f3n y procesamiento de este campo, cuyas alteraciones naturales y artificiales inciden en la calidad de la vida. Poseemos, por ejemplo, una especie de radar u \u00f3rgano magn\u00e9tico integrado por la actividad coordinada de la ep\u00edfisis, el hipot\u00e1lamo y la hip\u00f3fisis, que regula el equilibrio neurovegetativo y hormonal. El campo magn\u00e9tico terrestre se proyecta m\u00e1s all\u00e1 de la atm\u00f3sfera, e interact\u00faa con el campo electromagn\u00e9tico del Sol, determinando la forma e intensidad de la magnetosfera que nos envuelve. Vivimos en un campo de interacci\u00f3n entre la tierra y el cielo y, dentro de ese campo, cada zona de la Tierra expresa su campo magn\u00e9tico local. Todo el campo pulsa en una caverna de resonancia entre la litosfera y la ionosfera, estableciendo patrones de frecuencias que se han inscrito en nuestros programas celulares. Como antenas de una longitud de alrededor de 1,70 [&hellip;]\" \/>\n<meta property=\"og:url\" content=\"https:\/\/www.paracelsus-magazin.ch\/es\/filosofia\/la-red-eterica-planetaria\/\" \/>\n<meta property=\"og:site_name\" content=\"Paracelsus Magazin\" \/>\n<meta property=\"article:publisher\" content=\"https:\/\/www.facebook.com\/Paracelsus-Magazin-436487499874780\/\" \/>\n<meta property=\"article:published_time\" content=\"2021-01-13T18:37:42+00:00\" \/>\n<meta property=\"article:modified_time\" content=\"2022-09-04T19:10:05+00:00\" \/>\n<meta property=\"og:image\" content=\"https:\/\/www.paracelsus-magazin.ch\/wp-content\/uploads\/2021\/01\/pexels-photo-6321144.Nordlicht.jpeg\" \/>\n\t<meta property=\"og:image:width\" content=\"1200\" \/>\n\t<meta property=\"og:image:height\" content=\"674\" \/>\n\t<meta property=\"og:image:type\" content=\"image\/jpeg\" \/>\n<meta name=\"author\" content=\"Dr. Jorge Carvajal\" \/>\n<meta name=\"twitter:card\" content=\"summary_large_image\" \/>\n<meta name=\"twitter:label1\" content=\"Escrito por\" \/>\n\t<meta name=\"twitter:data1\" content=\"Dr. Jorge Carvajal\" \/>\n\t<meta name=\"twitter:label2\" content=\"Tiempo de lectura\" \/>\n\t<meta name=\"twitter:data2\" content=\"4 minutos\" \/>\n<script type=\"application\/ld+json\" class=\"yoast-schema-graph\">{\"@context\":\"https:\\\/\\\/schema.org\",\"@graph\":[{\"@type\":\"Article\",\"@id\":\"https:\\\/\\\/www.paracelsus-magazin.ch\\\/es\\\/filosofia\\\/la-red-eterica-planetaria\\\/#article\",\"isPartOf\":{\"@id\":\"https:\\\/\\\/www.paracelsus-magazin.ch\\\/es\\\/filosofia\\\/la-red-eterica-planetaria\\\/\"},\"author\":{\"name\":\"Dr. Jorge Carvajal\",\"@id\":\"https:\\\/\\\/www.paracelsus-magazin.ch\\\/es\\\/#\\\/schema\\\/person\\\/9c7ee0722e744a83f668476c870a6637\"},\"headline\":\"La red et\u00e9rica planetaria\u00a0\",\"datePublished\":\"2021-01-13T18:37:42+00:00\",\"dateModified\":\"2022-09-04T19:10:05+00:00\",\"mainEntityOfPage\":{\"@id\":\"https:\\\/\\\/www.paracelsus-magazin.ch\\\/es\\\/filosofia\\\/la-red-eterica-planetaria\\\/\"},\"wordCount\":806,\"publisher\":{\"@id\":\"https:\\\/\\\/www.paracelsus-magazin.ch\\\/es\\\/#organization\"},\"image\":{\"@id\":\"https:\\\/\\\/www.paracelsus-magazin.ch\\\/es\\\/filosofia\\\/la-red-eterica-planetaria\\\/#primaryimage\"},\"thumbnailUrl\":\"https:\\\/\\\/www.paracelsus-magazin.ch\\\/wp-content\\\/uploads\\\/2021\\\/01\\\/pexels-photo-6321144.Nordlicht.jpeg\",\"keywords\":[\"Sabidur\u00eda\",\"Medioambiente\"],\"articleSection\":[\"Filosof\u00eda\"],\"inLanguage\":\"es\"},{\"@type\":\"WebPage\",\"@id\":\"https:\\\/\\\/www.paracelsus-magazin.ch\\\/es\\\/filosofia\\\/la-red-eterica-planetaria\\\/\",\"url\":\"https:\\\/\\\/www.paracelsus-magazin.ch\\\/es\\\/filosofia\\\/la-red-eterica-planetaria\\\/\",\"name\":\"La red et\u00e9rica planetaria\u00a0 - Paracelsus Magazin\",\"isPartOf\":{\"@id\":\"https:\\\/\\\/www.paracelsus-magazin.ch\\\/es\\\/#website\"},\"primaryImageOfPage\":{\"@id\":\"https:\\\/\\\/www.paracelsus-magazin.ch\\\/es\\\/filosofia\\\/la-red-eterica-planetaria\\\/#primaryimage\"},\"image\":{\"@id\":\"https:\\\/\\\/www.paracelsus-magazin.ch\\\/es\\\/filosofia\\\/la-red-eterica-planetaria\\\/#primaryimage\"},\"thumbnailUrl\":\"https:\\\/\\\/www.paracelsus-magazin.ch\\\/wp-content\\\/uploads\\\/2021\\\/01\\\/pexels-photo-6321144.Nordlicht.jpeg\",\"datePublished\":\"2021-01-13T18:37:42+00:00\",\"dateModified\":\"2022-09-04T19:10:05+00:00\",\"breadcrumb\":{\"@id\":\"https:\\\/\\\/www.paracelsus-magazin.ch\\\/es\\\/filosofia\\\/la-red-eterica-planetaria\\\/#breadcrumb\"},\"inLanguage\":\"es\",\"potentialAction\":[{\"@type\":\"ReadAction\",\"target\":[\"https:\\\/\\\/www.paracelsus-magazin.ch\\\/es\\\/filosofia\\\/la-red-eterica-planetaria\\\/\"]}]},{\"@type\":\"ImageObject\",\"inLanguage\":\"es\",\"@id\":\"https:\\\/\\\/www.paracelsus-magazin.ch\\\/es\\\/filosofia\\\/la-red-eterica-planetaria\\\/#primaryimage\",\"url\":\"https:\\\/\\\/www.paracelsus-magazin.ch\\\/wp-content\\\/uploads\\\/2021\\\/01\\\/pexels-photo-6321144.Nordlicht.jpeg\",\"contentUrl\":\"https:\\\/\\\/www.paracelsus-magazin.ch\\\/wp-content\\\/uploads\\\/2021\\\/01\\\/pexels-photo-6321144.Nordlicht.jpeg\",\"width\":1200,\"height\":674},{\"@type\":\"BreadcrumbList\",\"@id\":\"https:\\\/\\\/www.paracelsus-magazin.ch\\\/es\\\/filosofia\\\/la-red-eterica-planetaria\\\/#breadcrumb\",\"itemListElement\":[{\"@type\":\"ListItem\",\"position\":1,\"name\":\"Startseite\",\"item\":\"https:\\\/\\\/www.paracelsus-magazin.ch\\\/es\\\/\"},{\"@type\":\"ListItem\",\"position\":2,\"name\":\"La red et\u00e9rica planetaria\u00a0\"}]},{\"@type\":\"WebSite\",\"@id\":\"https:\\\/\\\/www.paracelsus-magazin.ch\\\/es\\\/#website\",\"url\":\"https:\\\/\\\/www.paracelsus-magazin.ch\\\/es\\\/\",\"name\":\"Paracelsus Magazin\",\"description\":\"Health &amp; Healing Magazin\",\"publisher\":{\"@id\":\"https:\\\/\\\/www.paracelsus-magazin.ch\\\/es\\\/#organization\"},\"potentialAction\":[{\"@type\":\"SearchAction\",\"target\":{\"@type\":\"EntryPoint\",\"urlTemplate\":\"https:\\\/\\\/www.paracelsus-magazin.ch\\\/es\\\/?s={search_term_string}\"},\"query-input\":{\"@type\":\"PropertyValueSpecification\",\"valueRequired\":true,\"valueName\":\"search_term_string\"}}],\"inLanguage\":\"es\"},{\"@type\":\"Organization\",\"@id\":\"https:\\\/\\\/www.paracelsus-magazin.ch\\\/es\\\/#organization\",\"name\":\"Paracelsus Magazin\",\"url\":\"https:\\\/\\\/www.paracelsus-magazin.ch\\\/es\\\/\",\"logo\":{\"@type\":\"ImageObject\",\"inLanguage\":\"es\",\"@id\":\"https:\\\/\\\/www.paracelsus-magazin.ch\\\/es\\\/#\\\/schema\\\/logo\\\/image\\\/\",\"url\":\"https:\\\/\\\/www.paracelsus-magazin.ch\\\/wp-content\\\/uploads\\\/2023\\\/08\\\/logo-paracelsus-magazin-sqaure.jpg\",\"contentUrl\":\"https:\\\/\\\/www.paracelsus-magazin.ch\\\/wp-content\\\/uploads\\\/2023\\\/08\\\/logo-paracelsus-magazin-sqaure.jpg\",\"width\":696,\"height\":696,\"caption\":\"Paracelsus Magazin\"},\"image\":{\"@id\":\"https:\\\/\\\/www.paracelsus-magazin.ch\\\/es\\\/#\\\/schema\\\/logo\\\/image\\\/\"},\"sameAs\":[\"https:\\\/\\\/www.facebook.com\\\/Paracelsus-Magazin-436487499874780\\\/\"]},{\"@type\":\"Person\",\"@id\":\"https:\\\/\\\/www.paracelsus-magazin.ch\\\/es\\\/#\\\/schema\\\/person\\\/9c7ee0722e744a83f668476c870a6637\",\"name\":\"Dr. Jorge Carvajal\",\"image\":{\"@type\":\"ImageObject\",\"inLanguage\":\"es\",\"@id\":\"https:\\\/\\\/secure.gravatar.com\\\/avatar\\\/aeb88d1ac05029c499480aaf5fb1e12872a400213f29889a336f325f66c1f48d?s=96&d=mm&r=g\",\"url\":\"https:\\\/\\\/secure.gravatar.com\\\/avatar\\\/aeb88d1ac05029c499480aaf5fb1e12872a400213f29889a336f325f66c1f48d?s=96&d=mm&r=g\",\"contentUrl\":\"https:\\\/\\\/secure.gravatar.com\\\/avatar\\\/aeb88d1ac05029c499480aaf5fb1e12872a400213f29889a336f325f66c1f48d?s=96&d=mm&r=g\",\"caption\":\"Dr. Jorge Carvajal\"},\"description\":\"Dr. Jorge Iv\u00e1n Carvajal Posada was born in Medell\u00edn, Colombia. He is a surgeon at the University of Antioquia, pioneer of bioenergetic medicine in Latin America and creator of Sinterg\u00e9tica y Manos para Sanar (hands to heal). This is a medical proposal which, in the spirit of synthesis, integrates advances in bio-cybernetics and general systems theory, quantum physics, traditional medicine and the most modern discoveries of Western medicine, with healing, conceived as the path to peace, inner harmony and solidarity. Dr. Carvajal is co-founder of the \u201eAsociaci\u00f3n International de Sinterg\u00e9tica\u201d (A.I.S.), a non-profit association that brings together therapists, doctors, associations, companies and foundations related to the training, practice, promotion and social projection of Synergetics in the world, of which he is Honorary President.\",\"url\":\"https:\\\/\\\/www.paracelsus-magazin.ch\\\/es\\\/author\\\/dr-jorge-carvajal\\\/\"}]}<\/script>\n<!-- \/ Yoast SEO plugin. -->","yoast_head_json":{"title":"La red et\u00e9rica planetaria\u00a0 - Paracelsus Magazin","robots":{"index":"index","follow":"follow","max-snippet":"max-snippet:-1","max-image-preview":"max-image-preview:large","max-video-preview":"max-video-preview:-1"},"canonical":"https:\/\/www.paracelsus-magazin.ch\/es\/filosofia\/la-red-eterica-planetaria\/","og_locale":"es_ES","og_type":"article","og_title":"La red et\u00e9rica planetaria\u00a0 - Paracelsus Magazin","og_description":"La Tierra emite un campo electromagn\u00e9tico que genera un oc\u00e9ano sutil de energ\u00eda que envuelve y determina los ritmos de la vida. El electroencefalograma de los mam\u00edferos es un fiel reflejo de la pulsaci\u00f3n de este campo, que influye sobre las polaridades biol\u00f3gicas y las micropart\u00edculas de magnetita contenidas en todo nuestro organismo. Estamos dotados con programas funcionales de recepci\u00f3n y procesamiento de este campo, cuyas alteraciones naturales y artificiales inciden en la calidad de la vida. Poseemos, por ejemplo, una especie de radar u \u00f3rgano magn\u00e9tico integrado por la actividad coordinada de la ep\u00edfisis, el hipot\u00e1lamo y la hip\u00f3fisis, que regula el equilibrio neurovegetativo y hormonal. El campo magn\u00e9tico terrestre se proyecta m\u00e1s all\u00e1 de la atm\u00f3sfera, e interact\u00faa con el campo electromagn\u00e9tico del Sol, determinando la forma e intensidad de la magnetosfera que nos envuelve. Vivimos en un campo de interacci\u00f3n entre la tierra y el cielo y, dentro de ese campo, cada zona de la Tierra expresa su campo magn\u00e9tico local. Todo el campo pulsa en una caverna de resonancia entre la litosfera y la ionosfera, estableciendo patrones de frecuencias que se han inscrito en nuestros programas celulares. Como antenas de una longitud de alrededor de 1,70 [&hellip;]","og_url":"https:\/\/www.paracelsus-magazin.ch\/es\/filosofia\/la-red-eterica-planetaria\/","og_site_name":"Paracelsus Magazin","article_publisher":"https:\/\/www.facebook.com\/Paracelsus-Magazin-436487499874780\/","article_published_time":"2021-01-13T18:37:42+00:00","article_modified_time":"2022-09-04T19:10:05+00:00","og_image":[{"width":1200,"height":674,"url":"https:\/\/www.paracelsus-magazin.ch\/wp-content\/uploads\/2021\/01\/pexels-photo-6321144.Nordlicht.jpeg","type":"image\/jpeg"}],"author":"Dr. Jorge Carvajal","twitter_card":"summary_large_image","twitter_misc":{"Escrito por":"Dr. Jorge Carvajal","Tiempo de lectura":"4 minutos"},"schema":{"@context":"https:\/\/schema.org","@graph":[{"@type":"Article","@id":"https:\/\/www.paracelsus-magazin.ch\/es\/filosofia\/la-red-eterica-planetaria\/#article","isPartOf":{"@id":"https:\/\/www.paracelsus-magazin.ch\/es\/filosofia\/la-red-eterica-planetaria\/"},"author":{"name":"Dr. Jorge Carvajal","@id":"https:\/\/www.paracelsus-magazin.ch\/es\/#\/schema\/person\/9c7ee0722e744a83f668476c870a6637"},"headline":"La red et\u00e9rica planetaria\u00a0","datePublished":"2021-01-13T18:37:42+00:00","dateModified":"2022-09-04T19:10:05+00:00","mainEntityOfPage":{"@id":"https:\/\/www.paracelsus-magazin.ch\/es\/filosofia\/la-red-eterica-planetaria\/"},"wordCount":806,"publisher":{"@id":"https:\/\/www.paracelsus-magazin.ch\/es\/#organization"},"image":{"@id":"https:\/\/www.paracelsus-magazin.ch\/es\/filosofia\/la-red-eterica-planetaria\/#primaryimage"},"thumbnailUrl":"https:\/\/www.paracelsus-magazin.ch\/wp-content\/uploads\/2021\/01\/pexels-photo-6321144.Nordlicht.jpeg","keywords":["Sabidur\u00eda","Medioambiente"],"articleSection":["Filosof\u00eda"],"inLanguage":"es"},{"@type":"WebPage","@id":"https:\/\/www.paracelsus-magazin.ch\/es\/filosofia\/la-red-eterica-planetaria\/","url":"https:\/\/www.paracelsus-magazin.ch\/es\/filosofia\/la-red-eterica-planetaria\/","name":"La red et\u00e9rica planetaria\u00a0 - Paracelsus Magazin","isPartOf":{"@id":"https:\/\/www.paracelsus-magazin.ch\/es\/#website"},"primaryImageOfPage":{"@id":"https:\/\/www.paracelsus-magazin.ch\/es\/filosofia\/la-red-eterica-planetaria\/#primaryimage"},"image":{"@id":"https:\/\/www.paracelsus-magazin.ch\/es\/filosofia\/la-red-eterica-planetaria\/#primaryimage"},"thumbnailUrl":"https:\/\/www.paracelsus-magazin.ch\/wp-content\/uploads\/2021\/01\/pexels-photo-6321144.Nordlicht.jpeg","datePublished":"2021-01-13T18:37:42+00:00","dateModified":"2022-09-04T19:10:05+00:00","breadcrumb":{"@id":"https:\/\/www.paracelsus-magazin.ch\/es\/filosofia\/la-red-eterica-planetaria\/#breadcrumb"},"inLanguage":"es","potentialAction":[{"@type":"ReadAction","target":["https:\/\/www.paracelsus-magazin.ch\/es\/filosofia\/la-red-eterica-planetaria\/"]}]},{"@type":"ImageObject","inLanguage":"es","@id":"https:\/\/www.paracelsus-magazin.ch\/es\/filosofia\/la-red-eterica-planetaria\/#primaryimage","url":"https:\/\/www.paracelsus-magazin.ch\/wp-content\/uploads\/2021\/01\/pexels-photo-6321144.Nordlicht.jpeg","contentUrl":"https:\/\/www.paracelsus-magazin.ch\/wp-content\/uploads\/2021\/01\/pexels-photo-6321144.Nordlicht.jpeg","width":1200,"height":674},{"@type":"BreadcrumbList","@id":"https:\/\/www.paracelsus-magazin.ch\/es\/filosofia\/la-red-eterica-planetaria\/#breadcrumb","itemListElement":[{"@type":"ListItem","position":1,"name":"Startseite","item":"https:\/\/www.paracelsus-magazin.ch\/es\/"},{"@type":"ListItem","position":2,"name":"La red et\u00e9rica planetaria\u00a0"}]},{"@type":"WebSite","@id":"https:\/\/www.paracelsus-magazin.ch\/es\/#website","url":"https:\/\/www.paracelsus-magazin.ch\/es\/","name":"Paracelsus Magazin","description":"Health &amp; Healing Magazin","publisher":{"@id":"https:\/\/www.paracelsus-magazin.ch\/es\/#organization"},"potentialAction":[{"@type":"SearchAction","target":{"@type":"EntryPoint","urlTemplate":"https:\/\/www.paracelsus-magazin.ch\/es\/?s={search_term_string}"},"query-input":{"@type":"PropertyValueSpecification","valueRequired":true,"valueName":"search_term_string"}}],"inLanguage":"es"},{"@type":"Organization","@id":"https:\/\/www.paracelsus-magazin.ch\/es\/#organization","name":"Paracelsus Magazin","url":"https:\/\/www.paracelsus-magazin.ch\/es\/","logo":{"@type":"ImageObject","inLanguage":"es","@id":"https:\/\/www.paracelsus-magazin.ch\/es\/#\/schema\/logo\/image\/","url":"https:\/\/www.paracelsus-magazin.ch\/wp-content\/uploads\/2023\/08\/logo-paracelsus-magazin-sqaure.jpg","contentUrl":"https:\/\/www.paracelsus-magazin.ch\/wp-content\/uploads\/2023\/08\/logo-paracelsus-magazin-sqaure.jpg","width":696,"height":696,"caption":"Paracelsus Magazin"},"image":{"@id":"https:\/\/www.paracelsus-magazin.ch\/es\/#\/schema\/logo\/image\/"},"sameAs":["https:\/\/www.facebook.com\/Paracelsus-Magazin-436487499874780\/"]},{"@type":"Person","@id":"https:\/\/www.paracelsus-magazin.ch\/es\/#\/schema\/person\/9c7ee0722e744a83f668476c870a6637","name":"Dr. Jorge Carvajal","image":{"@type":"ImageObject","inLanguage":"es","@id":"https:\/\/secure.gravatar.com\/avatar\/aeb88d1ac05029c499480aaf5fb1e12872a400213f29889a336f325f66c1f48d?s=96&d=mm&r=g","url":"https:\/\/secure.gravatar.com\/avatar\/aeb88d1ac05029c499480aaf5fb1e12872a400213f29889a336f325f66c1f48d?s=96&d=mm&r=g","contentUrl":"https:\/\/secure.gravatar.com\/avatar\/aeb88d1ac05029c499480aaf5fb1e12872a400213f29889a336f325f66c1f48d?s=96&d=mm&r=g","caption":"Dr. Jorge Carvajal"},"description":"Dr. Jorge Iv\u00e1n Carvajal Posada was born in Medell\u00edn, Colombia. He is a surgeon at the University of Antioquia, pioneer of bioenergetic medicine in Latin America and creator of Sinterg\u00e9tica y Manos para Sanar (hands to heal). This is a medical proposal which, in the spirit of synthesis, integrates advances in bio-cybernetics and general systems theory, quantum physics, traditional medicine and the most modern discoveries of Western medicine, with healing, conceived as the path to peace, inner harmony and solidarity. Dr. Carvajal is co-founder of the \u201eAsociaci\u00f3n International de Sinterg\u00e9tica\u201d (A.I.S.), a non-profit association that brings together therapists, doctors, associations, companies and foundations related to the training, practice, promotion and social projection of Synergetics in the world, of which he is Honorary President.","url":"https:\/\/www.paracelsus-magazin.ch\/es\/author\/dr-jorge-carvajal\/"}]}},"_links":{"self":[{"href":"https:\/\/www.paracelsus-magazin.ch\/es\/wp-json\/wp\/v2\/posts\/21565","targetHints":{"allow":["GET"]}}],"collection":[{"href":"https:\/\/www.paracelsus-magazin.ch\/es\/wp-json\/wp\/v2\/posts"}],"about":[{"href":"https:\/\/www.paracelsus-magazin.ch\/es\/wp-json\/wp\/v2\/types\/post"}],"author":[{"embeddable":true,"href":"https:\/\/www.paracelsus-magazin.ch\/es\/wp-json\/wp\/v2\/users\/98"}],"replies":[{"embeddable":true,"href":"https:\/\/www.paracelsus-magazin.ch\/es\/wp-json\/wp\/v2\/comments?post=21565"}],"version-history":[{"count":0,"href":"https:\/\/www.paracelsus-magazin.ch\/es\/wp-json\/wp\/v2\/posts\/21565\/revisions"}],"wp:featuredmedia":[{"embeddable":true,"href":"https:\/\/www.paracelsus-magazin.ch\/es\/wp-json\/wp\/v2\/media\/21546"}],"wp:attachment":[{"href":"https:\/\/www.paracelsus-magazin.ch\/es\/wp-json\/wp\/v2\/media?parent=21565"}],"wp:term":[{"taxonomy":"category","embeddable":true,"href":"https:\/\/www.paracelsus-magazin.ch\/es\/wp-json\/wp\/v2\/categories?post=21565"},{"taxonomy":"post_tag","embeddable":true,"href":"https:\/\/www.paracelsus-magazin.ch\/es\/wp-json\/wp\/v2\/tags?post=21565"}],"curies":[{"name":"wp","href":"https:\/\/api.w.org\/{rel}","templated":true}]}}