{"id":20999,"date":"2020-11-12T11:47:55","date_gmt":"2020-11-12T10:47:55","guid":{"rendered":"https:\/\/www.paracelsus-magazin.ch\/?p=20999"},"modified":"2022-09-05T17:59:33","modified_gmt":"2022-09-05T15:59:33","slug":"paracelsus-iv","status":"publish","type":"post","link":"https:\/\/www.paracelsus-magazin.ch\/es\/medicina-de-paracelsus\/paracelsus-iv\/","title":{"rendered":"Paracelsus [IV]"},"content":{"rendered":"<p><em>Paracelsus, un Verdadero Gran Reformador M\u00e9dico, Religioso y Social del Siglo XVI<\/em><\/p>\n<h2><b><span data-contrast=\"none\">2. Las primeras etapas de su vida y sus largos viajes de aprendizaje (1493-1523)<\/span><\/b><span data-ccp-props=\"{&quot;201341983&quot;:2,&quot;335559739&quot;:0,&quot;335559740&quot;:280,&quot;469777462&quot;:[227],&quot;469777927&quot;:[0],&quot;469777928&quot;:[1]}\">\u00a0<\/span><\/h2>\n<h3><span data-ccp-props=\"{&quot;201341983&quot;:2,&quot;335551550&quot;:6,&quot;335551620&quot;:6,&quot;335559739&quot;:0,&quot;335559740&quot;:280,&quot;469777462&quot;:[227,320],&quot;469777927&quot;:[0,0],&quot;469777928&quot;:[1,1]}\">\u00a0<\/span><b><span data-contrast=\"none\">2.1 Nacimiento y familia de origen<\/span><\/b><span data-ccp-props=\"{&quot;201341983&quot;:2,&quot;335551550&quot;:1,&quot;335551620&quot;:1,&quot;335559739&quot;:0,&quot;335559740&quot;:280,&quot;469777462&quot;:[227,320],&quot;469777927&quot;:[0,0],&quot;469777928&quot;:[1,1]}\">\u00a0<\/span><\/h3>\n<p><span data-contrast=\"none\">Paracelso naci\u00f3 el 17 de diciembre de 1493<\/span><span data-contrast=\"none\">\u00a0<sup>1<\/sup><\/span><span data-contrast=\"none\">\u00a0en un peque\u00f1o valle suizo, muy cerca de la poblaci\u00f3n de Einsiedeln (en la regi\u00f3n de\u00a0<\/span><span data-contrast=\"none\">Zurich<\/span><span data-contrast=\"none\">), renombrado centro de peregrinaci\u00f3n en el coraz\u00f3n de Europa, en el camino de Santiago. La casa donde naci\u00f3, y en la que pas\u00f3 su infancia, se halla situada a orillas del r\u00edo\u00a0<\/span><span data-contrast=\"none\">Sihl<\/span><span data-contrast=\"none\">, cerca del puente conocido como \u201cEl Puente del Diablo\u201d. Fue el \u00fanico hijo que tuvieron sus padres -Elsa\u00a0<\/span><span data-contrast=\"none\">Oschner<\/span><span data-contrast=\"none\">\u00a0y Wilhelm\u00a0<\/span><span data-contrast=\"none\">Bombast<\/span><span data-contrast=\"none\">\u00a0V<\/span><span data-contrast=\"none\">on<\/span><span data-contrast=\"none\">\u00a0Hohenheim-,<\/span><span data-contrast=\"none\">\u00a0<sup>2<\/sup><\/span><span data-contrast=\"none\">\u00a0los cuales se hab\u00edan casado el a\u00f1o anterior, en 1492. Fue el mismo a\u00f1o en que su padre se hab\u00eda establecido en Einsiedeln como m\u00e9dico principal de la comarca con formaci\u00f3n acad\u00e9mica, y en que se supone que conoci\u00f3 a su futura esposa. \u00c9sta era enfermera y supervisora del hospital del monasterio de Einsiedeln, el mismo pueblo donde hab\u00eda nacido. Aunque desgraciadamente su madre falleci\u00f3 cuando Paracelso ten\u00eda tan solo 8 a\u00f1os, la profesi\u00f3n de sus progenitores influy\u00f3 sin duda en su vocaci\u00f3n por el arte de curar. Paracelso vener\u00f3 siempre a sus padres. A pesar de las dificultades que tuvo que afrontar ya de ni\u00f1o, y de las que m\u00e1s adelante hablaremos, record\u00f3 siempre a su familia como \u201ctranquila y pac\u00edfica\u201d.<\/span><span data-contrast=\"none\">\u00a0<sup>3<\/sup><\/span><span data-contrast=\"none\">\u00a0Su\u00a0padre, sobre todo despu\u00e9s del fallecimiento de su madre, se convirti\u00f3 en su gran maestro y profesor en todos los sentidos, especialmente, claro, como m\u00e9dico, pero tambi\u00e9n como cient\u00edfico naturalista y alquimista, pues tambi\u00e9n fue muy reconocido en estos aspectos, los cuales Paracelso integrar\u00e1 m\u00e1s tarde dentro del arte de la sanaci\u00f3n.\u00a0<\/span><\/p>\n<h3>Padre y maestro<\/h3>\n<p><span data-contrast=\"none\">Su padre fue un erudito humanista que supo contagiar a Paracelso las ansias por el conocimiento cient\u00edfico. Como buen humanista estudi\u00f3 y tuvo un buen conocimiento del lat\u00edn, medicina, alquimia, teolog\u00eda y bot\u00e1nica. Precisamente bautiz\u00f3 a su hijo con el nombre de\u00a0<\/span><span data-contrast=\"none\">Theophrastus<\/span><span data-contrast=\"none\">\u00a0por la devoci\u00f3n y admiraci\u00f3n que sent\u00eda por el sabio griego\u00a0<\/span><span data-contrast=\"none\">Theophrastus<\/span><span data-contrast=\"none\">\u00a0de\u00a0<\/span><span data-contrast=\"none\">Eresos<\/span><span data-contrast=\"none\">\u00a0(372-287 a.C.), un fil\u00f3sofo disc\u00edpulo de Arist\u00f3teles que fue famoso por sus investigaciones en bot\u00e1nica.<\/span><span data-contrast=\"none\">\u00a0<sup>4<\/sup><\/span><span data-contrast=\"none\">\u00a0Pero fue la medicina la disciplina que Paracelso hered\u00f3 mejor de su padre. Ya de ni\u00f1o, Paracelso intent\u00f3 estar siempre muy pr\u00f3ximo al trabajo de su padre: lo acompa\u00f1aba en sus visitas a los enfermos y estaba tambi\u00e9n a su lado cuando preparaba tinturas, esencias y destilaba elixires para los peregrinos que esperaban ser curados. Su padre realizaba gran n\u00famero de experimentos en el peque\u00f1o laboratorio que hab\u00eda construido en su residencia.<\/span><span data-contrast=\"none\">\u00a0<sup>5<\/sup><\/span><span data-contrast=\"none\">\u00a0Por ello Paracelso, que no se perd\u00eda estos experimentos, obtuvo sus primeros conocimientos de alquimia, cirug\u00eda y medicina de su padre, a quien no le cost\u00f3 aceptar a su hijo como su principal disc\u00edpulo. Tambi\u00e9n le ense\u00f1\u00f3 historia natural y miner\u00eda.<\/span><span data-contrast=\"none\">\u00a0<sup>6<\/sup><\/span><span data-contrast=\"none\">\u00a0Paracelso siempre reconoci\u00f3 lo que le ense\u00f1\u00f3 su padre y continuamente se acord\u00f3 de que \u00e9ste fue su primer profesor. Siempre honr\u00f3 la memoria de su progenitor y constantemente habl\u00f3 de \u00e9l en t\u00e9rminos muy amables, recordando todo lo que hab\u00eda hecho por \u00e9l y agradeciendo que nunca\u00a0<\/span><span data-contrast=\"none\">lo hubiera abandonado.<\/span><sup><span data-contrast=\"none\">\u00a07<\/span><\/sup><span data-contrast=\"none\">\u00a0Por ello \u00e9l tampoco lo quiso abandonar del todo cuando empez\u00f3 su perpetuo peregrinaje por Europa y el mundo en 1507. Hasta su muerte en 1541, al menos en dos ocasiones -en 1512 y entre 1523 y 1524- regres\u00f3 al hogar de su padre. Fueron unas visitas realizadas tanto por amor como por deber de hijo. La segunda visita se prolong\u00f3 m\u00e1s de medio a\u00f1o -desde finales de 1523 al verano de 1524-. Quiz\u00e1s Paracelso sab\u00eda que ser\u00eda la \u00faltima vez que ver\u00eda a su padre con vida, el cual morir\u00eda en 1534. En 1538 Paracelso quiso regresar de nuevo a la poblaci\u00f3n donde muri\u00f3 su padre para visitar su tumba.<\/span><sup><span data-contrast=\"none\">\u00a08<\/span><\/sup><span data-contrast=\"none\">\u00a0De hecho, sus padres fueron los \u00fanicos parientes pr\u00f3ximos que tuvo, pues ni se cas\u00f3 ni tuvo nunca hijos. Sus \u00fanicos hijos o hermanos fueron, en todo caso y tal como \u00e9l los consideraba, sus disc\u00edpulos y la infinidad de gente a la que asisti\u00f3 como m\u00e9dico o como simple ciudadano. Las dif\u00edciles vicisitudes por las que tuvo que pasar a lo largo de su vida, como veremos, dif\u00edcilmente le hubieran permitido ofrecer como esposo o padre una vida m\u00ednimamente estable a sus supuestos familiares.<\/span><\/p>\n<h3>Las dificultades en la infancia<\/h3>\n<p><span data-contrast=\"none\">A pesar del buen entendimiento y estimaci\u00f3n entre padre e hijo, Paracelso vivi\u00f3 unas tremendas dificultades personales desde muy peque\u00f1o, acentuadas con la muerte de su madre. \u00c9l mismo afirm\u00f3 en una ocasi\u00f3n que \u201ccreci\u00f3 en gran miseria\u201d. Seguramente se refer\u00eda a las penalidades econ\u00f3micas que tuvo que soportar su familia, agravadas por la forzada emigraci\u00f3n a Austria en 1499, cuando \u00e9l contaba s\u00f3lo 5 a\u00f1os, a causa del estallido de la cruenta guerra de Suabia. Tardaron tres a\u00f1os en encontrar un lugar de residencia fija. Finalmente, se aposentaron en la poblaci\u00f3n austr\u00edaca de\u00a0<\/span><span data-contrast=\"none\">Villach<\/span><span data-contrast=\"none\">, en la regi\u00f3n de Carintia, donde su padre trabajar\u00eda durante 32 a\u00f1os -hasta su muerte\u2013 como m\u00e9dico de la poblaci\u00f3n. Probablemente fue durante este angustioso per\u00edodo de interinidad de tres a\u00f1os cuando Paracelso sufri\u00f3 raquitismo, un debilitamiento de los huesos causados por deficiencia de vitamina D, a menudo como resultado de falta de huevos y leche en la dieta.<\/span><sup><span data-contrast=\"none\">\u00a09<\/span><\/sup><span data-contrast=\"none\">\u00a0Por otro lado, la familia -al menos mientras Paracelso fue un ni\u00f1o- nunca disfrut\u00f3 de bienestar econ\u00f3mico. Los salarios de un m\u00e9dico rural de la \u00e9poca eran muy pobres. De poco le sirvi\u00f3 proceder de familia noble y muy antigua de Suabia. Era una familia muy conocida en la zona. Se apellidaban\u00a0<\/span><span data-contrast=\"none\">Bombast<\/span><span data-contrast=\"none\">, y a este nombre le a\u00f1ad\u00edan \u201cde Hohenheim\u201d porque su residencia antigua hab\u00eda sido un castillo conocido como Hohenheim, cerca de la villa de\u00a0<\/span><span data-contrast=\"none\">Plinnigen<\/span><span data-contrast=\"none\">, cerca de Stuttgart, en\u00a0<\/span><span data-contrast=\"none\">W\u00fcrtemberg<\/span><span data-contrast=\"none\">. El abuelo paterno de Paracelso, que hab\u00eda conseguido un alto rango en la Orden de los Caballeros Hospitalarios de San Juan de Jerusal\u00e9n y hab\u00eda participado como comandante en una cruzada en Tierra Santa en 1468, empobreci\u00f3 cuando perdi\u00f3 su herencia por un fallo de la Alta Corte de Justicia contra \u00e9l por una denuncia a causa de un embrollo pol\u00edtico.<\/span><span data-contrast=\"none\">\u00a0<sup>10<\/sup><\/span><span data-contrast=\"none\">\u00a0El padre de Paracelso pudo estudiar, pero tuvo que matricularse como \u201cpobre\u201d en la universidad, concretamente en la de Tubinga, en 1481.<\/span><span data-contrast=\"none\">\u00a0<sup>11<\/sup><\/span><span data-contrast=\"none\">\u00a0Probablemente tambi\u00e9n por problemas econ\u00f3micos, no pudo terminar sus estudios en esta ciudad alemana, con lo cual no obtuvo la calificaci\u00f3n formal de m\u00e9dico. Cuando lleg\u00f3 a Einsiedeln, donde nacer\u00eda Paracelso, para ejercer de m\u00e9dico, lo hizo sin apenas contar con nada en el bolsillo. Y probablemente nunca disfrutar\u00eda de una posici\u00f3n econ\u00f3mica acomodada, puesto que s\u00f3lo pudo dejar a su hijo como herencia la escritura de una modesta finca que proced\u00eda de los magistrados de la poblaci\u00f3n de\u00a0<\/span><span data-contrast=\"none\">Villach<\/span><span data-contrast=\"none\">, donde trabaj\u00f3 y vivi\u00f3, como dijimos, la \u00faltima etapa de su vida.<\/span><span data-contrast=\"none\">\u00a0<sup>12<\/sup><\/span><span data-ccp-props=\"{&quot;201341983&quot;:2,&quot;335551550&quot;:6,&quot;335551620&quot;:6,&quot;335559739&quot;:0,&quot;335559740&quot;:280,&quot;469777462&quot;:[227,320],&quot;469777927&quot;:[0,0],&quot;469777928&quot;:[1,1]}\">\u00a0<\/span><\/p>\n<p><span data-contrast=\"none\">De hecho, las dif\u00edciles condiciones de vida que tuvieron que afrontar Paracelso, desde su m\u00e1s tierna infancia, y su familia no fueron excepcionales en la sociedad en que les toc\u00f3 vivir. Las guerras, el hambre, la miseria y las enfermedades desgraciadamente estuvieron muy extendidas en aquella \u00e9poca de crisis general en que el mundo occidental vivi\u00f3 el ocaso de la Edad Media. Hab\u00eda enfermedades por todos lados: peste -algunas de las cuales pod\u00edan destruir la vida de la mitad de la poblaci\u00f3n de las ciudades y dejar los campos desiertos-, c\u00f3lera, disenter\u00eda, tuberculosis, lepra, s\u00edfilis&#8230; Los niveles de sanidad, higiene y dieta eran tan bajos que\u00a0<\/span><span data-contrast=\"none\">a comienzos del siglo XVI la mortalidad infantil de los ni\u00f1os menores de un a\u00f1o sobrepasaba en Europa el 50%, siendo muy pocos los adultos que llegaban a cumplir los 50 a\u00f1os. El mismo Paracelso muri\u00f3 a los 47. La gente se alimentaba fundamentalmente de cereales (trigo, centeno, cebada, avena y mijo). Los productos l\u00e1cteos, la sal y el az\u00facar eran muy caros.<\/span><span data-contrast=\"none\">\u00a0<sup>13<\/sup><\/span><span data-ccp-props=\"{&quot;201341983&quot;:2,&quot;335551550&quot;:6,&quot;335551620&quot;:6,&quot;335559739&quot;:0,&quot;335559740&quot;:280,&quot;469777462&quot;:[227,320],&quot;469777927&quot;:[0,0],&quot;469777928&quot;:[1,1]}\">\u00a0<\/span><\/p>\n<p><span data-contrast=\"none\">Las guerras favorec\u00edan el mantenimiento de una esperanza de vida muy baja. Paracelso vivi\u00f3 pr\u00e1cticamente siempre en pa\u00edses en estado de guerra, sobre todo a causa de la gran crisis social y religiosa que supuso el traum\u00e1tico rompimiento de la unidad religiosa cat\u00f3lica por parte de los protestantes en el mundo germ\u00e1nico durante la primera mitad del siglo XVI. Pero tambi\u00e9n vivi\u00f3 guerras m\u00e1s propiamente pol\u00edticas, como la que sufri\u00f3 en su infancia en 1499, la guerra de Suabia, cuando los cantones suizos quisieron y consiguieron independizarse del gobierno del emperador Maximiliano, del Sagrado Imperio Romano. A causa del desenlace de esta guerra, la familia de Paracelso, los Hohenheim, se convirtieron en enemigos extranjeros, pues proced\u00edan de Suabia y se encontraron de repente residiendo en territorio extranjero -en Suiza-. Aunque la guerra dur\u00f3 s\u00f3lo hasta 1500, los Hohenheim muy probablemente se vieron forzados a emigrar a causa de los odios entre regiones, y escogieron Austria como su destino. Para Paracelso fue el inicio de su constante e interminable vagar por el mundo, sobreviviendo a conflictos b\u00e9licos, sociales, econ\u00f3micos y religiosos, hasta su muerte.<\/span><span data-ccp-props=\"{&quot;201341983&quot;:2,&quot;335551550&quot;:6,&quot;335551620&quot;:6,&quot;335559739&quot;:0,&quot;335559740&quot;:280,&quot;469777462&quot;:[227,320],&quot;469777927&quot;:[0,0],&quot;469777928&quot;:[1,1]}\">\u00a0<\/span><\/p>\n<p style=\"text-align: right;\"><span data-contrast=\"none\">\u00a0<\/span><span data-ccp-props=\"{&quot;201341983&quot;:2,&quot;335551550&quot;:6,&quot;335551620&quot;:6,&quot;335559739&quot;:0,&quot;335559740&quot;:280,&quot;469777462&quot;:[227,320],&quot;469777927&quot;:[0,0],&quot;469777928&quot;:[1,1]}\">\u00a0<\/span><i><span data-contrast=\"none\">Continuar\u00e1&#8230;<\/span><\/i><span data-ccp-props=\"{&quot;201341983&quot;:2,&quot;335551550&quot;:3,&quot;335551620&quot;:3,&quot;335559739&quot;:0,&quot;335559740&quot;:280,&quot;469777462&quot;:[227,320],&quot;469777927&quot;:[0,0],&quot;469777928&quot;:[1,1]}\">\u00a0<\/span><\/p>\n<h4><span data-contrast=\"none\">Compilado por Jordi Pom\u00e9s<\/span><\/h4>\n<p>&nbsp;<\/p>\n<h4>Contacto<\/h4>\n<h5>jordi.pomes@uab.es<\/h5>\n<p>&nbsp;<\/p>\n<h5><em>Bibliograf\u00eda:\u00a0<\/em><\/h5>\n<h5><sup>(1) <\/sup>KUMAR, K.P., Paracelso. El iniciado. Conferencia dada en diciembre de 1999 en Einsiedeln (Suiza). (in\u00e9dito)<br \/>\n<sup>(2) <\/sup>RIVI\u00c8RE, Patrick, Paracelso. M\u00e9dico-alquimista, Barcelona, De Vecchi, 2000:9.<br \/>\n<sup>(3) <\/sup>BALL, Philip, The Devils\u2019s Doctor. Paracelsus and the world of Renaissance magic and science, Nueva York, F.S.G., 2006:27.<br \/>\n<sup>(4) <\/sup>Museum of the Ancient Baths of Pf\u00e4fers, St. Gall, 1987:83.<br \/>\n<sup>(5) <\/sup>RIVI\u00c8RE, Patrick, Paracelso&#8230;.:11.<br \/>\n<sup>(6) <\/sup>PAGEL, Walter, Paracelsus. An introduction to Philosophical Medicine in the Era of the Renaissance, Basilea (Suiza), Karger, 1982:8.<br \/>\n<sup>(7) <\/sup>HARTMANN, F., The life of Paracelsus, London, Kegan Paul, Trench, Tr\u00fcbner &amp; Co., s.f; p\u00e1g. 3; PAGEL, Walter, Paracelsus&#8230;.:8.<br \/>\n<sup>(8) <\/sup>Museum of the Ancient Baths&#8230;:89; BALL, Philip, The Devils\u2019s Doctor&#8230;:44, 100.<br \/>\n<sup>(9) <\/sup>BALL, Philip, The Devils\u2019s Doctor&#8230;:25-26.<br \/>\n<sup>(10) <\/sup>BALL, Philip, The Devils\u2019s Doctor&#8230;:21-22.<br \/>\n<sup>(11) <\/sup>MEIER, Pirmin, Paracelso. Medico e profeta, Roma, Salerno Editrice, 2000: 385.<br \/>\n<sup>(12) <\/sup>BALL, Philip, The Devils\u2019s Doctor&#8230;:21, 327.<br \/>\n<sup>(13) <\/sup>MARIEL, Pierre, Paracelso o el tormento del saber, 1976: 20; BALL, Philip, The Devils\u2019s<\/h5>\n","protected":false},"excerpt":{"rendered":"<p>Paracelsus, un Verdadero Gran Reformador M\u00e9dico, Religioso y Social del Siglo XVI 2. Las primeras etapas de su vida y sus largos viajes de aprendizaje (1493-1523)\u00a0 \u00a02.1 Nacimiento y familia de origen\u00a0 Paracelso naci\u00f3 el 17 de diciembre de 1493\u00a01\u00a0en un peque\u00f1o valle suizo, muy cerca de la poblaci\u00f3n de Einsiedeln (en la regi\u00f3n de\u00a0Zurich), renombrado centro de peregrinaci\u00f3n en el coraz\u00f3n de Europa, en el camino de Santiago. La casa donde naci\u00f3, y en la que pas\u00f3 su infancia, se halla situada a orillas del r\u00edo\u00a0Sihl, cerca del puente conocido como \u201cEl Puente del Diablo\u201d. Fue el \u00fanico hijo que tuvieron sus padres -Elsa\u00a0Oschner\u00a0y Wilhelm\u00a0Bombast\u00a0Von\u00a0Hohenheim-,\u00a02\u00a0los cuales se hab\u00edan casado el a\u00f1o anterior, en 1492. Fue el mismo a\u00f1o en que su padre se hab\u00eda establecido en Einsiedeln como m\u00e9dico principal de la comarca con formaci\u00f3n acad\u00e9mica, y en que se supone que conoci\u00f3 a su futura esposa. \u00c9sta era enfermera y supervisora del hospital del monasterio de Einsiedeln, el mismo pueblo donde hab\u00eda nacido. Aunque desgraciadamente su madre falleci\u00f3 cuando Paracelso ten\u00eda tan solo 8 a\u00f1os, la profesi\u00f3n de sus progenitores influy\u00f3 sin duda en su vocaci\u00f3n por el arte de curar. Paracelso vener\u00f3 siempre a sus padres. A [&hellip;]<\/p>\n","protected":false},"author":91,"featured_media":20689,"comment_status":"closed","ping_status":"closed","sticky":false,"template":"","format":"standard","meta":{"footnotes":""},"categories":[33],"tags":[556],"class_list":["post-20999","post","type-post","status-publish","format-standard","has-post-thumbnail","hentry","category-medicina-de-paracelsus","tag-paracelsus-vita-es"],"yoast_head":"<!-- This site is optimized with the Yoast SEO plugin v27.5 - https:\/\/yoast.com\/product\/yoast-seo-wordpress\/ -->\n<title>Paracelsus [IV] - Paracelsus Magazin<\/title>\n<meta name=\"robots\" content=\"index, follow, max-snippet:-1, max-image-preview:large, max-video-preview:-1\" \/>\n<link rel=\"canonical\" href=\"https:\/\/www.paracelsus-magazin.ch\/es\/medicina-de-paracelsus\/paracelsus-iv\/\" \/>\n<meta property=\"og:locale\" content=\"es_ES\" \/>\n<meta property=\"og:type\" content=\"article\" \/>\n<meta property=\"og:title\" content=\"Paracelsus [IV] - Paracelsus Magazin\" \/>\n<meta property=\"og:description\" content=\"Paracelsus, un Verdadero Gran Reformador M\u00e9dico, Religioso y Social del Siglo XVI 2. Las primeras etapas de su vida y sus largos viajes de aprendizaje (1493-1523)\u00a0 \u00a02.1 Nacimiento y familia de origen\u00a0 Paracelso naci\u00f3 el 17 de diciembre de 1493\u00a01\u00a0en un peque\u00f1o valle suizo, muy cerca de la poblaci\u00f3n de Einsiedeln (en la regi\u00f3n de\u00a0Zurich), renombrado centro de peregrinaci\u00f3n en el coraz\u00f3n de Europa, en el camino de Santiago. La casa donde naci\u00f3, y en la que pas\u00f3 su infancia, se halla situada a orillas del r\u00edo\u00a0Sihl, cerca del puente conocido como \u201cEl Puente del Diablo\u201d. Fue el \u00fanico hijo que tuvieron sus padres -Elsa\u00a0Oschner\u00a0y Wilhelm\u00a0Bombast\u00a0Von\u00a0Hohenheim-,\u00a02\u00a0los cuales se hab\u00edan casado el a\u00f1o anterior, en 1492. Fue el mismo a\u00f1o en que su padre se hab\u00eda establecido en Einsiedeln como m\u00e9dico principal de la comarca con formaci\u00f3n acad\u00e9mica, y en que se supone que conoci\u00f3 a su futura esposa. \u00c9sta era enfermera y supervisora del hospital del monasterio de Einsiedeln, el mismo pueblo donde hab\u00eda nacido. Aunque desgraciadamente su madre falleci\u00f3 cuando Paracelso ten\u00eda tan solo 8 a\u00f1os, la profesi\u00f3n de sus progenitores influy\u00f3 sin duda en su vocaci\u00f3n por el arte de curar. Paracelso vener\u00f3 siempre a sus padres. A [&hellip;]\" \/>\n<meta property=\"og:url\" content=\"https:\/\/www.paracelsus-magazin.ch\/es\/medicina-de-paracelsus\/paracelsus-iv\/\" \/>\n<meta property=\"og:site_name\" content=\"Paracelsus Magazin\" \/>\n<meta property=\"article:publisher\" content=\"https:\/\/www.facebook.com\/Paracelsus-Magazin-436487499874780\/\" \/>\n<meta property=\"article:published_time\" content=\"2020-11-12T10:47:55+00:00\" \/>\n<meta property=\"article:modified_time\" content=\"2022-09-05T15:59:33+00:00\" \/>\n<meta property=\"og:image\" content=\"https:\/\/www.paracelsus-magazin.ch\/wp-content\/uploads\/2020\/09\/Paracelsus.jpg\" \/>\n\t<meta property=\"og:image:width\" content=\"2106\" \/>\n\t<meta property=\"og:image:height\" content=\"1185\" \/>\n\t<meta property=\"og:image:type\" content=\"image\/jpeg\" \/>\n<meta name=\"author\" content=\"Jordi Pomes Vives\" \/>\n<meta name=\"twitter:card\" content=\"summary_large_image\" \/>\n<meta name=\"twitter:label1\" content=\"Escrito por\" \/>\n\t<meta name=\"twitter:data1\" content=\"Jordi Pomes Vives\" \/>\n\t<meta name=\"twitter:label2\" content=\"Tiempo de lectura\" \/>\n\t<meta name=\"twitter:data2\" content=\"9 minutos\" \/>\n<script type=\"application\/ld+json\" class=\"yoast-schema-graph\">{\"@context\":\"https:\\\/\\\/schema.org\",\"@graph\":[{\"@type\":\"Article\",\"@id\":\"https:\\\/\\\/www.paracelsus-magazin.ch\\\/es\\\/medicina-de-paracelsus\\\/paracelsus-iv\\\/#article\",\"isPartOf\":{\"@id\":\"https:\\\/\\\/www.paracelsus-magazin.ch\\\/es\\\/medicina-de-paracelsus\\\/paracelsus-iv\\\/\"},\"author\":{\"name\":\"Jordi Pomes Vives\",\"@id\":\"https:\\\/\\\/www.paracelsus-magazin.ch\\\/es\\\/#\\\/schema\\\/person\\\/8c5ae3c001a7ee1fe481c64332afb729\"},\"headline\":\"Paracelsus [IV]\",\"datePublished\":\"2020-11-12T10:47:55+00:00\",\"dateModified\":\"2022-09-05T15:59:33+00:00\",\"mainEntityOfPage\":{\"@id\":\"https:\\\/\\\/www.paracelsus-magazin.ch\\\/es\\\/medicina-de-paracelsus\\\/paracelsus-iv\\\/\"},\"wordCount\":1774,\"publisher\":{\"@id\":\"https:\\\/\\\/www.paracelsus-magazin.ch\\\/es\\\/#organization\"},\"image\":{\"@id\":\"https:\\\/\\\/www.paracelsus-magazin.ch\\\/es\\\/medicina-de-paracelsus\\\/paracelsus-iv\\\/#primaryimage\"},\"thumbnailUrl\":\"https:\\\/\\\/www.paracelsus-magazin.ch\\\/wp-content\\\/uploads\\\/2020\\\/09\\\/Paracelsus.jpg\",\"keywords\":[\"Paracelsus vita\"],\"articleSection\":[\"Medicina de Paracelsus\"],\"inLanguage\":\"es\"},{\"@type\":\"WebPage\",\"@id\":\"https:\\\/\\\/www.paracelsus-magazin.ch\\\/es\\\/medicina-de-paracelsus\\\/paracelsus-iv\\\/\",\"url\":\"https:\\\/\\\/www.paracelsus-magazin.ch\\\/es\\\/medicina-de-paracelsus\\\/paracelsus-iv\\\/\",\"name\":\"Paracelsus [IV] - Paracelsus Magazin\",\"isPartOf\":{\"@id\":\"https:\\\/\\\/www.paracelsus-magazin.ch\\\/es\\\/#website\"},\"primaryImageOfPage\":{\"@id\":\"https:\\\/\\\/www.paracelsus-magazin.ch\\\/es\\\/medicina-de-paracelsus\\\/paracelsus-iv\\\/#primaryimage\"},\"image\":{\"@id\":\"https:\\\/\\\/www.paracelsus-magazin.ch\\\/es\\\/medicina-de-paracelsus\\\/paracelsus-iv\\\/#primaryimage\"},\"thumbnailUrl\":\"https:\\\/\\\/www.paracelsus-magazin.ch\\\/wp-content\\\/uploads\\\/2020\\\/09\\\/Paracelsus.jpg\",\"datePublished\":\"2020-11-12T10:47:55+00:00\",\"dateModified\":\"2022-09-05T15:59:33+00:00\",\"breadcrumb\":{\"@id\":\"https:\\\/\\\/www.paracelsus-magazin.ch\\\/es\\\/medicina-de-paracelsus\\\/paracelsus-iv\\\/#breadcrumb\"},\"inLanguage\":\"es\",\"potentialAction\":[{\"@type\":\"ReadAction\",\"target\":[\"https:\\\/\\\/www.paracelsus-magazin.ch\\\/es\\\/medicina-de-paracelsus\\\/paracelsus-iv\\\/\"]}]},{\"@type\":\"ImageObject\",\"inLanguage\":\"es\",\"@id\":\"https:\\\/\\\/www.paracelsus-magazin.ch\\\/es\\\/medicina-de-paracelsus\\\/paracelsus-iv\\\/#primaryimage\",\"url\":\"https:\\\/\\\/www.paracelsus-magazin.ch\\\/wp-content\\\/uploads\\\/2020\\\/09\\\/Paracelsus.jpg\",\"contentUrl\":\"https:\\\/\\\/www.paracelsus-magazin.ch\\\/wp-content\\\/uploads\\\/2020\\\/09\\\/Paracelsus.jpg\",\"width\":2106,\"height\":1185},{\"@type\":\"BreadcrumbList\",\"@id\":\"https:\\\/\\\/www.paracelsus-magazin.ch\\\/es\\\/medicina-de-paracelsus\\\/paracelsus-iv\\\/#breadcrumb\",\"itemListElement\":[{\"@type\":\"ListItem\",\"position\":1,\"name\":\"Startseite\",\"item\":\"https:\\\/\\\/www.paracelsus-magazin.ch\\\/es\\\/\"},{\"@type\":\"ListItem\",\"position\":2,\"name\":\"Paracelsus [IV]\"}]},{\"@type\":\"WebSite\",\"@id\":\"https:\\\/\\\/www.paracelsus-magazin.ch\\\/es\\\/#website\",\"url\":\"https:\\\/\\\/www.paracelsus-magazin.ch\\\/es\\\/\",\"name\":\"Paracelsus Magazin\",\"description\":\"Health &amp; Healing Magazin\",\"publisher\":{\"@id\":\"https:\\\/\\\/www.paracelsus-magazin.ch\\\/es\\\/#organization\"},\"potentialAction\":[{\"@type\":\"SearchAction\",\"target\":{\"@type\":\"EntryPoint\",\"urlTemplate\":\"https:\\\/\\\/www.paracelsus-magazin.ch\\\/es\\\/?s={search_term_string}\"},\"query-input\":{\"@type\":\"PropertyValueSpecification\",\"valueRequired\":true,\"valueName\":\"search_term_string\"}}],\"inLanguage\":\"es\"},{\"@type\":\"Organization\",\"@id\":\"https:\\\/\\\/www.paracelsus-magazin.ch\\\/es\\\/#organization\",\"name\":\"Paracelsus Magazin\",\"url\":\"https:\\\/\\\/www.paracelsus-magazin.ch\\\/es\\\/\",\"logo\":{\"@type\":\"ImageObject\",\"inLanguage\":\"es\",\"@id\":\"https:\\\/\\\/www.paracelsus-magazin.ch\\\/es\\\/#\\\/schema\\\/logo\\\/image\\\/\",\"url\":\"https:\\\/\\\/www.paracelsus-magazin.ch\\\/wp-content\\\/uploads\\\/2023\\\/08\\\/logo-paracelsus-magazin-sqaure.jpg\",\"contentUrl\":\"https:\\\/\\\/www.paracelsus-magazin.ch\\\/wp-content\\\/uploads\\\/2023\\\/08\\\/logo-paracelsus-magazin-sqaure.jpg\",\"width\":696,\"height\":696,\"caption\":\"Paracelsus Magazin\"},\"image\":{\"@id\":\"https:\\\/\\\/www.paracelsus-magazin.ch\\\/es\\\/#\\\/schema\\\/logo\\\/image\\\/\"},\"sameAs\":[\"https:\\\/\\\/www.facebook.com\\\/Paracelsus-Magazin-436487499874780\\\/\"]},{\"@type\":\"Person\",\"@id\":\"https:\\\/\\\/www.paracelsus-magazin.ch\\\/es\\\/#\\\/schema\\\/person\\\/8c5ae3c001a7ee1fe481c64332afb729\",\"name\":\"Jordi Pomes Vives\",\"image\":{\"@type\":\"ImageObject\",\"inLanguage\":\"es\",\"@id\":\"https:\\\/\\\/secure.gravatar.com\\\/avatar\\\/447ba63cd31d5c29cfad0286e6aab4ad382f4447358ee397ae7386f0031d9b64?s=96&d=mm&r=g\",\"url\":\"https:\\\/\\\/secure.gravatar.com\\\/avatar\\\/447ba63cd31d5c29cfad0286e6aab4ad382f4447358ee397ae7386f0031d9b64?s=96&d=mm&r=g\",\"contentUrl\":\"https:\\\/\\\/secure.gravatar.com\\\/avatar\\\/447ba63cd31d5c29cfad0286e6aab4ad382f4447358ee397ae7386f0031d9b64?s=96&d=mm&r=g\",\"caption\":\"Jordi Pomes Vives\"},\"description\":\"Jordi Pom\u00e9s Vives (Sant Pol de Mar - Barcelona-1962) is a professor of Contemporary History at the Autonomous University of Barcelona since 1997. He specializes in the history of agrarian and popular associationism and in the history of nationalism, federalism and political reform (liberal, republican or socialist), as well as the role of the intellectualism in relation to these movements.\",\"url\":\"https:\\\/\\\/www.paracelsus-magazin.ch\\\/es\\\/author\\\/jordi-pomes-vives\\\/\"}]}<\/script>\n<!-- \/ Yoast SEO plugin. -->","yoast_head_json":{"title":"Paracelsus [IV] - Paracelsus Magazin","robots":{"index":"index","follow":"follow","max-snippet":"max-snippet:-1","max-image-preview":"max-image-preview:large","max-video-preview":"max-video-preview:-1"},"canonical":"https:\/\/www.paracelsus-magazin.ch\/es\/medicina-de-paracelsus\/paracelsus-iv\/","og_locale":"es_ES","og_type":"article","og_title":"Paracelsus [IV] - Paracelsus Magazin","og_description":"Paracelsus, un Verdadero Gran Reformador M\u00e9dico, Religioso y Social del Siglo XVI 2. Las primeras etapas de su vida y sus largos viajes de aprendizaje (1493-1523)\u00a0 \u00a02.1 Nacimiento y familia de origen\u00a0 Paracelso naci\u00f3 el 17 de diciembre de 1493\u00a01\u00a0en un peque\u00f1o valle suizo, muy cerca de la poblaci\u00f3n de Einsiedeln (en la regi\u00f3n de\u00a0Zurich), renombrado centro de peregrinaci\u00f3n en el coraz\u00f3n de Europa, en el camino de Santiago. La casa donde naci\u00f3, y en la que pas\u00f3 su infancia, se halla situada a orillas del r\u00edo\u00a0Sihl, cerca del puente conocido como \u201cEl Puente del Diablo\u201d. Fue el \u00fanico hijo que tuvieron sus padres -Elsa\u00a0Oschner\u00a0y Wilhelm\u00a0Bombast\u00a0Von\u00a0Hohenheim-,\u00a02\u00a0los cuales se hab\u00edan casado el a\u00f1o anterior, en 1492. Fue el mismo a\u00f1o en que su padre se hab\u00eda establecido en Einsiedeln como m\u00e9dico principal de la comarca con formaci\u00f3n acad\u00e9mica, y en que se supone que conoci\u00f3 a su futura esposa. \u00c9sta era enfermera y supervisora del hospital del monasterio de Einsiedeln, el mismo pueblo donde hab\u00eda nacido. Aunque desgraciadamente su madre falleci\u00f3 cuando Paracelso ten\u00eda tan solo 8 a\u00f1os, la profesi\u00f3n de sus progenitores influy\u00f3 sin duda en su vocaci\u00f3n por el arte de curar. Paracelso vener\u00f3 siempre a sus padres. A [&hellip;]","og_url":"https:\/\/www.paracelsus-magazin.ch\/es\/medicina-de-paracelsus\/paracelsus-iv\/","og_site_name":"Paracelsus Magazin","article_publisher":"https:\/\/www.facebook.com\/Paracelsus-Magazin-436487499874780\/","article_published_time":"2020-11-12T10:47:55+00:00","article_modified_time":"2022-09-05T15:59:33+00:00","og_image":[{"width":2106,"height":1185,"url":"https:\/\/www.paracelsus-magazin.ch\/wp-content\/uploads\/2020\/09\/Paracelsus.jpg","type":"image\/jpeg"}],"author":"Jordi Pomes Vives","twitter_card":"summary_large_image","twitter_misc":{"Escrito por":"Jordi Pomes Vives","Tiempo de lectura":"9 minutos"},"schema":{"@context":"https:\/\/schema.org","@graph":[{"@type":"Article","@id":"https:\/\/www.paracelsus-magazin.ch\/es\/medicina-de-paracelsus\/paracelsus-iv\/#article","isPartOf":{"@id":"https:\/\/www.paracelsus-magazin.ch\/es\/medicina-de-paracelsus\/paracelsus-iv\/"},"author":{"name":"Jordi Pomes Vives","@id":"https:\/\/www.paracelsus-magazin.ch\/es\/#\/schema\/person\/8c5ae3c001a7ee1fe481c64332afb729"},"headline":"Paracelsus [IV]","datePublished":"2020-11-12T10:47:55+00:00","dateModified":"2022-09-05T15:59:33+00:00","mainEntityOfPage":{"@id":"https:\/\/www.paracelsus-magazin.ch\/es\/medicina-de-paracelsus\/paracelsus-iv\/"},"wordCount":1774,"publisher":{"@id":"https:\/\/www.paracelsus-magazin.ch\/es\/#organization"},"image":{"@id":"https:\/\/www.paracelsus-magazin.ch\/es\/medicina-de-paracelsus\/paracelsus-iv\/#primaryimage"},"thumbnailUrl":"https:\/\/www.paracelsus-magazin.ch\/wp-content\/uploads\/2020\/09\/Paracelsus.jpg","keywords":["Paracelsus vita"],"articleSection":["Medicina de Paracelsus"],"inLanguage":"es"},{"@type":"WebPage","@id":"https:\/\/www.paracelsus-magazin.ch\/es\/medicina-de-paracelsus\/paracelsus-iv\/","url":"https:\/\/www.paracelsus-magazin.ch\/es\/medicina-de-paracelsus\/paracelsus-iv\/","name":"Paracelsus [IV] - Paracelsus Magazin","isPartOf":{"@id":"https:\/\/www.paracelsus-magazin.ch\/es\/#website"},"primaryImageOfPage":{"@id":"https:\/\/www.paracelsus-magazin.ch\/es\/medicina-de-paracelsus\/paracelsus-iv\/#primaryimage"},"image":{"@id":"https:\/\/www.paracelsus-magazin.ch\/es\/medicina-de-paracelsus\/paracelsus-iv\/#primaryimage"},"thumbnailUrl":"https:\/\/www.paracelsus-magazin.ch\/wp-content\/uploads\/2020\/09\/Paracelsus.jpg","datePublished":"2020-11-12T10:47:55+00:00","dateModified":"2022-09-05T15:59:33+00:00","breadcrumb":{"@id":"https:\/\/www.paracelsus-magazin.ch\/es\/medicina-de-paracelsus\/paracelsus-iv\/#breadcrumb"},"inLanguage":"es","potentialAction":[{"@type":"ReadAction","target":["https:\/\/www.paracelsus-magazin.ch\/es\/medicina-de-paracelsus\/paracelsus-iv\/"]}]},{"@type":"ImageObject","inLanguage":"es","@id":"https:\/\/www.paracelsus-magazin.ch\/es\/medicina-de-paracelsus\/paracelsus-iv\/#primaryimage","url":"https:\/\/www.paracelsus-magazin.ch\/wp-content\/uploads\/2020\/09\/Paracelsus.jpg","contentUrl":"https:\/\/www.paracelsus-magazin.ch\/wp-content\/uploads\/2020\/09\/Paracelsus.jpg","width":2106,"height":1185},{"@type":"BreadcrumbList","@id":"https:\/\/www.paracelsus-magazin.ch\/es\/medicina-de-paracelsus\/paracelsus-iv\/#breadcrumb","itemListElement":[{"@type":"ListItem","position":1,"name":"Startseite","item":"https:\/\/www.paracelsus-magazin.ch\/es\/"},{"@type":"ListItem","position":2,"name":"Paracelsus [IV]"}]},{"@type":"WebSite","@id":"https:\/\/www.paracelsus-magazin.ch\/es\/#website","url":"https:\/\/www.paracelsus-magazin.ch\/es\/","name":"Paracelsus Magazin","description":"Health &amp; Healing Magazin","publisher":{"@id":"https:\/\/www.paracelsus-magazin.ch\/es\/#organization"},"potentialAction":[{"@type":"SearchAction","target":{"@type":"EntryPoint","urlTemplate":"https:\/\/www.paracelsus-magazin.ch\/es\/?s={search_term_string}"},"query-input":{"@type":"PropertyValueSpecification","valueRequired":true,"valueName":"search_term_string"}}],"inLanguage":"es"},{"@type":"Organization","@id":"https:\/\/www.paracelsus-magazin.ch\/es\/#organization","name":"Paracelsus Magazin","url":"https:\/\/www.paracelsus-magazin.ch\/es\/","logo":{"@type":"ImageObject","inLanguage":"es","@id":"https:\/\/www.paracelsus-magazin.ch\/es\/#\/schema\/logo\/image\/","url":"https:\/\/www.paracelsus-magazin.ch\/wp-content\/uploads\/2023\/08\/logo-paracelsus-magazin-sqaure.jpg","contentUrl":"https:\/\/www.paracelsus-magazin.ch\/wp-content\/uploads\/2023\/08\/logo-paracelsus-magazin-sqaure.jpg","width":696,"height":696,"caption":"Paracelsus Magazin"},"image":{"@id":"https:\/\/www.paracelsus-magazin.ch\/es\/#\/schema\/logo\/image\/"},"sameAs":["https:\/\/www.facebook.com\/Paracelsus-Magazin-436487499874780\/"]},{"@type":"Person","@id":"https:\/\/www.paracelsus-magazin.ch\/es\/#\/schema\/person\/8c5ae3c001a7ee1fe481c64332afb729","name":"Jordi Pomes Vives","image":{"@type":"ImageObject","inLanguage":"es","@id":"https:\/\/secure.gravatar.com\/avatar\/447ba63cd31d5c29cfad0286e6aab4ad382f4447358ee397ae7386f0031d9b64?s=96&d=mm&r=g","url":"https:\/\/secure.gravatar.com\/avatar\/447ba63cd31d5c29cfad0286e6aab4ad382f4447358ee397ae7386f0031d9b64?s=96&d=mm&r=g","contentUrl":"https:\/\/secure.gravatar.com\/avatar\/447ba63cd31d5c29cfad0286e6aab4ad382f4447358ee397ae7386f0031d9b64?s=96&d=mm&r=g","caption":"Jordi Pomes Vives"},"description":"Jordi Pom\u00e9s Vives (Sant Pol de Mar - Barcelona-1962) is a professor of Contemporary History at the Autonomous University of Barcelona since 1997. He specializes in the history of agrarian and popular associationism and in the history of nationalism, federalism and political reform (liberal, republican or socialist), as well as the role of the intellectualism in relation to these movements.","url":"https:\/\/www.paracelsus-magazin.ch\/es\/author\/jordi-pomes-vives\/"}]}},"_links":{"self":[{"href":"https:\/\/www.paracelsus-magazin.ch\/es\/wp-json\/wp\/v2\/posts\/20999","targetHints":{"allow":["GET"]}}],"collection":[{"href":"https:\/\/www.paracelsus-magazin.ch\/es\/wp-json\/wp\/v2\/posts"}],"about":[{"href":"https:\/\/www.paracelsus-magazin.ch\/es\/wp-json\/wp\/v2\/types\/post"}],"author":[{"embeddable":true,"href":"https:\/\/www.paracelsus-magazin.ch\/es\/wp-json\/wp\/v2\/users\/91"}],"replies":[{"embeddable":true,"href":"https:\/\/www.paracelsus-magazin.ch\/es\/wp-json\/wp\/v2\/comments?post=20999"}],"version-history":[{"count":0,"href":"https:\/\/www.paracelsus-magazin.ch\/es\/wp-json\/wp\/v2\/posts\/20999\/revisions"}],"wp:featuredmedia":[{"embeddable":true,"href":"https:\/\/www.paracelsus-magazin.ch\/es\/wp-json\/wp\/v2\/media\/20689"}],"wp:attachment":[{"href":"https:\/\/www.paracelsus-magazin.ch\/es\/wp-json\/wp\/v2\/media?parent=20999"}],"wp:term":[{"taxonomy":"category","embeddable":true,"href":"https:\/\/www.paracelsus-magazin.ch\/es\/wp-json\/wp\/v2\/categories?post=20999"},{"taxonomy":"post_tag","embeddable":true,"href":"https:\/\/www.paracelsus-magazin.ch\/es\/wp-json\/wp\/v2\/tags?post=20999"}],"curies":[{"name":"wp","href":"https:\/\/api.w.org\/{rel}","templated":true}]}}