{"id":18992,"date":"2019-08-19T22:43:40","date_gmt":"2019-08-19T20:43:40","guid":{"rendered":"https:\/\/www.paracelsus-magazin.ch\/?p=18992"},"modified":"2022-09-05T19:10:48","modified_gmt":"2022-09-05T17:10:48","slug":"la-bioquimica-segun-el-dr-schuessler-iii","status":"publish","type":"post","link":"https:\/\/www.paracelsus-magazin.ch\/es\/la-medicina-homeopatica\/la-bioquimica-segun-el-dr-schuessler-iii\/","title":{"rendered":"La bioqu\u00edmica seg\u00fan el Dr. Schuessler [III]"},"content":{"rendered":"<h2>Informaci\u00f3n Interesante referente a la Pr\u00e1ctica<\/h2>\n<p>Una y otra vez, se llega a enunciados divergentes respecto a la aplicaci\u00f3n de las sales de Schuessler. Esto depende sencillamente del hecho de que se han establecido puntos de vista diferentes respecto a estos agentes de curaci\u00f3n introducidos por el Dr. Schuessler. En el \u00faltimo art\u00edculo me he referido claramente a ellos y he clasificado la bioqu\u00edmica seg\u00fan el Dr. Schuessler como una terapia sustitutoria.<\/p>\n<p>Respecto a la pr\u00e1ctica, presenta las consecuencias siguientes:<\/p>\n<p><strong>Combinaciones<\/strong>: Partimos del hecho de que durante la aplicaci\u00f3n de las ahora 33 sustancias minerales<sup>16<\/sup> no hay antagonistas, sino que todas pueden combinarse entre s\u00ed.<\/p>\n<p><strong><img decoding=\"async\" class=\"wp-image-4916 alignright\" src=\"https:\/\/www.paracelsus-magazin.ch\/wp-content\/uploads\/2016\/05\/Sch\u00fc\u00dfler-Wilhelm_Heinrich__portrait-300x297.jpg\" alt=\"Sch\u00fc\u00dfler-Wilhelm_Heinrich__portrait\" width=\"200\" height=\"198\" srcset=\"https:\/\/www.paracelsus-magazin.ch\/wp-content\/uploads\/2016\/05\/Sch\u00fc\u00dfler-Wilhelm_Heinrich__portrait-300x297.jpg 300w, https:\/\/www.paracelsus-magazin.ch\/wp-content\/uploads\/2016\/05\/Sch\u00fc\u00dfler-Wilhelm_Heinrich__portrait-556x550.jpg 556w, https:\/\/www.paracelsus-magazin.ch\/wp-content\/uploads\/2016\/05\/Sch\u00fc\u00dfler-Wilhelm_Heinrich__portrait-150x150.jpg 150w, https:\/\/www.paracelsus-magazin.ch\/wp-content\/uploads\/2016\/05\/Sch\u00fc\u00dfler-Wilhelm_Heinrich__portrait-700x693.jpg 700w, https:\/\/www.paracelsus-magazin.ch\/wp-content\/uploads\/2016\/05\/Sch\u00fc\u00dfler-Wilhelm_Heinrich__portrait-80x80.jpg 80w, https:\/\/www.paracelsus-magazin.ch\/wp-content\/uploads\/2016\/05\/Sch\u00fc\u00dfler-Wilhelm_Heinrich__portrait.jpg 1200w\" sizes=\"(max-width: 200px) 100vw, 200px\" \/>Dosis<\/strong>: Principalmente, es el nivel del d\u00e9ficit (y no la edad) lo que determina la dosis<\/p>\n<blockquote><p>\u00abEl n\u00famero de mol\u00e9culas administradas debe ser lo suficientemente grande para cubrir el d\u00e9ficit\u00bb<\/p><\/blockquote>\n<p>En general, se clasifica como una gran deficiencia 10 pastillas\/d\u00eda, es decir, una pastilla cada hora. En caso de una deficiencia muy marcada, se administran incluso dosis superiores. En situaciones agudas, incluso una pastilla tras otra, hasta que se produzca un alivio de los s\u00edntomas; a continuaci\u00f3n, se reduce de nuevo el n\u00famero de pastillas. Una deficiencia media requiere 7 pastillas, y se dan 5 pastillas al d\u00eda en caso de una deficiencia ligera.<\/p>\n<p><strong>Determinaci\u00f3n del d\u00e9ficit<\/strong>: Hay diferentes formas de determinar el d\u00e9ficit:<\/p>\n<ul>\n<li>Mediante un diagn\u00f3stico facial<\/li>\n<li>Mediante la descripci\u00f3n de la persona afectada, de\u00a0 sus \u201cs\u00edntomas\u201d, molestias o incluso \u201cenfermedades\u201d.<\/li>\n<li>Mediante la kinesiolog\u00eda<\/li>\n<li>Mediante ciertos deseos o antojos<\/li>\n<\/ul>\n<h3><\/h3>\n<h3>\u00a1Los deseos indican una carencia!<\/h3>\n<p><strong>La carencia crea deseo<sup>17<\/sup> de ciertos tipos de alimentos<\/strong>: est\u00e1 muy claro que el organismo, en una situaci\u00f3n de carencia, tiene deseo de esas sustancias que necesita desesperadamente, y si no se satisface esta carencia, pr\u00e1cticamente \u201cgrita pidi\u00e9ndola\u201d. \u00a1Aqu\u00ed tenemos un problema! El lenguaje del organismo en la mayor parte del tiempo no suele comprenderse.<\/p>\n<h3><\/h3>\n<h3>Preferencias \/ Rechazos<\/h3>\n<p>En este punto, es absolutamente necesario observar exactamente la afirmaci\u00f3n que a menudo hace mucha gente: \u201c<strong>Mi cuerpo me dir\u00e1 lo que necesito<\/strong>\u201d. La respuesta es: \u201c\u00a1S\u00ed y no!\u201d. Si se comprende el lenguaje del cuerpo, la frase es correcta. Sin embargo, si no se comprende bien, la reacci\u00f3n err\u00f3nea queda incluso reforzada por la carencia.<\/p>\n\n<table id=\"tablepress-97\" class=\"tablepress tablepress-id-97\">\n<thead>\n<tr class=\"row-1\">\n\t<th class=\"column-1\">Deseo de \/ Rechazo de<\/th><th class=\"column-2\">Sustancia Mineral<\/th><th class=\"column-3\">Pastillas \/ d\u00eda<\/th>\n<\/tr>\n<\/thead>\n<tbody class=\"row-striping row-hover\">\n<tr class=\"row-2\">\n\t<td class=\"column-1\">leche<\/td><td class=\"column-2\">No.2 Calcium phosphoricum<\/td><td class=\"column-3\">10 \u2013 20<\/td>\n<\/tr>\n<tr class=\"row-3\">\n\t<td class=\"column-1\">carne ahumada<\/td><td class=\"column-2\">No.2 Calcium phosphoricum<\/td><td class=\"column-3\">10 \u2013 20<\/td>\n<\/tr>\n<tr class=\"row-4\">\n\t<td class=\"column-1\">ketchup<\/td><td class=\"column-2\">No.2 Calcium phosphoricum<\/td><td class=\"column-3\">10<\/td>\n<\/tr>\n<tr class=\"row-5\">\n\t<td class=\"column-1\">mostaza<\/td><td class=\"column-2\">No.2 Calcium phosphoricum<\/td><td class=\"column-3\">10<\/td>\n<\/tr>\n<tr class=\"row-6\">\n\t<td class=\"column-1\">h\u00edgado, pat\u00e9 de h\u00edgado<\/td><td class=\"column-2\">No.3 Ferrum phosphoricum<\/td><td class=\"column-3\">10<\/td>\n<\/tr>\n<tr class=\"row-7\">\n\t<td class=\"column-1\">caf\u00e9<\/td><td class=\"column-2\">No.3 Ferrum phosphoricum<\/td><td class=\"column-3\">10<\/td>\n<\/tr>\n<tr class=\"row-8\">\n\t<td class=\"column-1\">frutos secos, chocolate con leche<\/td><td class=\"column-2\">No.5 Kalium phosphoricum<\/td><td class=\"column-3\">10 \u2013 30<\/td>\n<\/tr>\n<tr class=\"row-9\">\n\t<td class=\"column-1\">chocolate amargo<\/td><td class=\"column-2\">No.7 Magnesium phosphoricum<\/td><td class=\"column-3\">10 \u2013 30<\/td>\n<\/tr>\n<tr class=\"row-10\">\n\t<td class=\"column-1\">sal<\/td><td class=\"column-2\">No.8 Natrium chloratum<\/td><td class=\"column-3\">10 \u2013 30<\/td>\n<\/tr>\n<tr class=\"row-11\">\n\t<td class=\"column-1\">pasteler\u00eda<\/td><td class=\"column-2\">No.9 Natrium phosphoricum<\/td><td class=\"column-3\">10<\/td>\n<\/tr>\n<tr class=\"row-12\">\n\t<td class=\"column-1\">pan blanco<\/td><td class=\"column-2\">No.9 Natrium phosphoricum<\/td><td class=\"column-3\">10<\/td>\n<\/tr>\n<tr class=\"row-13\">\n\t<td class=\"column-1\">fideos<\/td><td class=\"column-2\">No.9 Natrium phosphoricum<\/td><td class=\"column-3\">10<\/td>\n<\/tr>\n<tr class=\"row-14\">\n\t<td class=\"column-1\">grasas<\/td><td class=\"column-2\">No.9 Natrium phosphoricum<\/td><td class=\"column-3\">10<\/td>\n<\/tr>\n<tr class=\"row-15\">\n\t<td class=\"column-1\">dulces<\/td><td class=\"column-2\">No.9 Natrium phosphoricum<\/td><td class=\"column-3\">10 \u2013 30<\/td>\n<\/tr>\n<tr class=\"row-16\">\n\t<td class=\"column-1\">mijo<\/td><td class=\"column-2\">No.11 Silicea<\/td><td class=\"column-3\">10<\/td>\n<\/tr>\n<\/tbody>\n<\/table>\n<!-- #tablepress-97 from cache -->\n<p>Antojos durante el embarazo: Puede ocurrir que una mujer vaya de un antojo muy fuerte a otro \u2013pepinillos encurtidos \u2013 bomb\u00f3n suizo \u2013pastel de carne arrollado\u2013 pastel de chocolate \u2013 salados &#8211; dulces (el embarazo requiere un gran n\u00famero de materiales operativos).<\/p>\n<h3><\/h3>\n<h3>Ingesta<img decoding=\"async\" class=\"alignright wp-image-4912\" src=\"https:\/\/www.paracelsus-magazin.ch\/wp-content\/uploads\/2016\/05\/Sch\u00fcssler_Salze-Tabletten-300x247.jpg\" alt=\"Sch\u00fcssler_Salze-Tabletten\" width=\"200\" height=\"165\" srcset=\"https:\/\/www.paracelsus-magazin.ch\/wp-content\/uploads\/2016\/05\/Sch\u00fcssler_Salze-Tabletten-300x247.jpg 300w, https:\/\/www.paracelsus-magazin.ch\/wp-content\/uploads\/2016\/05\/Sch\u00fcssler_Salze-Tabletten-667x550.jpg 667w, https:\/\/www.paracelsus-magazin.ch\/wp-content\/uploads\/2016\/05\/Sch\u00fcssler_Salze-Tabletten-700x577.jpg 700w, https:\/\/www.paracelsus-magazin.ch\/wp-content\/uploads\/2016\/05\/Sch\u00fcssler_Salze-Tabletten.jpg 1200w\" sizes=\"(max-width: 200px) 100vw, 200px\" \/><\/h3>\n<p>En primer lugar, se sacan de los botes todas las sustancias minerales necesarias, se cuentan y se mezclan. Lo mejor es dejar que las tabletas de sustancias minerales individuales <strong>se disuelvan en la boca por separado<\/strong>. Tambi\u00e9n se pueden tomar diversas pastillas al mismo tiempo, en este caso operan diferentes canales i\u00f3nicos en la membrana celular. (Cuanta m\u00e1s urgencia tenga el cuerpo por la sustancia mineral, m\u00e1s deprisa se disuelve, o sabe m\u00e1s dulce).<\/p>\n<p>Las sustancias minerales tambi\u00e9n pueden <strong>disolverse en agua<\/strong> y tomarse a sorbos, en cuyo caso cada sorbo debe ser mantenido en la boca el mayor tiempo posible. El cuerpo capta los ingredientes activos a trav\u00e9s de la membrana mucosa oral. En principio, la dosificaci\u00f3n y tipo de ingesta debe hacerse individualmente, aunque cantidades como 5 a 10 unidades de una sustancia mineral son muy comunes, as\u00ed que durante el curso de una prescripci\u00f3n, se pueden tomar a diario de 50 a 100 sin problemas..<\/p>\n<h3><\/h3>\n<h3>Procedimiento posible de ingesta<\/h3>\n<p>Si, debido a un diagn\u00f3stico facial o a alguna otra identificaci\u00f3n de necesidades, una persona toma cierta cantidad de sustancias minerales, podr\u00eda llegar a tener al principio una gran necesidad de estas sustancias minerales. Podr\u00eda llegar a salirse de control en forma de avidez. El primer anhelo fuerte muestra cu\u00e1n fuerte era la carencia.<\/p>\n<p>Al principio de la ingesta tambi\u00e9n puede existir una cierta resistencia. En este caso, deber\u00eda seleccionarse una dosificaci\u00f3n inicial m\u00e1s baja. Claro que todos pueden tomar m\u00e1s de lo que les recomiendan, pero no es posible tomar estas sustancias minerales en exceso. Tras cierto tiempo, en cualquier caso, la fuerte sensaci\u00f3n de extrema necesidad disminuye.<\/p>\n<p>Como norma, el usuario experimenta los siguientes estadios:<\/p>\n<ul>\n<li>Al principio de la ingesta, puede existir la sensaci\u00f3n de que, si no se toman las sustancias minerales seg\u00fan el Dr. Schuessler, algo faltar\u00e1.<\/li>\n<li>Durante el curso de las tomas, es f\u00e1cil que se olviden de tomarlas o que haya incluso un rechazo. Por supuesto que es importante obedecer esta sensaci\u00f3n.<\/li>\n<li>La ingesta no debe \u201cpasarse\u201d de la cantidad recomendada. La sensaci\u00f3n de rechazo muestra que algo va mal.<\/li>\n<\/ul>\n<h3><\/h3>\n<h3>Hay varias posibilidades:<\/h3>\n<ol>\n<li>La cantidad es demasiado alta y debe reducirse hasta que se ajuste de nuevo.<\/li>\n<li>La composici\u00f3n ya no es agradable; Se requiere un nuevo diagn\u00f3stico facial u otra identificaci\u00f3n de sus necesidades.<\/li>\n<li>Debe realizarse una pausa cuando \u201cest\u00e1n de huelga\u201d y la resistencia es muy fuerte. Debe aprenderse todo de nuevo y prestar atenci\u00f3n a nuestra propia intuici\u00f3n; y con frecuencia se requiere un est\u00edmulo. Solamente cada uno puede ser responsable de su propio cuerpo.<\/li>\n<\/ol>\n<p>&nbsp;<\/p>\n<h3><strong>Cuando las Sustancias Minerales tienen un Sabor Especial<\/strong><\/h3>\n<p><strong>Cuanta m\u00e1s necesidad tiene el organismo de las sustancias minerales individuales, m\u00e1s r\u00e1pidamente se disuelven, o m\u00e1s dulces resultan, o ambas cosas al mismo tiempo.<\/strong><\/p>\n<p>Si alguien quiere observar esto, todas las preparaciones tienen que proceder del mismo fabricante. Sin embargo, tambi\u00e9n hay un inesperado feedback a la invitaci\u00f3n a tomar las sales de Schuessler: \u201c<strong>\u00a1Las sales de Schuessler no concuerdan conmigo!<\/strong>\u201d. O \u201c<strong>\u00bfQu\u00e9 minerales me ha recomendado?<\/strong>\u201d.<\/p>\n<p>Las sustancias minerales pueden evocar un sabor particular, que se\u00f1ala la necesidad actual de esta precisa sustancia; y es esta sustancia la que deber\u00eda incluirse en la mezcla.<\/p>\n\n<table id=\"tablepress-98\" class=\"tablepress tablepress-id-98\">\n<thead>\n<tr class=\"row-1\">\n\t<th class=\"column-1\">Sabor \/ Olor<\/th><th class=\"column-2\">Sustancia Mineral Indicada<\/th>\n<\/tr>\n<\/thead>\n<tbody class=\"row-striping row-hover\">\n<tr class=\"row-2\">\n\t<td class=\"column-1\">calizo \/ arenoso<\/td><td class=\"column-2\">No.2 Calcium phosphoricum<\/td>\n<\/tr>\n<tr class=\"row-3\">\n\t<td class=\"column-1\">perfumado<\/td><td class=\"column-2\">No.4 Kalium chloratum<\/td>\n<\/tr>\n<tr class=\"row-4\">\n\t<td class=\"column-1\">rancio, mohoso\t<\/td><td class=\"column-2\">No.5 Kalium phosphoricum<\/td>\n<\/tr>\n<tr class=\"row-5\">\n\t<td class=\"column-1\">con sabor a nueces<\/td><td class=\"column-2\">No.5 Kalium phosphoricum<\/td>\n<\/tr>\n<tr class=\"row-6\">\n\t<td class=\"column-1\">salado<\/td><td class=\"column-2\">No.8 Natrium chloratum<\/td>\n<\/tr>\n<tr class=\"row-7\">\n\t<td class=\"column-1\">met\u00e1lico<\/td><td class=\"column-2\">No.20 Kalium Aluminium sulfuricum, No.8 Natrium chloratum, also No.21 Zincum chloratum<\/td>\n<\/tr>\n<tr class=\"row-8\">\n\t<td class=\"column-1\">\u00e1cido, o de pescado\/oleoso<\/td><td class=\"column-2\">No.9 Natrium phosphoricum<\/td>\n<\/tr>\n<tr class=\"row-9\">\n\t<td class=\"column-1\">amargo<\/td><td class=\"column-2\">No.10 Natrium sulfuricum<\/td>\n<\/tr>\n<\/tbody>\n<\/table>\n<!-- #tablepress-98 from cache -->\n<p>Existe la posibilidad de que puedan coincidir diferentes \u201csabores\u201d, lo cual es frecuente en el caso del \u201cBaseDent\u201d, y tambi\u00e9n en el caso del \u201cPower mixture\u201d.<\/p>\n<p>&nbsp;<\/p>\n<h3>Combinaciones Importantes<\/h3>\n<p><strong>Los N\u00fameros 6+10<\/strong>: El N\u00ba 6 <em>Kalium sulfuricum<\/em> se necesita, como otros, para que el organismo transporte al exterior los desechos que se han creado o se han almacenado en el interior de la c\u00e9lula. La \u201cse\u00f1ora de la limpieza coloca las bolsas de basura en el exterior de la puerta\u201d. A fin de transportar estas sustancias de desecho fuera del cuerpo, se necesita la \u201crecogida de basura\u201d. Y esto es el N\u00ba 10 <em>Natrium sulfuricum<\/em>. Por esta raz\u00f3n, el N\u00ba 6 <em>Kalium sulfuricum<\/em> debe combinarse siempre con el N\u00ba 10 <em>Natrium sulfuricum<\/em>, sobre todo cuando el organismo est\u00e1 cargado de sustancias da\u00f1inas. Si esto no se tiene en cuenta, podr\u00eda llevar a consecuencias extremadamente desagradables, o sea, a inundar el metabolismo de sustancias da\u00f1inas.<\/p>\n<p><strong>N\u00fameros 11+9<\/strong>: El N\u00ba 11 <em>Silicea<\/em> disuelve (el Dr. Sch\u00fc\u00dfler ya ha escrito sobre esto) el \u00e1cido encerrado en el cuerpo. Por eso es muy importante combinar esta sal de Sch\u00fc\u00dfler con el regulador para \u00e1cidos, es decir con el N\u00ba 9 <em>Natrium phosphoricum<\/em>. Si no se hace as\u00ed, puede haber consecuencias desagradables, como por ejemplo, ardor de est\u00f3mago. Otros resultados pueden ser un apetito voraz, deseo de dulces y pasteles, piel o cabello grasos, etc.<\/p>\n<p><strong>N\u00fameros 12 + (9+10)<\/strong>: Cuando cargamos con \u00e1cido nuestro tejido conectivo coloidal<sup>18<\/sup>, este se densifica, se compacta, se endurece, como por ejemplo el endurecimiento del m\u00fasculo del muslo. El N\u00ba 12 <em>Calcium sulfuricum<\/em> es una sustancia mineral especial. Es capaz de volver a abrir el tejido compacto, en cuyo caso los \u00e1cidos regresan al metabolismo, lo que requiere una combinaci\u00f3n con el N\u00ba 9 <em>Natrium phosphoricum<\/em>. Tambi\u00e9n se liberan las sustancias da\u00f1inas, que a su vez requieren que se suministre el N\u00ba 10 <em>Natrium sulfuricum<\/em>.<\/p>\n<p>&nbsp;<\/p>\n<h3>Consecuencias<\/h3>\n<p>Si no se tienen en consideraci\u00f3n estas combinaciones, se puede llegar a una acumulaci\u00f3n problem\u00e1tica de las sustancias que deben descomponerse y eliminarse. Por tanto, te encuentras a menudo a gente que dice: \u201cLas sales de Sch\u00fc\u00dfler no concuerdan conmigo\u201d. \u00a1Qu\u00e9 pena!<\/p>\n<h4>Contacto:<\/h4>\n<h5>www.gba.at)<\/h5>\n<p>&nbsp;<\/p>\n<h5><sup>16<\/sup> Adler Pharma at Zell am See\/ Austria han introducido recientemente en el mercado 6 sustancias minerales nuevas respecto a la bioqu\u00edmica seg\u00fan el Dr. Schuessler. Estos son elementos traza, que r\u00e1pidamente han resultado ser cada vez m\u00e1s significativos en el funcionamiento del organismo humano.<br \/>\n<sup>17<\/sup> Antojos<br \/>\n<sup>18<\/sup> Una persona que pesa 70 kilos tiene unos 12-14 kilos de tejido conectivo entre los 60-70 trillones de c\u00e9lulas que constituyen nuestro cuerpo. En este tejido, llamado tambi\u00e9n matriz extracelular, fluyen 12 a 14 litros de tejido conectivo fluido. Esto abastece a las c\u00e9lulas, pero tambi\u00e9n es responsable de la eliminaci\u00f3n de los desechos.<\/h5>\n","protected":false},"excerpt":{"rendered":"<p>Informaci\u00f3n Interesante referente a la Pr\u00e1ctica Una y otra vez, se llega a enunciados divergentes respecto a la aplicaci\u00f3n de las sales de Schuessler. Esto depende sencillamente del hecho de que se han establecido puntos de vista diferentes respecto a estos agentes de curaci\u00f3n introducidos por el Dr. Schuessler. En el \u00faltimo art\u00edculo me he referido claramente a ellos y he clasificado la bioqu\u00edmica seg\u00fan el Dr. Schuessler como una terapia sustitutoria. Respecto a la pr\u00e1ctica, presenta las consecuencias siguientes: Combinaciones: Partimos del hecho de que durante la aplicaci\u00f3n de las ahora 33 sustancias minerales16 no hay antagonistas, sino que todas pueden combinarse entre s\u00ed. Dosis: Principalmente, es el nivel del d\u00e9ficit (y no la edad) lo que determina la dosis \u00abEl n\u00famero de mol\u00e9culas administradas debe ser lo suficientemente grande para cubrir el d\u00e9ficit\u00bb En general, se clasifica como una gran deficiencia 10 pastillas\/d\u00eda, es decir, una pastilla cada hora. En caso de una deficiencia muy marcada, se administran incluso dosis superiores. En situaciones agudas, incluso una pastilla tras otra, hasta que se produzca un alivio de los s\u00edntomas; a continuaci\u00f3n, se reduce de nuevo el n\u00famero de pastillas. Una deficiencia media requiere 7 pastillas, y se dan 5 [&hellip;]<\/p>\n","protected":false},"author":10,"featured_media":4951,"comment_status":"closed","ping_status":"closed","sticky":false,"template":"","format":"standard","meta":{"footnotes":""},"categories":[443],"tags":[],"class_list":["post-18992","post","type-post","status-publish","format-standard","has-post-thumbnail","hentry","category-la-medicina-homeopatica"],"yoast_head":"<!-- This site is optimized with the Yoast SEO plugin v27.5 - https:\/\/yoast.com\/product\/yoast-seo-wordpress\/ -->\n<title>La bioqu\u00edmica seg\u00fan el Dr. Schuessler [III] - Paracelsus Magazin<\/title>\n<meta name=\"robots\" content=\"index, follow, max-snippet:-1, max-image-preview:large, max-video-preview:-1\" \/>\n<link rel=\"canonical\" href=\"https:\/\/www.paracelsus-magazin.ch\/es\/la-medicina-homeopatica\/la-bioquimica-segun-el-dr-schuessler-iii\/\" \/>\n<meta property=\"og:locale\" content=\"es_ES\" \/>\n<meta property=\"og:type\" content=\"article\" \/>\n<meta property=\"og:title\" content=\"La bioqu\u00edmica seg\u00fan el Dr. Schuessler [III] - Paracelsus Magazin\" \/>\n<meta property=\"og:description\" content=\"Informaci\u00f3n Interesante referente a la Pr\u00e1ctica Una y otra vez, se llega a enunciados divergentes respecto a la aplicaci\u00f3n de las sales de Schuessler. Esto depende sencillamente del hecho de que se han establecido puntos de vista diferentes respecto a estos agentes de curaci\u00f3n introducidos por el Dr. Schuessler. En el \u00faltimo art\u00edculo me he referido claramente a ellos y he clasificado la bioqu\u00edmica seg\u00fan el Dr. Schuessler como una terapia sustitutoria. Respecto a la pr\u00e1ctica, presenta las consecuencias siguientes: Combinaciones: Partimos del hecho de que durante la aplicaci\u00f3n de las ahora 33 sustancias minerales16 no hay antagonistas, sino que todas pueden combinarse entre s\u00ed. Dosis: Principalmente, es el nivel del d\u00e9ficit (y no la edad) lo que determina la dosis \u00abEl n\u00famero de mol\u00e9culas administradas debe ser lo suficientemente grande para cubrir el d\u00e9ficit\u00bb En general, se clasifica como una gran deficiencia 10 pastillas\/d\u00eda, es decir, una pastilla cada hora. En caso de una deficiencia muy marcada, se administran incluso dosis superiores. En situaciones agudas, incluso una pastilla tras otra, hasta que se produzca un alivio de los s\u00edntomas; a continuaci\u00f3n, se reduce de nuevo el n\u00famero de pastillas. Una deficiencia media requiere 7 pastillas, y se dan 5 [&hellip;]\" \/>\n<meta property=\"og:url\" content=\"https:\/\/www.paracelsus-magazin.ch\/es\/la-medicina-homeopatica\/la-bioquimica-segun-el-dr-schuessler-iii\/\" \/>\n<meta property=\"og:site_name\" content=\"Paracelsus Magazin\" \/>\n<meta property=\"article:publisher\" content=\"https:\/\/www.facebook.com\/Paracelsus-Magazin-436487499874780\/\" \/>\n<meta property=\"article:published_time\" content=\"2019-08-19T20:43:40+00:00\" \/>\n<meta property=\"article:modified_time\" content=\"2022-09-05T17:10:48+00:00\" \/>\n<meta property=\"og:image\" content=\"https:\/\/www.paracelsus-magazin.ch\/wp-content\/uploads\/2016\/05\/Sch\u00fcssler-3-Beitragsbild.jpg\" \/>\n\t<meta property=\"og:image:width\" content=\"1200\" \/>\n\t<meta property=\"og:image:height\" content=\"880\" \/>\n\t<meta property=\"og:image:type\" content=\"image\/jpeg\" \/>\n<meta name=\"author\" content=\"Thomas Feichtinger\" \/>\n<meta name=\"twitter:card\" content=\"summary_large_image\" \/>\n<meta name=\"twitter:label1\" content=\"Escrito por\" \/>\n\t<meta name=\"twitter:data1\" content=\"Thomas Feichtinger\" \/>\n\t<meta name=\"twitter:label2\" content=\"Tiempo de lectura\" \/>\n\t<meta name=\"twitter:data2\" content=\"7 minutos\" \/>\n<script type=\"application\/ld+json\" class=\"yoast-schema-graph\">{\"@context\":\"https:\\\/\\\/schema.org\",\"@graph\":[{\"@type\":\"Article\",\"@id\":\"https:\\\/\\\/www.paracelsus-magazin.ch\\\/es\\\/la-medicina-homeopatica\\\/la-bioquimica-segun-el-dr-schuessler-iii\\\/#article\",\"isPartOf\":{\"@id\":\"https:\\\/\\\/www.paracelsus-magazin.ch\\\/es\\\/la-medicina-homeopatica\\\/la-bioquimica-segun-el-dr-schuessler-iii\\\/\"},\"author\":{\"name\":\"Thomas Feichtinger\",\"@id\":\"https:\\\/\\\/www.paracelsus-magazin.ch\\\/es\\\/#\\\/schema\\\/person\\\/0693171cbf4191cde42cad5522966635\"},\"headline\":\"La bioqu\u00edmica seg\u00fan el Dr. Schuessler [III]\",\"datePublished\":\"2019-08-19T20:43:40+00:00\",\"dateModified\":\"2022-09-05T17:10:48+00:00\",\"mainEntityOfPage\":{\"@id\":\"https:\\\/\\\/www.paracelsus-magazin.ch\\\/es\\\/la-medicina-homeopatica\\\/la-bioquimica-segun-el-dr-schuessler-iii\\\/\"},\"wordCount\":1489,\"publisher\":{\"@id\":\"https:\\\/\\\/www.paracelsus-magazin.ch\\\/es\\\/#organization\"},\"image\":{\"@id\":\"https:\\\/\\\/www.paracelsus-magazin.ch\\\/es\\\/la-medicina-homeopatica\\\/la-bioquimica-segun-el-dr-schuessler-iii\\\/#primaryimage\"},\"thumbnailUrl\":\"https:\\\/\\\/www.paracelsus-magazin.ch\\\/wp-content\\\/uploads\\\/2016\\\/05\\\/Sch\u00fcssler-3-Beitragsbild.jpg\",\"articleSection\":[\"La Medicina Homeop\u00e1tica\"],\"inLanguage\":\"es\"},{\"@type\":\"WebPage\",\"@id\":\"https:\\\/\\\/www.paracelsus-magazin.ch\\\/es\\\/la-medicina-homeopatica\\\/la-bioquimica-segun-el-dr-schuessler-iii\\\/\",\"url\":\"https:\\\/\\\/www.paracelsus-magazin.ch\\\/es\\\/la-medicina-homeopatica\\\/la-bioquimica-segun-el-dr-schuessler-iii\\\/\",\"name\":\"La bioqu\u00edmica seg\u00fan el Dr. Schuessler [III] - Paracelsus Magazin\",\"isPartOf\":{\"@id\":\"https:\\\/\\\/www.paracelsus-magazin.ch\\\/es\\\/#website\"},\"primaryImageOfPage\":{\"@id\":\"https:\\\/\\\/www.paracelsus-magazin.ch\\\/es\\\/la-medicina-homeopatica\\\/la-bioquimica-segun-el-dr-schuessler-iii\\\/#primaryimage\"},\"image\":{\"@id\":\"https:\\\/\\\/www.paracelsus-magazin.ch\\\/es\\\/la-medicina-homeopatica\\\/la-bioquimica-segun-el-dr-schuessler-iii\\\/#primaryimage\"},\"thumbnailUrl\":\"https:\\\/\\\/www.paracelsus-magazin.ch\\\/wp-content\\\/uploads\\\/2016\\\/05\\\/Sch\u00fcssler-3-Beitragsbild.jpg\",\"datePublished\":\"2019-08-19T20:43:40+00:00\",\"dateModified\":\"2022-09-05T17:10:48+00:00\",\"breadcrumb\":{\"@id\":\"https:\\\/\\\/www.paracelsus-magazin.ch\\\/es\\\/la-medicina-homeopatica\\\/la-bioquimica-segun-el-dr-schuessler-iii\\\/#breadcrumb\"},\"inLanguage\":\"es\",\"potentialAction\":[{\"@type\":\"ReadAction\",\"target\":[\"https:\\\/\\\/www.paracelsus-magazin.ch\\\/es\\\/la-medicina-homeopatica\\\/la-bioquimica-segun-el-dr-schuessler-iii\\\/\"]}]},{\"@type\":\"ImageObject\",\"inLanguage\":\"es\",\"@id\":\"https:\\\/\\\/www.paracelsus-magazin.ch\\\/es\\\/la-medicina-homeopatica\\\/la-bioquimica-segun-el-dr-schuessler-iii\\\/#primaryimage\",\"url\":\"https:\\\/\\\/www.paracelsus-magazin.ch\\\/wp-content\\\/uploads\\\/2016\\\/05\\\/Sch\u00fcssler-3-Beitragsbild.jpg\",\"contentUrl\":\"https:\\\/\\\/www.paracelsus-magazin.ch\\\/wp-content\\\/uploads\\\/2016\\\/05\\\/Sch\u00fcssler-3-Beitragsbild.jpg\",\"width\":1200,\"height\":880},{\"@type\":\"BreadcrumbList\",\"@id\":\"https:\\\/\\\/www.paracelsus-magazin.ch\\\/es\\\/la-medicina-homeopatica\\\/la-bioquimica-segun-el-dr-schuessler-iii\\\/#breadcrumb\",\"itemListElement\":[{\"@type\":\"ListItem\",\"position\":1,\"name\":\"Startseite\",\"item\":\"https:\\\/\\\/www.paracelsus-magazin.ch\\\/es\\\/\"},{\"@type\":\"ListItem\",\"position\":2,\"name\":\"La bioqu\u00edmica seg\u00fan el Dr. Schuessler [III]\"}]},{\"@type\":\"WebSite\",\"@id\":\"https:\\\/\\\/www.paracelsus-magazin.ch\\\/es\\\/#website\",\"url\":\"https:\\\/\\\/www.paracelsus-magazin.ch\\\/es\\\/\",\"name\":\"Paracelsus Magazin\",\"description\":\"Health &amp; Healing Magazin\",\"publisher\":{\"@id\":\"https:\\\/\\\/www.paracelsus-magazin.ch\\\/es\\\/#organization\"},\"potentialAction\":[{\"@type\":\"SearchAction\",\"target\":{\"@type\":\"EntryPoint\",\"urlTemplate\":\"https:\\\/\\\/www.paracelsus-magazin.ch\\\/es\\\/?s={search_term_string}\"},\"query-input\":{\"@type\":\"PropertyValueSpecification\",\"valueRequired\":true,\"valueName\":\"search_term_string\"}}],\"inLanguage\":\"es\"},{\"@type\":\"Organization\",\"@id\":\"https:\\\/\\\/www.paracelsus-magazin.ch\\\/es\\\/#organization\",\"name\":\"Paracelsus Magazin\",\"url\":\"https:\\\/\\\/www.paracelsus-magazin.ch\\\/es\\\/\",\"logo\":{\"@type\":\"ImageObject\",\"inLanguage\":\"es\",\"@id\":\"https:\\\/\\\/www.paracelsus-magazin.ch\\\/es\\\/#\\\/schema\\\/logo\\\/image\\\/\",\"url\":\"https:\\\/\\\/www.paracelsus-magazin.ch\\\/wp-content\\\/uploads\\\/2023\\\/08\\\/logo-paracelsus-magazin-sqaure.jpg\",\"contentUrl\":\"https:\\\/\\\/www.paracelsus-magazin.ch\\\/wp-content\\\/uploads\\\/2023\\\/08\\\/logo-paracelsus-magazin-sqaure.jpg\",\"width\":696,\"height\":696,\"caption\":\"Paracelsus Magazin\"},\"image\":{\"@id\":\"https:\\\/\\\/www.paracelsus-magazin.ch\\\/es\\\/#\\\/schema\\\/logo\\\/image\\\/\"},\"sameAs\":[\"https:\\\/\\\/www.facebook.com\\\/Paracelsus-Magazin-436487499874780\\\/\"]},{\"@type\":\"Person\",\"@id\":\"https:\\\/\\\/www.paracelsus-magazin.ch\\\/es\\\/#\\\/schema\\\/person\\\/0693171cbf4191cde42cad5522966635\",\"name\":\"Thomas Feichtinger\",\"image\":{\"@type\":\"ImageObject\",\"inLanguage\":\"es\",\"@id\":\"https:\\\/\\\/secure.gravatar.com\\\/avatar\\\/3abdae389f43da9456e67598988452afa5f47f1f3e1a7aa78aac0ce09e1c426d?s=96&d=mm&r=g\",\"url\":\"https:\\\/\\\/secure.gravatar.com\\\/avatar\\\/3abdae389f43da9456e67598988452afa5f47f1f3e1a7aa78aac0ce09e1c426d?s=96&d=mm&r=g\",\"contentUrl\":\"https:\\\/\\\/secure.gravatar.com\\\/avatar\\\/3abdae389f43da9456e67598988452afa5f47f1f3e1a7aa78aac0ce09e1c426d?s=96&d=mm&r=g\",\"caption\":\"Thomas Feichtinger\"},\"description\":\"Thomas Feichtinger wurde 1946 in Salzburg geboren und lebt in Zell am See. Nach jahrelanger Auseinandersetzung mit einer schweren Krankheit und ihrer Bew\u00e4ltigung, unter anderem mit Hilfe der Mineralstoffe nach Dr. Sch\u00fc\u00dfler, kann Thomas Feichtinger heute wieder arbeiten. Neben Lehrg\u00e4ngen in der Mineralstofflehre nach Dr. Sch\u00fc\u00dfler und der damit eng verkn\u00fcpften Antlitzanalyse nach Kurt Hickethier absolvierte er eine Ausbildung in Gestalttherapie und in Existenzanalyse und Logotherapie nach Viktor E. Frankl. Heute arbeitet er in der Erwachsenenbildung, in der Einzelberatung, ist erfolgreicher Buchautor und Ausbildungsleiter in der GBA.\",\"sameAs\":[\"http:\\\/\\\/www.gba.at\"],\"url\":\"https:\\\/\\\/www.paracelsus-magazin.ch\\\/es\\\/author\\\/feichtinger\\\/\"}]}<\/script>\n<!-- \/ Yoast SEO plugin. -->","yoast_head_json":{"title":"La bioqu\u00edmica seg\u00fan el Dr. Schuessler [III] - Paracelsus Magazin","robots":{"index":"index","follow":"follow","max-snippet":"max-snippet:-1","max-image-preview":"max-image-preview:large","max-video-preview":"max-video-preview:-1"},"canonical":"https:\/\/www.paracelsus-magazin.ch\/es\/la-medicina-homeopatica\/la-bioquimica-segun-el-dr-schuessler-iii\/","og_locale":"es_ES","og_type":"article","og_title":"La bioqu\u00edmica seg\u00fan el Dr. Schuessler [III] - Paracelsus Magazin","og_description":"Informaci\u00f3n Interesante referente a la Pr\u00e1ctica Una y otra vez, se llega a enunciados divergentes respecto a la aplicaci\u00f3n de las sales de Schuessler. Esto depende sencillamente del hecho de que se han establecido puntos de vista diferentes respecto a estos agentes de curaci\u00f3n introducidos por el Dr. Schuessler. En el \u00faltimo art\u00edculo me he referido claramente a ellos y he clasificado la bioqu\u00edmica seg\u00fan el Dr. Schuessler como una terapia sustitutoria. Respecto a la pr\u00e1ctica, presenta las consecuencias siguientes: Combinaciones: Partimos del hecho de que durante la aplicaci\u00f3n de las ahora 33 sustancias minerales16 no hay antagonistas, sino que todas pueden combinarse entre s\u00ed. Dosis: Principalmente, es el nivel del d\u00e9ficit (y no la edad) lo que determina la dosis \u00abEl n\u00famero de mol\u00e9culas administradas debe ser lo suficientemente grande para cubrir el d\u00e9ficit\u00bb En general, se clasifica como una gran deficiencia 10 pastillas\/d\u00eda, es decir, una pastilla cada hora. En caso de una deficiencia muy marcada, se administran incluso dosis superiores. En situaciones agudas, incluso una pastilla tras otra, hasta que se produzca un alivio de los s\u00edntomas; a continuaci\u00f3n, se reduce de nuevo el n\u00famero de pastillas. Una deficiencia media requiere 7 pastillas, y se dan 5 [&hellip;]","og_url":"https:\/\/www.paracelsus-magazin.ch\/es\/la-medicina-homeopatica\/la-bioquimica-segun-el-dr-schuessler-iii\/","og_site_name":"Paracelsus Magazin","article_publisher":"https:\/\/www.facebook.com\/Paracelsus-Magazin-436487499874780\/","article_published_time":"2019-08-19T20:43:40+00:00","article_modified_time":"2022-09-05T17:10:48+00:00","og_image":[{"width":1200,"height":880,"url":"https:\/\/www.paracelsus-magazin.ch\/wp-content\/uploads\/2016\/05\/Sch\u00fcssler-3-Beitragsbild.jpg","type":"image\/jpeg"}],"author":"Thomas Feichtinger","twitter_card":"summary_large_image","twitter_misc":{"Escrito por":"Thomas Feichtinger","Tiempo de lectura":"7 minutos"},"schema":{"@context":"https:\/\/schema.org","@graph":[{"@type":"Article","@id":"https:\/\/www.paracelsus-magazin.ch\/es\/la-medicina-homeopatica\/la-bioquimica-segun-el-dr-schuessler-iii\/#article","isPartOf":{"@id":"https:\/\/www.paracelsus-magazin.ch\/es\/la-medicina-homeopatica\/la-bioquimica-segun-el-dr-schuessler-iii\/"},"author":{"name":"Thomas Feichtinger","@id":"https:\/\/www.paracelsus-magazin.ch\/es\/#\/schema\/person\/0693171cbf4191cde42cad5522966635"},"headline":"La bioqu\u00edmica seg\u00fan el Dr. Schuessler [III]","datePublished":"2019-08-19T20:43:40+00:00","dateModified":"2022-09-05T17:10:48+00:00","mainEntityOfPage":{"@id":"https:\/\/www.paracelsus-magazin.ch\/es\/la-medicina-homeopatica\/la-bioquimica-segun-el-dr-schuessler-iii\/"},"wordCount":1489,"publisher":{"@id":"https:\/\/www.paracelsus-magazin.ch\/es\/#organization"},"image":{"@id":"https:\/\/www.paracelsus-magazin.ch\/es\/la-medicina-homeopatica\/la-bioquimica-segun-el-dr-schuessler-iii\/#primaryimage"},"thumbnailUrl":"https:\/\/www.paracelsus-magazin.ch\/wp-content\/uploads\/2016\/05\/Sch\u00fcssler-3-Beitragsbild.jpg","articleSection":["La Medicina Homeop\u00e1tica"],"inLanguage":"es"},{"@type":"WebPage","@id":"https:\/\/www.paracelsus-magazin.ch\/es\/la-medicina-homeopatica\/la-bioquimica-segun-el-dr-schuessler-iii\/","url":"https:\/\/www.paracelsus-magazin.ch\/es\/la-medicina-homeopatica\/la-bioquimica-segun-el-dr-schuessler-iii\/","name":"La bioqu\u00edmica seg\u00fan el Dr. Schuessler [III] - Paracelsus Magazin","isPartOf":{"@id":"https:\/\/www.paracelsus-magazin.ch\/es\/#website"},"primaryImageOfPage":{"@id":"https:\/\/www.paracelsus-magazin.ch\/es\/la-medicina-homeopatica\/la-bioquimica-segun-el-dr-schuessler-iii\/#primaryimage"},"image":{"@id":"https:\/\/www.paracelsus-magazin.ch\/es\/la-medicina-homeopatica\/la-bioquimica-segun-el-dr-schuessler-iii\/#primaryimage"},"thumbnailUrl":"https:\/\/www.paracelsus-magazin.ch\/wp-content\/uploads\/2016\/05\/Sch\u00fcssler-3-Beitragsbild.jpg","datePublished":"2019-08-19T20:43:40+00:00","dateModified":"2022-09-05T17:10:48+00:00","breadcrumb":{"@id":"https:\/\/www.paracelsus-magazin.ch\/es\/la-medicina-homeopatica\/la-bioquimica-segun-el-dr-schuessler-iii\/#breadcrumb"},"inLanguage":"es","potentialAction":[{"@type":"ReadAction","target":["https:\/\/www.paracelsus-magazin.ch\/es\/la-medicina-homeopatica\/la-bioquimica-segun-el-dr-schuessler-iii\/"]}]},{"@type":"ImageObject","inLanguage":"es","@id":"https:\/\/www.paracelsus-magazin.ch\/es\/la-medicina-homeopatica\/la-bioquimica-segun-el-dr-schuessler-iii\/#primaryimage","url":"https:\/\/www.paracelsus-magazin.ch\/wp-content\/uploads\/2016\/05\/Sch\u00fcssler-3-Beitragsbild.jpg","contentUrl":"https:\/\/www.paracelsus-magazin.ch\/wp-content\/uploads\/2016\/05\/Sch\u00fcssler-3-Beitragsbild.jpg","width":1200,"height":880},{"@type":"BreadcrumbList","@id":"https:\/\/www.paracelsus-magazin.ch\/es\/la-medicina-homeopatica\/la-bioquimica-segun-el-dr-schuessler-iii\/#breadcrumb","itemListElement":[{"@type":"ListItem","position":1,"name":"Startseite","item":"https:\/\/www.paracelsus-magazin.ch\/es\/"},{"@type":"ListItem","position":2,"name":"La bioqu\u00edmica seg\u00fan el Dr. Schuessler [III]"}]},{"@type":"WebSite","@id":"https:\/\/www.paracelsus-magazin.ch\/es\/#website","url":"https:\/\/www.paracelsus-magazin.ch\/es\/","name":"Paracelsus Magazin","description":"Health &amp; Healing Magazin","publisher":{"@id":"https:\/\/www.paracelsus-magazin.ch\/es\/#organization"},"potentialAction":[{"@type":"SearchAction","target":{"@type":"EntryPoint","urlTemplate":"https:\/\/www.paracelsus-magazin.ch\/es\/?s={search_term_string}"},"query-input":{"@type":"PropertyValueSpecification","valueRequired":true,"valueName":"search_term_string"}}],"inLanguage":"es"},{"@type":"Organization","@id":"https:\/\/www.paracelsus-magazin.ch\/es\/#organization","name":"Paracelsus Magazin","url":"https:\/\/www.paracelsus-magazin.ch\/es\/","logo":{"@type":"ImageObject","inLanguage":"es","@id":"https:\/\/www.paracelsus-magazin.ch\/es\/#\/schema\/logo\/image\/","url":"https:\/\/www.paracelsus-magazin.ch\/wp-content\/uploads\/2023\/08\/logo-paracelsus-magazin-sqaure.jpg","contentUrl":"https:\/\/www.paracelsus-magazin.ch\/wp-content\/uploads\/2023\/08\/logo-paracelsus-magazin-sqaure.jpg","width":696,"height":696,"caption":"Paracelsus Magazin"},"image":{"@id":"https:\/\/www.paracelsus-magazin.ch\/es\/#\/schema\/logo\/image\/"},"sameAs":["https:\/\/www.facebook.com\/Paracelsus-Magazin-436487499874780\/"]},{"@type":"Person","@id":"https:\/\/www.paracelsus-magazin.ch\/es\/#\/schema\/person\/0693171cbf4191cde42cad5522966635","name":"Thomas Feichtinger","image":{"@type":"ImageObject","inLanguage":"es","@id":"https:\/\/secure.gravatar.com\/avatar\/3abdae389f43da9456e67598988452afa5f47f1f3e1a7aa78aac0ce09e1c426d?s=96&d=mm&r=g","url":"https:\/\/secure.gravatar.com\/avatar\/3abdae389f43da9456e67598988452afa5f47f1f3e1a7aa78aac0ce09e1c426d?s=96&d=mm&r=g","contentUrl":"https:\/\/secure.gravatar.com\/avatar\/3abdae389f43da9456e67598988452afa5f47f1f3e1a7aa78aac0ce09e1c426d?s=96&d=mm&r=g","caption":"Thomas Feichtinger"},"description":"Thomas Feichtinger wurde 1946 in Salzburg geboren und lebt in Zell am See. Nach jahrelanger Auseinandersetzung mit einer schweren Krankheit und ihrer Bew\u00e4ltigung, unter anderem mit Hilfe der Mineralstoffe nach Dr. Sch\u00fc\u00dfler, kann Thomas Feichtinger heute wieder arbeiten. Neben Lehrg\u00e4ngen in der Mineralstofflehre nach Dr. Sch\u00fc\u00dfler und der damit eng verkn\u00fcpften Antlitzanalyse nach Kurt Hickethier absolvierte er eine Ausbildung in Gestalttherapie und in Existenzanalyse und Logotherapie nach Viktor E. Frankl. Heute arbeitet er in der Erwachsenenbildung, in der Einzelberatung, ist erfolgreicher Buchautor und Ausbildungsleiter in der GBA.","sameAs":["http:\/\/www.gba.at"],"url":"https:\/\/www.paracelsus-magazin.ch\/es\/author\/feichtinger\/"}]}},"_links":{"self":[{"href":"https:\/\/www.paracelsus-magazin.ch\/es\/wp-json\/wp\/v2\/posts\/18992","targetHints":{"allow":["GET"]}}],"collection":[{"href":"https:\/\/www.paracelsus-magazin.ch\/es\/wp-json\/wp\/v2\/posts"}],"about":[{"href":"https:\/\/www.paracelsus-magazin.ch\/es\/wp-json\/wp\/v2\/types\/post"}],"author":[{"embeddable":true,"href":"https:\/\/www.paracelsus-magazin.ch\/es\/wp-json\/wp\/v2\/users\/10"}],"replies":[{"embeddable":true,"href":"https:\/\/www.paracelsus-magazin.ch\/es\/wp-json\/wp\/v2\/comments?post=18992"}],"version-history":[{"count":0,"href":"https:\/\/www.paracelsus-magazin.ch\/es\/wp-json\/wp\/v2\/posts\/18992\/revisions"}],"wp:featuredmedia":[{"embeddable":true,"href":"https:\/\/www.paracelsus-magazin.ch\/es\/wp-json\/wp\/v2\/media\/4951"}],"wp:attachment":[{"href":"https:\/\/www.paracelsus-magazin.ch\/es\/wp-json\/wp\/v2\/media?parent=18992"}],"wp:term":[{"taxonomy":"category","embeddable":true,"href":"https:\/\/www.paracelsus-magazin.ch\/es\/wp-json\/wp\/v2\/categories?post=18992"},{"taxonomy":"post_tag","embeddable":true,"href":"https:\/\/www.paracelsus-magazin.ch\/es\/wp-json\/wp\/v2\/tags?post=18992"}],"curies":[{"name":"wp","href":"https:\/\/api.w.org\/{rel}","templated":true}]}}