{"id":18985,"date":"2019-08-19T15:59:29","date_gmt":"2019-08-19T13:59:29","guid":{"rendered":"https:\/\/www.paracelsus-magazin.ch\/?p=18985"},"modified":"2022-09-05T19:18:36","modified_gmt":"2022-09-05T17:18:36","slug":"la-psicosintesis-como-modelo-de-sanacion-para-el-futuro","status":"publish","type":"post","link":"https:\/\/www.paracelsus-magazin.ch\/es\/psicologia\/la-psicosintesis-como-modelo-de-sanacion-para-el-futuro\/","title":{"rendered":"La Psicos\u00edntesis como Modelo de Sanaci\u00f3n para el Futuro"},"content":{"rendered":"<h2>Desde la Fuerza del Coraz\u00f3n<\/h2>\n<p><em>Ha llegado el momento de un replanteo radical. En vez de la oposici\u00f3n entre las diversas \u00e1reas m\u00e9dicas, necesitamos modelos en los que una amplia variedad de enfoques puedan coexistir. Esto requiere una visi\u00f3n hol\u00edstica de los seres humanos, as\u00ed como tambi\u00e9n buena disposici\u00f3n para aprender nuevas percepciones\u00a0 todo el tiempo.\u00a0\u00a0 Esta es exactamente la naturaleza de la psicos\u00edntesis, explica Gerhard Schobel en este art\u00edculo.<\/em><\/p>\n<p>Por lo tanto, es hora de que el modelo, que ya pertenece a los m\u00e1s grandes modelos terap\u00e9uticos del mundo anglo-saj\u00f3n, gane m\u00e1s terreno en Suiza.<\/p>\n<p>Imagine que se debilita la salud de su \u00e1rbol favorito en el jard\u00edn y apenas da frutos.\u00a0 P\u00eddales consejo a los cuatro mejores jardineros de los alrededores.<\/p>\n<p>El primer jardinero llega a la conclusi\u00f3n de que el \u00e1rbol necesita m\u00e1s minerales, y fertiliza la tierra.<\/p>\n<p>El segundo jardinero ubica el problema en el crecimiento del \u00e1rbol, y lo recorta.<\/p>\n<p>El tercer jardinero dirige su atenci\u00f3n al tiempo, y llega a la conclusi\u00f3n que el verano seco es el culpable.<\/p>\n<p>El cuarto jardinero mira la historia del \u00e1rbol, pregunta su edad, si el \u00e1rbol ha crecido por si solo o si fue plantado all\u00ed.\u00a0 Examina cu\u00e1les son sus necesidades de tierra, clima, etc.\u00a0 c\u00f3mo est\u00e1 el \u00e1rbol conectado a la tierra, qu\u00e9 otras plantas crecen cerca.\u00a0 En consideraci\u00f3n de toda esta informaci\u00f3n el jardinero har\u00e1 un plan para ayudar al \u00e1rbol en su crecimiento.<\/p>\n<p>&nbsp;<\/p>\n<h3>Redenci\u00f3n de un conflicto de enfoques<\/h3>\n<p>Cuando empec\u00e9 mi trabajo en psiquiatr\u00eda hace treinta a\u00f1os, me qued\u00e9 impresionado por el potencial de curaci\u00f3n de la medicina y la farmacolog\u00eda. Todav\u00eda me impresiona.<\/p>\n<p>Al mismo tiempo, me he ocupado del chamanismo y de los m\u00e9todos de medicina alternativa que tambi\u00e9n eran importantes para m\u00ed.\u00a0 Ambos sectores me parec\u00edan completamente concluyentes, pero al mismo tiempo diferentes. La dificultad era que requer\u00edan de un acto de verdadero equilibrio mental para mantener en mi percepci\u00f3n estos dos m\u00e9todos opuestos.<\/p>\n<p>Entonces descubr\u00ed la psicos\u00edntesis -un concepto que combina los diferentes campos de sanaci\u00f3n. La psicos\u00edntesis ha sido desarrollada desde 1911 por un psicoanalista italiano llamado Roberto Assagioli MD (1888-1972). Se basa en tres pilares: la medicina, la pedagog\u00eda y la espiritualidad.<\/p>\n<p>\u201c<em>La psicos\u00edntesis no es una doctrina o una \u201cescuela\u201d de psicolog\u00eda; no es un m\u00e9todo singular o especial para la realizaci\u00f3n personal, terapia y educaci\u00f3n. (\u2026).\u00a0 No hay un pensamiento convencional u ortodoxo en la psicos\u00edntesis. Y nadie, empezando por m\u00ed mismo, debe ser visto como el l\u00edder exclusivo o representativo.<\/em>\u201d, escribi\u00f3 Assagioli.<\/p>\n<p>La psicos\u00edntesis es una actitud. Assagioli quer\u00eda que evolucionara y permaneciera abierta a nuevas percepciones &#8211; \u00a1de cualquier origen!\u00a0 Por supuesto siempre y cuando estas extensiones se ajusten al modelo antropol\u00f3gico de la psicos\u00edntesis (ver cuadro).<\/p>\n<p>&nbsp;<\/p>\n<h3>Con el coraz\u00f3n de un guerrero<\/h3>\n<p>As\u00ed como el cuarto jardinero, la psicos\u00edntesis trata de entender a los seres humanos en su totalidad.\u00a0 La sanaci\u00f3n es lo que percibimos como la totalidad conjunta de nuestros diversos niveles de conciencia y actuamos en concordancia. Por lo tanto, debemos vivir desde nuestro centro, desde la fuerza de nuestro coraz\u00f3n.<\/p>\n<p><em>\u201cPara abrirnos profundamente, como lo requiere la vida espiritual genuina, necesitamos un tremendo valor y fuerza -una especie de esp\u00edritu combativo. El lugar donde crece este poder del esp\u00edritu guerrero es el coraz\u00f3n. (\u2026) Necesitamos un coraz\u00f3n de guerrero que nos deje encarar directamente nuestros dolores y limitaciones, nuestros goces y posibilidades. Este valor nos permite incluir todos los aspectos de la vida en nuestra pr\u00e1ctica espiritual: nuestros cuerpos, nuestras familias, nuestra sociedad, la pol\u00edtica, la ecolog\u00eda, el arte, la educaci\u00f3n.\u00a0 S\u00f3lo entonces podremos verdaderamente integrar la espiritualidad en nuestras vidas.\u201d<\/em>, dice Jack Kornfield, el bien conocido autor americano y budista.<\/p>\n<p>Esto es lo que intenta la psicos\u00edntesis: Una vida desde el poder del coraz\u00f3n no significa que vamos a estar constantemente sonriendo y caminando unos cent\u00edmetros por encima del piso flotando por la vida, sino lo contrario -si tenemos el valor de unir la cabeza y el coraz\u00f3n, podemos encarar la vida e involucrarnos conscientemente con todas sus experiencias.<\/p>\n<p>&nbsp;<\/p>\n<h3>Somos ambas cosas, jardineros y \u00e1rboles<\/h3>\n<p>Cuando reflexionamos en el centro de nuestra conciencia -el poder de nuestro coraz\u00f3n- nos encontramos con la gente e incluso con nosotros mismos con amor y compasi\u00f3n. Si actuamos como profesionales de la salud desde la comprensi\u00f3n, el sanador y el paciente son dos almas en un viaje, activaremos mejor nuestra contraparte con su propia fortaleza. Juntos caminaremos el sendero de la sanaci\u00f3n, respetando a nuestra contraparte, entendiendo y descubriendo con \u00e9l o ella nuevas formas y posibilidades de sanaci\u00f3n.\u00a0 Es esta profunda conexi\u00f3n de coraz\u00f3n a coraz\u00f3n lo que hace que la curaci\u00f3n sea posible.<\/p>\n<p>Qui\u00e9n trabaje con la psicos\u00edntesis, se dar\u00e1 cuenta r\u00e1pidamente de que el m\u00e9todo a la vez, recibi\u00f3 los hallazgos de la psicolog\u00eda cl\u00e1sica y de las ense\u00f1anzas de sabidur\u00eda de todo el mundo. Sea C\u00e1bala, Budismo, Chamanismo o Huna -todos ellos encuentran su equivalente en el m\u00e9todo de la psicos\u00edntesis.<\/p>\n<p>La psicos\u00edntesis funciona para explorar el subconsciente, con una variedad de m\u00e9todos y t\u00e9cnicas, que se conocen tambi\u00e9n de las formas cl\u00e1sicas de terapia, como la terapia de conversaci\u00f3n, de la imaginaci\u00f3n, t\u00e9cnicas de ensue\u00f1o, expresi\u00f3n creativa, meditaci\u00f3n, trabajo corporal, etc.<\/p>\n<p>La psicos\u00edntesis usa muchas t\u00e9cnicas psicol\u00f3gicas activas que se dirigen primero al desarrollo y perfeccionamiento de la personalidad y una coordinaci\u00f3n armoniosa con una creciente unificaci\u00f3n con el ser.<\/p>\n<p>Dependiendo del campo de actividad en el que se use y dependiendo de los varios prop\u00f3sitos a los que pueda servir, la psicos\u00edntesis puede ser:<\/p>\n<ol>\n<li>Un m\u00e9todo de desarrollo espiritual y de auto-realizaci\u00f3n<\/li>\n<li>Un tratamiento para des\u00f3rdenes psicol\u00f3gicos y psicosom\u00e1ticos<\/li>\n<li>Un m\u00e9todo de educaci\u00f3n hol\u00edstica que ayuda al ni\u00f1o (y a los adultos) a desarrollar sus talentos y su verdadera naturaleza espiritual<\/li>\n<li>Una expresi\u00f3n individual de un principio m\u00e1s amplio, de s\u00edntesis interindividual y c\u00f3smica.<\/li>\n<\/ol>\n<p>La gente que sigue el camino de la psicos\u00edntesis \u2013 aunque sea por un tiempo muy limitado \u2013 describe sus experiencias una y otra vez como extraordinariamente liberadoras, vitalizadoras y como una forma de promover su <em>\u2018joie de vivre\u2019\u00a0 <\/em>[<em>alegr\u00eda de vivir<\/em>]. Es un enfoque positivista que demuestra las debilidades y que cura, pero cuyo enfoque est\u00e1 dirigido a promover las fortalezas y potencialidades.<\/p>\n<p>&nbsp;<\/p>\n<h3>El modelo humano de la psicos\u00edntesis<\/h3>\n<p><img decoding=\"async\" class=\"alignleft wp-image-3201 size-medium\" src=\"https:\/\/www.paracelsus-magazin.ch\/wp-content\/uploads\/2016\/04\/Psychosynthesis-egg-diagram-191x300.png\" alt=\"Lower unconscious The middle unconscious The higher unconscious The field of consciousness The ego or personal self The higher or transpersonal self The collective unconscious\" width=\"191\" height=\"300\" \/><\/p>\n<p>&nbsp;<\/p>\n<p>&nbsp;<\/p>\n<p>&nbsp;<\/p>\n<h5>Diagrama<br \/>\n1\u00a0 El inconsciente inferior<br \/>\n2 El inconsciente medios<br \/>\n3 El inconsciente superior<br \/>\n4 El campo de la conciencia<br \/>\n5 El ego o yo personal<br \/>\n6 El yo superior o transpersonal<br \/>\n7 El inconsciente colectivo<\/h5>\n<p>&nbsp;<\/p>\n<ol>\n<li><strong>El inconsciente inferior<\/strong><br \/>\ncorresponde al subconsciente de la psicolog\u00eda tradicional e incluye los procesos fisiol\u00f3gicos b\u00e1sicos de la vida, la coordinaci\u00f3n de nuestro cuerpo, los instintos b\u00e1sicos, los impulsos primitivos, los recuerdos inconscientes de experiencias pasadas positivas y negativas, y diversas manifestaciones patol\u00f3gicas.<\/li>\n<li><strong>El inconsciente medio<\/strong><br \/>\nsimboliza el nivel en el cual nuestra conciencia vig\u00edlica est\u00e1 potencialmente consciente. Sigmund Freud llamaba a esta \u00e1rea el umbral de la conciencia. Es el espacio en el que tiene lugar una especie de preparaci\u00f3n psicol\u00f3gica y\/o integraci\u00f3n de experiencias.<\/li>\n<li><strong>El inconsciente superior<\/strong><br \/>\nha sido conceptualizado en detalle s\u00f3lo en la psicos\u00edntesis. Es la morada de nuestras aspiraciones e intuiciones superiores, pero a menudo de funciones ps\u00edquicas y energ\u00edas espirituales latentes e inconscientes. Es la fuente de origen del genio y de los estados de contemplaci\u00f3n, iluminaci\u00f3n y \u00e9xtasis. Los impulsos y energ\u00edas que le dan forma al desarrollo del individuo y de la humanidad como un todo, son el resultado del inconsciente superior.<\/li>\n<li><strong>El campo de la conciencia<\/strong><br \/>\nrefleja el contenido de nuestra conciencia, lo percibido por nosotros en este preciso momento.\u00a0 Conocemos \u00e9sta \u00e1rea directamente, a trav\u00e9s de nuestros sentidos. Es aqu\u00ed donde tomamos la \u201cverdadera corriente de conciencia infinita\u201d en forma de im\u00e1genes, pensamientos, impulsos, sentimientos, sensaciones y deseos. En esta \u00e1rea estamos evaluando, analizando, y viendo todo el tiempo.<\/li>\n<li><strong>El ego o yo personal<\/strong><br \/>\nes el centro de nuestra conciencia, el punto de nuestra auto-conciencia pura. Es el lugar del \u201cYo Soy\u201d, el asiento de nuestra verdadera voluntad, que nos da la libertad para decidir con cu\u00e1les contenidos mentales (sentimientos, pensamientos, creencias, motivos, impulsos, etc.) nos identificamos o de los que nos queremos apartar (centrarnos).<\/li>\n<li><strong>El yo superior o transpersonal<\/strong><br \/>\nes el punto de nuestro verdadero ser.\u00a0 Es nuestra fuente espiritual, donde experimentamos \u201cla unidad\u201d. El asterisco -dibujado con una mitad dentro del huevo de la carta y la otra mitad afuera -simboliza la naturaleza universal e individual de la existencia humana.<\/li>\n<li><strong>El inconsciente colectivo<\/strong><br \/>\nComo humanos, estamos en contacto con nuestros contempor\u00e1neos. La l\u00ednea externa del huevo de la carta simboliza una distinci\u00f3n, pero no la separaci\u00f3n, m\u00e1s bien puede entenderse como una membrana que nos mantiene en un proceso de \u201c\u00f3smosis psicol\u00f3gica\u201d, en un constante intercambio con el mundo que nos rodea. Es esencialmente similar al \u201cinconsciente colectivo\u201d de Carl Gustav Jung. Nosotros, a diferencia de Jung, hacemos una clara distinci\u00f3n entre las diferentes dimensiones del inconsciente colectivo.<\/li>\n<\/ol>\n<p>Todas las l\u00edneas se interrumpen deliberadamente, para mostrar que no hay una separaci\u00f3n real, sino que las transiciones est\u00e1n siempre fluyendo..<\/p>\n<p>&nbsp;<\/p>\n<h4>Bibliograf\u00eda:<\/h4>\n<h5>FERRUCCI, Piero: <em>Crescere. Teoria e pratica della psicosintesi<\/em>: 1981<br \/>\nFERRUCCI, Piero: <em>What We May Be: Techniques for Psychological and Spiritual Growth Through Psychosynthesis<\/em>: 2009<br \/>\nASSAGIOLI, Roberto: <em>Psychosynthesis: A Manual of Principles and Techniques<\/em>: 1971<br \/>\nASSAGIOLI, Roberto: <em>The Act of Will<\/em>: 2010<\/h5>\n<h4>Informaci\u00f3n &amp; contacto:<\/h4>\n<h5><a href=\"http:\/\/www.aeon.ch\">www.aeon.ch<\/a><\/h5>\n<p>&nbsp;<\/p>\n","protected":false},"excerpt":{"rendered":"<p>Desde la Fuerza del Coraz\u00f3n Ha llegado el momento de un replanteo radical. En vez de la oposici\u00f3n entre las diversas \u00e1reas m\u00e9dicas, necesitamos modelos en los que una amplia variedad de enfoques puedan coexistir. Esto requiere una visi\u00f3n hol\u00edstica de los seres humanos, as\u00ed como tambi\u00e9n buena disposici\u00f3n para aprender nuevas percepciones\u00a0 todo el tiempo.\u00a0\u00a0 Esta es exactamente la naturaleza de la psicos\u00edntesis, explica Gerhard Schobel en este art\u00edculo. Por lo tanto, es hora de que el modelo, que ya pertenece a los m\u00e1s grandes modelos terap\u00e9uticos del mundo anglo-saj\u00f3n, gane m\u00e1s terreno en Suiza. Imagine que se debilita la salud de su \u00e1rbol favorito en el jard\u00edn y apenas da frutos.\u00a0 P\u00eddales consejo a los cuatro mejores jardineros de los alrededores. El primer jardinero llega a la conclusi\u00f3n de que el \u00e1rbol necesita m\u00e1s minerales, y fertiliza la tierra. El segundo jardinero ubica el problema en el crecimiento del \u00e1rbol, y lo recorta. El tercer jardinero dirige su atenci\u00f3n al tiempo, y llega a la conclusi\u00f3n que el verano seco es el culpable. El cuarto jardinero mira la historia del \u00e1rbol, pregunta su edad, si el \u00e1rbol ha crecido por si solo o si fue plantado all\u00ed.\u00a0 Examina [&hellip;]<\/p>\n","protected":false},"author":30,"featured_media":4683,"comment_status":"closed","ping_status":"closed","sticky":false,"template":"","format":"standard","meta":{"footnotes":""},"categories":[453],"tags":[551,553],"class_list":["post-18985","post","type-post","status-publish","format-standard","has-post-thumbnail","hentry","category-psicologia","tag-cuerpoespiritu","tag-terapias"],"yoast_head":"<!-- This site is optimized with the Yoast SEO plugin v27.5 - https:\/\/yoast.com\/product\/yoast-seo-wordpress\/ -->\n<title>La Psicos\u00edntesis como Modelo de Sanaci\u00f3n para el Futuro - Paracelsus Magazin<\/title>\n<meta name=\"robots\" content=\"index, follow, max-snippet:-1, max-image-preview:large, max-video-preview:-1\" \/>\n<link rel=\"canonical\" href=\"https:\/\/www.paracelsus-magazin.ch\/es\/psicologia\/la-psicosintesis-como-modelo-de-sanacion-para-el-futuro\/\" \/>\n<meta property=\"og:locale\" content=\"es_ES\" \/>\n<meta property=\"og:type\" content=\"article\" \/>\n<meta property=\"og:title\" content=\"La Psicos\u00edntesis como Modelo de Sanaci\u00f3n para el Futuro - Paracelsus Magazin\" \/>\n<meta property=\"og:description\" content=\"Desde la Fuerza del Coraz\u00f3n Ha llegado el momento de un replanteo radical. En vez de la oposici\u00f3n entre las diversas \u00e1reas m\u00e9dicas, necesitamos modelos en los que una amplia variedad de enfoques puedan coexistir. Esto requiere una visi\u00f3n hol\u00edstica de los seres humanos, as\u00ed como tambi\u00e9n buena disposici\u00f3n para aprender nuevas percepciones\u00a0 todo el tiempo.\u00a0\u00a0 Esta es exactamente la naturaleza de la psicos\u00edntesis, explica Gerhard Schobel en este art\u00edculo. Por lo tanto, es hora de que el modelo, que ya pertenece a los m\u00e1s grandes modelos terap\u00e9uticos del mundo anglo-saj\u00f3n, gane m\u00e1s terreno en Suiza. Imagine que se debilita la salud de su \u00e1rbol favorito en el jard\u00edn y apenas da frutos.\u00a0 P\u00eddales consejo a los cuatro mejores jardineros de los alrededores. El primer jardinero llega a la conclusi\u00f3n de que el \u00e1rbol necesita m\u00e1s minerales, y fertiliza la tierra. El segundo jardinero ubica el problema en el crecimiento del \u00e1rbol, y lo recorta. El tercer jardinero dirige su atenci\u00f3n al tiempo, y llega a la conclusi\u00f3n que el verano seco es el culpable. El cuarto jardinero mira la historia del \u00e1rbol, pregunta su edad, si el \u00e1rbol ha crecido por si solo o si fue plantado all\u00ed.\u00a0 Examina [&hellip;]\" \/>\n<meta property=\"og:url\" content=\"https:\/\/www.paracelsus-magazin.ch\/es\/psicologia\/la-psicosintesis-como-modelo-de-sanacion-para-el-futuro\/\" \/>\n<meta property=\"og:site_name\" content=\"Paracelsus Magazin\" \/>\n<meta property=\"article:publisher\" content=\"https:\/\/www.facebook.com\/Paracelsus-Magazin-436487499874780\/\" \/>\n<meta property=\"article:published_time\" content=\"2019-08-19T13:59:29+00:00\" \/>\n<meta property=\"article:modified_time\" content=\"2022-09-05T17:18:36+00:00\" \/>\n<meta property=\"og:image\" content=\"https:\/\/www.paracelsus-magazin.ch\/wp-content\/uploads\/2016\/04\/Psychosynthese-Paeonia_suffruticosa6.jpg\" \/>\n\t<meta property=\"og:image:width\" content=\"1200\" \/>\n\t<meta property=\"og:image:height\" content=\"900\" \/>\n\t<meta property=\"og:image:type\" content=\"image\/jpeg\" \/>\n<meta name=\"author\" content=\"Gerhard Schobel\" \/>\n<meta name=\"twitter:card\" content=\"summary_large_image\" \/>\n<meta name=\"twitter:label1\" content=\"Escrito por\" \/>\n\t<meta name=\"twitter:data1\" content=\"Gerhard Schobel\" \/>\n\t<meta name=\"twitter:label2\" content=\"Tiempo de lectura\" \/>\n\t<meta name=\"twitter:data2\" content=\"8 minutos\" \/>\n<script type=\"application\/ld+json\" class=\"yoast-schema-graph\">{\"@context\":\"https:\\\/\\\/schema.org\",\"@graph\":[{\"@type\":\"Article\",\"@id\":\"https:\\\/\\\/www.paracelsus-magazin.ch\\\/es\\\/psicologia\\\/la-psicosintesis-como-modelo-de-sanacion-para-el-futuro\\\/#article\",\"isPartOf\":{\"@id\":\"https:\\\/\\\/www.paracelsus-magazin.ch\\\/es\\\/psicologia\\\/la-psicosintesis-como-modelo-de-sanacion-para-el-futuro\\\/\"},\"author\":{\"name\":\"Gerhard Schobel\",\"@id\":\"https:\\\/\\\/www.paracelsus-magazin.ch\\\/es\\\/#\\\/schema\\\/person\\\/c5a98780adca69e5374c67cc1e0a325f\"},\"headline\":\"La Psicos\u00edntesis como Modelo de Sanaci\u00f3n para el Futuro\",\"datePublished\":\"2019-08-19T13:59:29+00:00\",\"dateModified\":\"2022-09-05T17:18:36+00:00\",\"mainEntityOfPage\":{\"@id\":\"https:\\\/\\\/www.paracelsus-magazin.ch\\\/es\\\/psicologia\\\/la-psicosintesis-como-modelo-de-sanacion-para-el-futuro\\\/\"},\"wordCount\":1701,\"publisher\":{\"@id\":\"https:\\\/\\\/www.paracelsus-magazin.ch\\\/es\\\/#organization\"},\"image\":{\"@id\":\"https:\\\/\\\/www.paracelsus-magazin.ch\\\/es\\\/psicologia\\\/la-psicosintesis-como-modelo-de-sanacion-para-el-futuro\\\/#primaryimage\"},\"thumbnailUrl\":\"https:\\\/\\\/www.paracelsus-magazin.ch\\\/wp-content\\\/uploads\\\/2016\\\/04\\\/Psychosynthese-Paeonia_suffruticosa6.jpg\",\"keywords\":[\"Cuerpo&amp;esp\u00edritu\",\"Terapias\"],\"articleSection\":[\"Psicolog\u00eda\"],\"inLanguage\":\"es\"},{\"@type\":\"WebPage\",\"@id\":\"https:\\\/\\\/www.paracelsus-magazin.ch\\\/es\\\/psicologia\\\/la-psicosintesis-como-modelo-de-sanacion-para-el-futuro\\\/\",\"url\":\"https:\\\/\\\/www.paracelsus-magazin.ch\\\/es\\\/psicologia\\\/la-psicosintesis-como-modelo-de-sanacion-para-el-futuro\\\/\",\"name\":\"La Psicos\u00edntesis como Modelo de Sanaci\u00f3n para el Futuro - Paracelsus Magazin\",\"isPartOf\":{\"@id\":\"https:\\\/\\\/www.paracelsus-magazin.ch\\\/es\\\/#website\"},\"primaryImageOfPage\":{\"@id\":\"https:\\\/\\\/www.paracelsus-magazin.ch\\\/es\\\/psicologia\\\/la-psicosintesis-como-modelo-de-sanacion-para-el-futuro\\\/#primaryimage\"},\"image\":{\"@id\":\"https:\\\/\\\/www.paracelsus-magazin.ch\\\/es\\\/psicologia\\\/la-psicosintesis-como-modelo-de-sanacion-para-el-futuro\\\/#primaryimage\"},\"thumbnailUrl\":\"https:\\\/\\\/www.paracelsus-magazin.ch\\\/wp-content\\\/uploads\\\/2016\\\/04\\\/Psychosynthese-Paeonia_suffruticosa6.jpg\",\"datePublished\":\"2019-08-19T13:59:29+00:00\",\"dateModified\":\"2022-09-05T17:18:36+00:00\",\"breadcrumb\":{\"@id\":\"https:\\\/\\\/www.paracelsus-magazin.ch\\\/es\\\/psicologia\\\/la-psicosintesis-como-modelo-de-sanacion-para-el-futuro\\\/#breadcrumb\"},\"inLanguage\":\"es\",\"potentialAction\":[{\"@type\":\"ReadAction\",\"target\":[\"https:\\\/\\\/www.paracelsus-magazin.ch\\\/es\\\/psicologia\\\/la-psicosintesis-como-modelo-de-sanacion-para-el-futuro\\\/\"]}]},{\"@type\":\"ImageObject\",\"inLanguage\":\"es\",\"@id\":\"https:\\\/\\\/www.paracelsus-magazin.ch\\\/es\\\/psicologia\\\/la-psicosintesis-como-modelo-de-sanacion-para-el-futuro\\\/#primaryimage\",\"url\":\"https:\\\/\\\/www.paracelsus-magazin.ch\\\/wp-content\\\/uploads\\\/2016\\\/04\\\/Psychosynthese-Paeonia_suffruticosa6.jpg\",\"contentUrl\":\"https:\\\/\\\/www.paracelsus-magazin.ch\\\/wp-content\\\/uploads\\\/2016\\\/04\\\/Psychosynthese-Paeonia_suffruticosa6.jpg\",\"width\":1200,\"height\":900},{\"@type\":\"BreadcrumbList\",\"@id\":\"https:\\\/\\\/www.paracelsus-magazin.ch\\\/es\\\/psicologia\\\/la-psicosintesis-como-modelo-de-sanacion-para-el-futuro\\\/#breadcrumb\",\"itemListElement\":[{\"@type\":\"ListItem\",\"position\":1,\"name\":\"Startseite\",\"item\":\"https:\\\/\\\/www.paracelsus-magazin.ch\\\/es\\\/\"},{\"@type\":\"ListItem\",\"position\":2,\"name\":\"La Psicos\u00edntesis como Modelo de Sanaci\u00f3n para el Futuro\"}]},{\"@type\":\"WebSite\",\"@id\":\"https:\\\/\\\/www.paracelsus-magazin.ch\\\/es\\\/#website\",\"url\":\"https:\\\/\\\/www.paracelsus-magazin.ch\\\/es\\\/\",\"name\":\"Paracelsus Magazin\",\"description\":\"Health &amp; Healing Magazin\",\"publisher\":{\"@id\":\"https:\\\/\\\/www.paracelsus-magazin.ch\\\/es\\\/#organization\"},\"potentialAction\":[{\"@type\":\"SearchAction\",\"target\":{\"@type\":\"EntryPoint\",\"urlTemplate\":\"https:\\\/\\\/www.paracelsus-magazin.ch\\\/es\\\/?s={search_term_string}\"},\"query-input\":{\"@type\":\"PropertyValueSpecification\",\"valueRequired\":true,\"valueName\":\"search_term_string\"}}],\"inLanguage\":\"es\"},{\"@type\":\"Organization\",\"@id\":\"https:\\\/\\\/www.paracelsus-magazin.ch\\\/es\\\/#organization\",\"name\":\"Paracelsus Magazin\",\"url\":\"https:\\\/\\\/www.paracelsus-magazin.ch\\\/es\\\/\",\"logo\":{\"@type\":\"ImageObject\",\"inLanguage\":\"es\",\"@id\":\"https:\\\/\\\/www.paracelsus-magazin.ch\\\/es\\\/#\\\/schema\\\/logo\\\/image\\\/\",\"url\":\"https:\\\/\\\/www.paracelsus-magazin.ch\\\/wp-content\\\/uploads\\\/2023\\\/08\\\/logo-paracelsus-magazin-sqaure.jpg\",\"contentUrl\":\"https:\\\/\\\/www.paracelsus-magazin.ch\\\/wp-content\\\/uploads\\\/2023\\\/08\\\/logo-paracelsus-magazin-sqaure.jpg\",\"width\":696,\"height\":696,\"caption\":\"Paracelsus Magazin\"},\"image\":{\"@id\":\"https:\\\/\\\/www.paracelsus-magazin.ch\\\/es\\\/#\\\/schema\\\/logo\\\/image\\\/\"},\"sameAs\":[\"https:\\\/\\\/www.facebook.com\\\/Paracelsus-Magazin-436487499874780\\\/\"]},{\"@type\":\"Person\",\"@id\":\"https:\\\/\\\/www.paracelsus-magazin.ch\\\/es\\\/#\\\/schema\\\/person\\\/c5a98780adca69e5374c67cc1e0a325f\",\"name\":\"Gerhard Schobel\",\"image\":{\"@type\":\"ImageObject\",\"inLanguage\":\"es\",\"@id\":\"https:\\\/\\\/secure.gravatar.com\\\/avatar\\\/eca35c11aff0a5bc73f303dc86909b070b4be9fd822419e43de24d1076a46c87?s=96&d=mm&r=g\",\"url\":\"https:\\\/\\\/secure.gravatar.com\\\/avatar\\\/eca35c11aff0a5bc73f303dc86909b070b4be9fd822419e43de24d1076a46c87?s=96&d=mm&r=g\",\"contentUrl\":\"https:\\\/\\\/secure.gravatar.com\\\/avatar\\\/eca35c11aff0a5bc73f303dc86909b070b4be9fd822419e43de24d1076a46c87?s=96&d=mm&r=g\",\"caption\":\"Gerhard Schobel\"},\"description\":\"Gerhard Schobel is chair of the aeon center \u00ae Training Center for Psychosynthesis and holistic healing in Basel. Mr Schobel is a teacher of psychosynthesis and huna. He works as a coach and therapist in private practice and teaches since 1987 at home and abroad.\",\"url\":\"https:\\\/\\\/www.paracelsus-magazin.ch\\\/es\\\/author\\\/gerhard-schobel\\\/\"}]}<\/script>\n<!-- \/ Yoast SEO plugin. -->","yoast_head_json":{"title":"La Psicos\u00edntesis como Modelo de Sanaci\u00f3n para el Futuro - Paracelsus Magazin","robots":{"index":"index","follow":"follow","max-snippet":"max-snippet:-1","max-image-preview":"max-image-preview:large","max-video-preview":"max-video-preview:-1"},"canonical":"https:\/\/www.paracelsus-magazin.ch\/es\/psicologia\/la-psicosintesis-como-modelo-de-sanacion-para-el-futuro\/","og_locale":"es_ES","og_type":"article","og_title":"La Psicos\u00edntesis como Modelo de Sanaci\u00f3n para el Futuro - Paracelsus Magazin","og_description":"Desde la Fuerza del Coraz\u00f3n Ha llegado el momento de un replanteo radical. En vez de la oposici\u00f3n entre las diversas \u00e1reas m\u00e9dicas, necesitamos modelos en los que una amplia variedad de enfoques puedan coexistir. Esto requiere una visi\u00f3n hol\u00edstica de los seres humanos, as\u00ed como tambi\u00e9n buena disposici\u00f3n para aprender nuevas percepciones\u00a0 todo el tiempo.\u00a0\u00a0 Esta es exactamente la naturaleza de la psicos\u00edntesis, explica Gerhard Schobel en este art\u00edculo. Por lo tanto, es hora de que el modelo, que ya pertenece a los m\u00e1s grandes modelos terap\u00e9uticos del mundo anglo-saj\u00f3n, gane m\u00e1s terreno en Suiza. Imagine que se debilita la salud de su \u00e1rbol favorito en el jard\u00edn y apenas da frutos.\u00a0 P\u00eddales consejo a los cuatro mejores jardineros de los alrededores. El primer jardinero llega a la conclusi\u00f3n de que el \u00e1rbol necesita m\u00e1s minerales, y fertiliza la tierra. El segundo jardinero ubica el problema en el crecimiento del \u00e1rbol, y lo recorta. El tercer jardinero dirige su atenci\u00f3n al tiempo, y llega a la conclusi\u00f3n que el verano seco es el culpable. El cuarto jardinero mira la historia del \u00e1rbol, pregunta su edad, si el \u00e1rbol ha crecido por si solo o si fue plantado all\u00ed.\u00a0 Examina [&hellip;]","og_url":"https:\/\/www.paracelsus-magazin.ch\/es\/psicologia\/la-psicosintesis-como-modelo-de-sanacion-para-el-futuro\/","og_site_name":"Paracelsus Magazin","article_publisher":"https:\/\/www.facebook.com\/Paracelsus-Magazin-436487499874780\/","article_published_time":"2019-08-19T13:59:29+00:00","article_modified_time":"2022-09-05T17:18:36+00:00","og_image":[{"width":1200,"height":900,"url":"https:\/\/www.paracelsus-magazin.ch\/wp-content\/uploads\/2016\/04\/Psychosynthese-Paeonia_suffruticosa6.jpg","type":"image\/jpeg"}],"author":"Gerhard Schobel","twitter_card":"summary_large_image","twitter_misc":{"Escrito por":"Gerhard Schobel","Tiempo de lectura":"8 minutos"},"schema":{"@context":"https:\/\/schema.org","@graph":[{"@type":"Article","@id":"https:\/\/www.paracelsus-magazin.ch\/es\/psicologia\/la-psicosintesis-como-modelo-de-sanacion-para-el-futuro\/#article","isPartOf":{"@id":"https:\/\/www.paracelsus-magazin.ch\/es\/psicologia\/la-psicosintesis-como-modelo-de-sanacion-para-el-futuro\/"},"author":{"name":"Gerhard Schobel","@id":"https:\/\/www.paracelsus-magazin.ch\/es\/#\/schema\/person\/c5a98780adca69e5374c67cc1e0a325f"},"headline":"La Psicos\u00edntesis como Modelo de Sanaci\u00f3n para el Futuro","datePublished":"2019-08-19T13:59:29+00:00","dateModified":"2022-09-05T17:18:36+00:00","mainEntityOfPage":{"@id":"https:\/\/www.paracelsus-magazin.ch\/es\/psicologia\/la-psicosintesis-como-modelo-de-sanacion-para-el-futuro\/"},"wordCount":1701,"publisher":{"@id":"https:\/\/www.paracelsus-magazin.ch\/es\/#organization"},"image":{"@id":"https:\/\/www.paracelsus-magazin.ch\/es\/psicologia\/la-psicosintesis-como-modelo-de-sanacion-para-el-futuro\/#primaryimage"},"thumbnailUrl":"https:\/\/www.paracelsus-magazin.ch\/wp-content\/uploads\/2016\/04\/Psychosynthese-Paeonia_suffruticosa6.jpg","keywords":["Cuerpo&amp;esp\u00edritu","Terapias"],"articleSection":["Psicolog\u00eda"],"inLanguage":"es"},{"@type":"WebPage","@id":"https:\/\/www.paracelsus-magazin.ch\/es\/psicologia\/la-psicosintesis-como-modelo-de-sanacion-para-el-futuro\/","url":"https:\/\/www.paracelsus-magazin.ch\/es\/psicologia\/la-psicosintesis-como-modelo-de-sanacion-para-el-futuro\/","name":"La Psicos\u00edntesis como Modelo de Sanaci\u00f3n para el Futuro - Paracelsus Magazin","isPartOf":{"@id":"https:\/\/www.paracelsus-magazin.ch\/es\/#website"},"primaryImageOfPage":{"@id":"https:\/\/www.paracelsus-magazin.ch\/es\/psicologia\/la-psicosintesis-como-modelo-de-sanacion-para-el-futuro\/#primaryimage"},"image":{"@id":"https:\/\/www.paracelsus-magazin.ch\/es\/psicologia\/la-psicosintesis-como-modelo-de-sanacion-para-el-futuro\/#primaryimage"},"thumbnailUrl":"https:\/\/www.paracelsus-magazin.ch\/wp-content\/uploads\/2016\/04\/Psychosynthese-Paeonia_suffruticosa6.jpg","datePublished":"2019-08-19T13:59:29+00:00","dateModified":"2022-09-05T17:18:36+00:00","breadcrumb":{"@id":"https:\/\/www.paracelsus-magazin.ch\/es\/psicologia\/la-psicosintesis-como-modelo-de-sanacion-para-el-futuro\/#breadcrumb"},"inLanguage":"es","potentialAction":[{"@type":"ReadAction","target":["https:\/\/www.paracelsus-magazin.ch\/es\/psicologia\/la-psicosintesis-como-modelo-de-sanacion-para-el-futuro\/"]}]},{"@type":"ImageObject","inLanguage":"es","@id":"https:\/\/www.paracelsus-magazin.ch\/es\/psicologia\/la-psicosintesis-como-modelo-de-sanacion-para-el-futuro\/#primaryimage","url":"https:\/\/www.paracelsus-magazin.ch\/wp-content\/uploads\/2016\/04\/Psychosynthese-Paeonia_suffruticosa6.jpg","contentUrl":"https:\/\/www.paracelsus-magazin.ch\/wp-content\/uploads\/2016\/04\/Psychosynthese-Paeonia_suffruticosa6.jpg","width":1200,"height":900},{"@type":"BreadcrumbList","@id":"https:\/\/www.paracelsus-magazin.ch\/es\/psicologia\/la-psicosintesis-como-modelo-de-sanacion-para-el-futuro\/#breadcrumb","itemListElement":[{"@type":"ListItem","position":1,"name":"Startseite","item":"https:\/\/www.paracelsus-magazin.ch\/es\/"},{"@type":"ListItem","position":2,"name":"La Psicos\u00edntesis como Modelo de Sanaci\u00f3n para el Futuro"}]},{"@type":"WebSite","@id":"https:\/\/www.paracelsus-magazin.ch\/es\/#website","url":"https:\/\/www.paracelsus-magazin.ch\/es\/","name":"Paracelsus Magazin","description":"Health &amp; Healing Magazin","publisher":{"@id":"https:\/\/www.paracelsus-magazin.ch\/es\/#organization"},"potentialAction":[{"@type":"SearchAction","target":{"@type":"EntryPoint","urlTemplate":"https:\/\/www.paracelsus-magazin.ch\/es\/?s={search_term_string}"},"query-input":{"@type":"PropertyValueSpecification","valueRequired":true,"valueName":"search_term_string"}}],"inLanguage":"es"},{"@type":"Organization","@id":"https:\/\/www.paracelsus-magazin.ch\/es\/#organization","name":"Paracelsus Magazin","url":"https:\/\/www.paracelsus-magazin.ch\/es\/","logo":{"@type":"ImageObject","inLanguage":"es","@id":"https:\/\/www.paracelsus-magazin.ch\/es\/#\/schema\/logo\/image\/","url":"https:\/\/www.paracelsus-magazin.ch\/wp-content\/uploads\/2023\/08\/logo-paracelsus-magazin-sqaure.jpg","contentUrl":"https:\/\/www.paracelsus-magazin.ch\/wp-content\/uploads\/2023\/08\/logo-paracelsus-magazin-sqaure.jpg","width":696,"height":696,"caption":"Paracelsus Magazin"},"image":{"@id":"https:\/\/www.paracelsus-magazin.ch\/es\/#\/schema\/logo\/image\/"},"sameAs":["https:\/\/www.facebook.com\/Paracelsus-Magazin-436487499874780\/"]},{"@type":"Person","@id":"https:\/\/www.paracelsus-magazin.ch\/es\/#\/schema\/person\/c5a98780adca69e5374c67cc1e0a325f","name":"Gerhard Schobel","image":{"@type":"ImageObject","inLanguage":"es","@id":"https:\/\/secure.gravatar.com\/avatar\/eca35c11aff0a5bc73f303dc86909b070b4be9fd822419e43de24d1076a46c87?s=96&d=mm&r=g","url":"https:\/\/secure.gravatar.com\/avatar\/eca35c11aff0a5bc73f303dc86909b070b4be9fd822419e43de24d1076a46c87?s=96&d=mm&r=g","contentUrl":"https:\/\/secure.gravatar.com\/avatar\/eca35c11aff0a5bc73f303dc86909b070b4be9fd822419e43de24d1076a46c87?s=96&d=mm&r=g","caption":"Gerhard Schobel"},"description":"Gerhard Schobel is chair of the aeon center \u00ae Training Center for Psychosynthesis and holistic healing in Basel. Mr Schobel is a teacher of psychosynthesis and huna. He works as a coach and therapist in private practice and teaches since 1987 at home and abroad.","url":"https:\/\/www.paracelsus-magazin.ch\/es\/author\/gerhard-schobel\/"}]}},"_links":{"self":[{"href":"https:\/\/www.paracelsus-magazin.ch\/es\/wp-json\/wp\/v2\/posts\/18985","targetHints":{"allow":["GET"]}}],"collection":[{"href":"https:\/\/www.paracelsus-magazin.ch\/es\/wp-json\/wp\/v2\/posts"}],"about":[{"href":"https:\/\/www.paracelsus-magazin.ch\/es\/wp-json\/wp\/v2\/types\/post"}],"author":[{"embeddable":true,"href":"https:\/\/www.paracelsus-magazin.ch\/es\/wp-json\/wp\/v2\/users\/30"}],"replies":[{"embeddable":true,"href":"https:\/\/www.paracelsus-magazin.ch\/es\/wp-json\/wp\/v2\/comments?post=18985"}],"version-history":[{"count":0,"href":"https:\/\/www.paracelsus-magazin.ch\/es\/wp-json\/wp\/v2\/posts\/18985\/revisions"}],"wp:featuredmedia":[{"embeddable":true,"href":"https:\/\/www.paracelsus-magazin.ch\/es\/wp-json\/wp\/v2\/media\/4683"}],"wp:attachment":[{"href":"https:\/\/www.paracelsus-magazin.ch\/es\/wp-json\/wp\/v2\/media?parent=18985"}],"wp:term":[{"taxonomy":"category","embeddable":true,"href":"https:\/\/www.paracelsus-magazin.ch\/es\/wp-json\/wp\/v2\/categories?post=18985"},{"taxonomy":"post_tag","embeddable":true,"href":"https:\/\/www.paracelsus-magazin.ch\/es\/wp-json\/wp\/v2\/tags?post=18985"}],"curies":[{"name":"wp","href":"https:\/\/api.w.org\/{rel}","templated":true}]}}