{"id":15791,"date":"2017-08-20T17:31:05","date_gmt":"2017-08-20T15:31:05","guid":{"rendered":"http:\/\/www.paracelsus-magazin.ch\/?p=15791\/"},"modified":"2022-09-13T21:47:49","modified_gmt":"2022-09-13T19:47:49","slug":"la-bioquimica-segun-el-dr-schusler-i","status":"publish","type":"post","link":"https:\/\/www.paracelsus-magazin.ch\/es\/medicina-tradicional-occidental-tem\/la-bioquimica-segun-el-dr-schusler-i\/","title":{"rendered":"La Bioqu\u00edmica seg\u00fan el Dr. Sch\u00fc\u00dfler [I]"},"content":{"rendered":"<p style=\"text-align: justify;\">Una consideraci\u00f3n importante nos lleva a preguntarnos c\u00f3mo, estas sustancias minerales de la bioqu\u00edmica seg\u00fan el Dr. Schuessler, pueden combinarse con otros m\u00e9todos de curaci\u00f3n. Esto nos conduce ante todo a una \u201ccomparaci\u00f3n de m\u00e9todos de curaci\u00f3n\u201d porque a partir de las conclusiones que se extraen de esta comparaci\u00f3n, tambi\u00e9n resultan indicaciones para la organizaci\u00f3n pr\u00e1ctica de la aplicaci\u00f3n de este m\u00e9todo de curaci\u00f3n.<\/p>\n<h3 style=\"text-align: justify;\">El M\u00e9todo de Curaci\u00f3n de la Medicina Convencional\u00a0<sup>1<\/sup><\/h3>\n<p style=\"text-align: justify;\">La medicina ha alcanzado un nivel tan incre\u00edble en su desarrollo, que su superaci\u00f3n es casi inconcebible. En su dominio, la medicina es insuperable. Lucha contra la enfermedad, lo que a menudo salva vidas, y por tanto debe tenerse en alta consideraci\u00f3n.<\/p>\n<p style=\"text-align: justify;\">S\u00f3lo resulta precaria cuando la medicina expresa que es \u201comnipotente\u201d, o cuando con frecuencia niega que existe la impotencia. Es cuesti\u00f3n de que se ordene en un sistema integral de apoyo y cuidado del ser humano en el viaje de su vida.<\/p>\n<p style=\"text-align: justify;\">La creencia com\u00fan que el hombre tiene es que la medicina tiene que prevenir o suprimir la aparici\u00f3n de problemas. Los s\u00edntomas se apartan, se barren, y el dolor es suprimido. En esta creencia, la enfermedad es el enemigo del hombre, es algo contra lo que el m\u00e9dico debe luchar, y el paciente es mejor que no interfiera, porque en cualquier caso, no comprende nada.<\/p>\n<p style=\"text-align: justify;\">Stefan Zweig presenta esta situaci\u00f3n en su libro \u201cHeilung durch den Geist\u201d [Cura a trav\u00e9s del esp\u00edritu] de la manera siguiente: \u201cLa medicina cient\u00edfica considera a la persona enferma y a su enfermedad como un objeto, y le asigna, de una forma casi despectiva, el papel de absoluta pasividad; no debe preguntar nada ni decir nada, sino seguir las demandas del doctor de manera obediente y casi sin pensar y posiblemente tenga que desactivarse a s\u00ed mismo del tratamiento\u201d<sup> 2<\/sup>.<\/p>\n<p style=\"text-align: justify;\">En esta perspectiva de la medicina y la persona enferma, as\u00ed como del m\u00e9dico, la medicaci\u00f3n es el arma frente a la enfermedad. El m\u00e9dico es el especialista, el paciente es el espectador y la enfermedad es el enemigo. Aparte del hecho del necesario empleo de diferentes medicaciones, se realiza innecesariamente un grand\u00edsimo esfuerzo a fin de eliminar un trastorno con urgencia. Sin embargo, tambi\u00e9n los pacientes son un factor determinante aqu\u00ed porque a menudo no est\u00e1n preparados para afrontar un proceso largo de una verdadera curaci\u00f3n.<\/p>\n<p style=\"text-align: justify;\">En su libro \u201cMan\u2019s Search for Meaning\u201d [La b\u00fasqueda del sentido del hombre], Viktor Frankl escribe con \u00e9nfasis y v\u00edvidamente sobre la distancia que ya se ha desarrollado entre el m\u00e9dico y el paciente:<\/p>\n<p style=\"text-align: justify;\">\u201cCiertamente, la objetividad es un tema que se adec\u00faa bien con el m\u00e9dico; inevitablemente, la actitud hacia el paciente est\u00e1 llena de distancia interior. S\u00f3lo tenemos que pensar en c\u00f3mo tiene lugar la visita del m\u00e9dico en un hospital. En cada caso, el m\u00e9dico s\u00f3lo tiene en la mente al caso cl\u00ednico, y no a la persona. El asistente, que gu\u00eda al profesor durante la visita del m\u00e9dico, le presenta a la persona enferma como un caso de esta o aquella enfermedad. En general, el m\u00e9dico tiende tambi\u00e9n a tratar la enfermedad y no a la persona enferma. Y una y otra vez se oye la expresi\u00f3n \u2018este es un caso de\u2026\u2019. Les ruego que observen: el que est\u00e1 all\u00ed es ESTE, y no ESTE SER HUMANO; y m\u00e1s adelante ES, y por lo tanto no SUFRE DE -as\u00ed que no es cuesti\u00f3n de una enfermedad que tiene la persona, sino s\u00f3lo del caso que esta persona ES- un CASO, y por lo tanto un representante puramente arbitrario de cierta enfermedad, o quiz\u00e1s el caso n\u00famero tal y cual de una serie, llamado el paciente material. Con estas frases que inconscientemente se hacen par\u00e1sitas de la jerga m\u00e9dica, se caracteriza suficientemente cu\u00e1n profunda y ampliamente est\u00e1 teniendo lugar esta tendencia a distanciarse por parte del m\u00e9dico y su objetivaci\u00f3n del ser humano\u201d<sup> 3<\/sup>.<\/p>\n<p style=\"text-align: justify;\">Sin embargo, ser\u00eda un error construir una imagen negativa de la medicina. Ser\u00eda tr\u00e1gico que la gente llegara demasiado tarde a una necesaria asistencia m\u00e9dica s\u00f3lo porque hab\u00edan confiado demasiado tiempo en m\u00e9todos y posibilidades que no eran apropiados para su problema<sup> 4<\/sup>.\u00a0Los m\u00e9todos de curaci\u00f3n suaves ya no har\u00e1n efecto en aquellos que durante tiempo no han tenido en consideraci\u00f3n los pilares fundamentales de la salud.<\/p>\n<p style=\"text-align: justify;\">Al paciente no se le llama suficientemente la atenci\u00f3n sobre su responsabilidad individual. Por tanto, la atenci\u00f3n dif\u00edcilmente se enfoca en la salud preventiva, de la que es responsable cada persona. As\u00ed, muchas enfermedades graves se podr\u00edan enfrentar desde el principio y se podr\u00eda ahorrar mucho sufrimiento.<\/p>\n<p style=\"text-align: justify;\">En cualquier caso, los m\u00e9todos de curaci\u00f3n de la medicina cl\u00e1sica son apropiados cuando la persona es incapaz de organizarse satisfactoriamente a nivel f\u00edsico. Si este no es el caso, deber\u00eda darse una consulta exclusiva e informaci\u00f3n sobre estas medidas, que el paciente necesita a fin de hacer frente a los problemas que se le avecinan con sus propios recursos. S\u00f3lo existe una fina delimitaci\u00f3n entre incapacitaci\u00f3n, un consejo y apoyo apropiado, y un tratamiento necesario.<\/p>\n<h3 style=\"text-align: justify;\"><\/h3>\n<h3 style=\"text-align: justify;\">El M\u00e9todo de Curaci\u00f3n por Estimulaci\u00f3n<\/h3>\n<p style=\"text-align: justify;\">Su objetivo es retar a los poderes de auto-curaci\u00f3n del organismo mediante un est\u00edmulo, de manera que sea capaz de afrontar la enfermedad por s\u00ed mismo. Este m\u00e9todo de curaci\u00f3n hace maravillas si los est\u00edmulos estan de acuerdo con la persona y su enfermedad y si el organismo es capaz de responder a los est\u00edmulos.<\/p>\n<p style=\"text-align: justify;\">Respecto a los est\u00edmulos, es absolutamente necesario conocer la regla de los est\u00edmulos de Arndt-Schulz.<\/p>\n<p style=\"text-align: justify;\">Implica que los est\u00edmulos d\u00e9biles aceleran la energ\u00eda vital, los est\u00edmulos medios la inhiben y los est\u00edmulos fuertes frenan la fuerza vital. Si tomamos en consideraci\u00f3n estas reglas, reconoceremos cu\u00e1n err\u00f3neo es el principio de \u201ccuanto m\u00e1s fuerte, m\u00e1s duro, m\u00e1s firme, etc.,\u2026es mejor\u201d.<\/p>\n<p style=\"text-align: justify;\">Es err\u00f3neo que se use una cucharada por taza cuando se prepara un t\u00e9; es err\u00f3neo decir que es bueno cuando duele al dar un masaje; es err\u00f3neo que durante la electroterapia se administre tanto voltaje que uno apenas pueda soportarlo; es err\u00f3neo en todos los campos de la medicina ocuparse meramente de eliminar una molestia lo antes posible, sin llegar a la ra\u00edz del problema.<\/p>\n<p style=\"text-align: justify;\">Son dignos de admiraci\u00f3n en la medida en que sean responsables, los m\u00e9dicos que por ejemplo no suprimen la fiebre, sino que permiten que disminuya lentamente, o los m\u00e9dicos que no suprimen el dolor inmediatamente. Estos s\u00edntomas son, al fin y al cabo, un grito de del cuerpo pidiendo ayuda, y a menudo son importantes para llevar a cabo un diagn\u00f3stico.<\/p>\n<p style=\"text-align: justify;\">Si el organismo tiene que hacer frente a cualquier est\u00edmulo, se ha de tomar en consideraci\u00f3n qu\u00e9 minerales funcionales se requieren. Esto tambi\u00e9n debe tenerse en cuenta en nuestro mundo lleno de est\u00edmulos, en el que la inundaci\u00f3n de est\u00edmulos es tan potente que el organismo cada vez se encuentra m\u00e1s debilitado. Esto no es m\u00e1s que el cuarto paso de la ley de est\u00edmulos, es decir, la detenci\u00f3n.<\/p>\n<p style=\"text-align: justify;\">Debido a la intensidad y la cantidad de est\u00edmulos, la energ\u00eda vital queda bloqueada. El medio ambiente s\u00f3lo puede percibirse con grandes dificultades. La conexi\u00f3n con el mundo externo se hace cada vez m\u00e1s d\u00e9bil, y la persona se orienta cada vez m\u00e1s hacia s\u00ed misma, lo que le lleva a la separaci\u00f3n o el aislamiento. Por cierto, este es un aspecto enormemente importante al que le hace efecto el N\u00ba12 <em>Calcium sulfuricum<\/em>).<\/p>\n<p style=\"text-align: justify;\">(\u00a1La cuesti\u00f3n es, si en casos como \u00e9ste, un m\u00e9todo curativo de estimulaci\u00f3n es apropiado!).<\/p>\n<p style=\"text-align: justify;\">Es como un caracol. Primero, retira las antenas cuando se asusta con un est\u00edmulo demasiado fuerte; a continuaci\u00f3n se retira al interior de su concha. De este modo se interrumpen los contactos externos. Incluso los esfuerzos m\u00e1s sensibles rebotan en la concha. Durante el tiempo en que se retira, al mundo externo s\u00f3lo le queda la posibilidad de esperar hasta que ese ser recupere suficiente fuerza y confianza para salir de nuevo al exterior. La concha protege al caracol; al mismo tiempo es un obst\u00e1culo para que vuelva a salir de s\u00ed mismo sin ninguna dificultad.<\/p>\n<p style=\"text-align: justify;\">Sin embargo, a fin de responder a los est\u00edmulos, el funcionamiento del organismo ha de estar en orden, es decir, debe tener suficientes minerales funcionales a su disposici\u00f3n. Los minerales funcionales son sustancias minerales. No hay ning\u00fan proceso en el interior del cuerpo, que no utilice minerales funcionales, es decir, sustancias minerales, tal como ya se enfatiz\u00f3 antes.<\/p>\n<p style=\"text-align: justify;\">As\u00ed, al beber t\u00e9 (no todo tipo de infusi\u00f3n es un est\u00edmulo), la fisioterapia<sup> 5<\/sup>, \u00a0la homeopat\u00eda, sustancias arom\u00e1ticas, nosodes o cualquier est\u00edmulo<sup> 6<\/sup> o irritantes que se introduzcan en el cuerpo, el cuerpo tendr\u00e1 que responder a estos est\u00edmulos; tiene que iniciar su funci\u00f3n, que s\u00f3lo ser\u00e1 posible mientras haya materiales funcionales. Si no es, este el caso, el organismo intenta mantenerse al margen del est\u00edmulo, como mucha gente (tal como se explica a pie de p\u00e1gina) que dice por ejemplo que el sol no les sienta bien.<\/p>\n<p style=\"text-align: justify;\">Adem\u00e1s, el organismo no puede responder a multitud de est\u00edmulos aunque les sean suministrados en forma de productos medicinales. Un m\u00e9dico home\u00f3pata formul\u00f3 en una ocasi\u00f3n el problema de la falta de materiales funcionales de la manera siguiente: \u201cLa homeopat\u00eda quiere que ocurran cosas, pero a veces no se puede mover nada\u201d.<\/p>\n<p style=\"text-align: justify;\">(\u00a1Terapia de bloqueo! El ejemplo de un caballo cansado y tambaleante que ya no siente el dolor del golpe del l\u00e1tigo, pero sigue trotando con los sentidos embotados.)<\/p>\n<p style=\"text-align: justify;\">La \u00fanica posible respuesta (porque es la apropiada) es entonces suministrar los materiales funcionales necesarios ante la incapacidad del organismo para responder a los est\u00edmulos.<\/p>\n<h3 style=\"text-align: justify;\">El M\u00e9todo Fisiol\u00f3gico de Curaci\u00f3n\u00a0<sup>7<\/sup><\/h3>\n<p style=\"text-align: justify;\">Es un m\u00e9todo que hace justicia al cuerpo y a las demandas del organismo.<br \/>\nEs un m\u00e9todo de curaci\u00f3n que se centra principalmente en el sufrimiento y en las deficiencias de la persona. Las intervenciones se seleccionan a partir de esta insuficiencia subyacente.<\/p>\n<ul style=\"text-align: justify;\">\n<li><span style=\"line-height: inherit;\">Podr\u00eda ser necesario que una persona necesite m\u00e1s tiempo para recuperarse por no haberse relajado desde hace mucho tiempo.<\/span><\/li>\n<li>Si alguien padece hipotermia, no necesita est\u00edmulos para producir calor; esto es imposible para esta persona. Necesita con urgencia el suministro de calor.<\/li>\n<li>En caso de falta de energ\u00eda, podr\u00eda ser necesario simplemente darle energ\u00eda, en cualquier forma, pero siempre de manera responsable. En caso de exceso, de sobrecarga, la persona necesita descargar el exceso de energ\u00eda.<\/li>\n<li>Si se invierte energ\u00eda en estructuras de drenaje energ\u00e9tico, el resultado ser\u00e1 un gran agotamiento. Aqu\u00ed es apropiado se\u00f1alar las fijaciones y las estructuras obsesivas y c\u00f3mo podemos lidiar con ellas. Falta informaci\u00f3n sobre c\u00f3mo hacerlo. Esto no es un est\u00edmulo, sino una provisi\u00f3n necesaria en el nivel apropiado.<\/li>\n<li>Si la gente sufre una gran soledad, ciertamente no necesita tranquilizantes, sino conversaci\u00f3n y orientaci\u00f3n sobre c\u00f3mo establecer relaciones, c\u00f3mo se pueden encontrar comunidades y desmantelar las barreras de contacto.<\/li>\n<li>Si una persona desarrolla una gran carencia de ciertas sustancias minerales debido a ciertos rasgos de car\u00e1cter unilateral extremo, deber\u00eda ponerse a trabajar sobre estas estructuras y no s\u00f3lo a limitarse a llenar su dep\u00f3sito de minerales.<\/li>\n<li>A la inversa, si una persona sufre sentimientos muy fuertes y pesados debido a cierta carencia de una sustancia mineral, entonces es necesario llenar la carencia y no buscar innecesariamente estructuras de carga psicosom\u00e1tica patol\u00f3gica aparentemente asociadas.<\/li>\n<li>A veces tambi\u00e9n resulta necesario hacer un cambio de lugar si una persona se ha enfermado y sufre una depresi\u00f3n debido a una fase de ofuscaci\u00f3n demasiado larga. Para esta persona, el cuidado necesario es entonces la luz solar con toda su intensidad de colores.<\/li>\n<\/ul>\n<p style=\"text-align: justify;\">La bioqu\u00edmica seg\u00fan el Dr. Schuessler es esencialmente un m\u00e9todo de curaci\u00f3n puramente fisiol\u00f3gico, ya que repone las deficiencias. En caso de una carencia, se reponen las sustancias del mineral respectivo y s\u00f3lo m\u00e1s adelante se llevar\u00e1 a cabo una investigaci\u00f3n en busca de causas m\u00e1s profundas.<\/p>\n<p style=\"text-align: justify;\">La bioqu\u00edmica seg\u00fan el Dr. Schuessler es fisiol\u00f3gica, porque las sales individuales (combinaciones de sustancias minerales) no son extra\u00f1as para el cuerpo, sino que el cuerpo mismo las contiene permanentemente en cada c\u00e9lula, en los tejidos y en los fluidos.<\/p>\n<p style=\"text-align: justify;\">Como siempre se pone el foco en lo que falta en el organismo, o en lo que necesita, s\u00f3lo pueden tomarse las medidas que respondan al cuerpo y a su demanda. Todo lo que no se ci\u00f1e a esto, lo que se llama heterog\u00e9neo, no encuentra lugar en este m\u00e9todo de curaci\u00f3n.<\/p>\n<p style=\"text-align: justify;\">En su <em>Abgek\u00fcrzte Therapie<\/em>\u00a0[Terapia abreviada]<sup>\u00a08<\/sup>, el Dr. Schuessler escribe:<\/p>\n<p style=\"text-align: justify;\">\u201c<em>La bioqu\u00edmica llega a su objetivo directamente al cubrir una deficiencia; los otros m\u00e9todos de curaci\u00f3n que usan medios heterog\u00e9neos<sup> 9<\/sup> respecto a las sustancias que constituyen el organismo humano, llegan al objetivo indirectamente<\/em>\u201d.<\/p>\n<p style=\"text-align: justify;\">El m\u00e9todo de curaci\u00f3n fisiol\u00f3gico usar\u00e1 en sus esfuerzos exclusivamente ingredientes homog\u00e9neos, que son similares al cuerpo, es decir, adecuados (apropiados) al cuerpo.<\/p>\n<p style=\"text-align: justify;\">Sin embargo, como la fisiolog\u00eda es tambi\u00e9n la ciencia de los fundamentos de los procesos de la vida en general, el m\u00e9todo de curaci\u00f3n fisiol\u00f3gico comprende todos los niveles de la persona con todas sus respectivas necesidades.<\/p>\n<p>(<em>Continuar\u00e1<\/em>)<\/p>\n<h4><\/h4>\n<h4 style=\"text-align: justify;\">Referencias:<\/h4>\n<ol style=\"text-align: justify;\">\n<li><span style=\"line-height: inherit;\">FEICHTINGER, Thomas y \u00a0NIEDAN-FEICHTINGER, Susana: <em>Handbuch der Biochemie nach Dr. Schuessler<\/em>, Stuttgart: Haug Verlag, 4. Auflage, S77ff<br \/>\n<\/span><\/li>\n<li><span style=\"line-height: inherit;\">ZWEIG, Stefan: <em>Die Heilung durch den Geist.<\/em>\u00a0Frankfurt am Main<i>:<\/i>\u00a0Fischer Taschenbuch Verlag, 1983, S 19<br \/>\n<\/span><\/li>\n<li><span style=\"line-height: inherit;\">FRANKL, Viktor: <em>Der Mensch vor der Frage nach dem Sinn.<\/em>\u00a0M\u00fcnchen: Piper &amp; Co. Verlag, 1979, 10. Auflage 1995, Seite 113<\/span><\/li>\n<li><span style=\"line-height: inherit;\"><span style=\"line-height: inherit;\">En un juego de palabras, con frecuencia diferencio entre personas alternativas y alternativas. [<\/span><\/span><span style=\"line-height: inherit;\">Ich unterscheide hier in einem Wortspiel immer wieder zwischen alternativen und alternaiven Menschen!]<br \/>\n<\/span><\/li>\n<li><span style=\"line-height: inherit;\">Ciencia del tratamiento m\u00e9dico con sustancias vegetales.<\/span><\/li>\n<li><span style=\"line-height: inherit;\">Un est\u00edmulo particularmente fuerte para el organismo son los rayos del sol. Si una persona se acuesta al sol, el organismo tiene que hacer el mismo esfuerzo para equilibrar el est\u00edmulo que hace durante la actividad de cortar le\u00f1a. Este es uno de los trabajos m\u00e1s pesados y la comparaci\u00f3n muestra qu\u00e9 enormes esfuerzos tiene que hacer el organismo para afrontar el aumento de las cargas el calor tiene que ser regulado. La epidermis tiene que fortalecerse construyendo un filtro m\u00e1s fuerte (lo que entendemos como bronceado). El metabolismo se acelera enormemente, el coraz\u00f3n late m\u00e1s deprisa, y quiz\u00e1 incluso sube la temperatura corporal. Para llevar a cabo estos procesos, el organismo gasta una enorme cantidad de sustancias minerales a fin de apa\u00f1\u00e1rselas. Durante el esfuerzo agudo se usa mucho sobre todo N\u00ba 3 <em>Ferrum phosphoricum<\/em> para el aumento de los transportes y para el suministro de ox\u00edgeno. Si una persona tiene una gran carencia de esta sustancia mineral, ya no puede permitirse tumbarse al sol, el cuerpo ya no puede permitirse tumbarse al sol. La persona evitar\u00e1 la luz solar directa y dir\u00e1: \u201cYa no puedo tomar sol\u201d. Indirectamente, est\u00e1 se\u00f1alando la deficiencia respectiva.<\/span><\/li>\n<li><span style=\"line-height: inherit;\">Fisiol\u00f3gico: respecto a los procesos vitales en el interior del cuerpo<\/span><\/li>\n<li><span style=\"line-height: inherit;\">Schuessler, Abgek\u00fcrzte Heilweise, 31. Auflage, 1904, Seite 9<\/span><\/li>\n<li><span style=\"line-height: inherit;\">De un tipo diferente, dispar, de sustancia extra\u00f1a (DUDEN, Die deutsche Rechtschreibung)<\/span><\/li>\n<\/ol>\n<h5 style=\"text-align: justify;\"><\/h5>\n","protected":false},"excerpt":{"rendered":"<p>Una consideraci\u00f3n importante nos lleva a preguntarnos c\u00f3mo, estas sustancias minerales de la bioqu\u00edmica seg\u00fan el Dr. Schuessler, pueden combinarse con otros m\u00e9todos de curaci\u00f3n. Esto nos conduce ante todo a una \u201ccomparaci\u00f3n de m\u00e9todos de curaci\u00f3n\u201d porque a partir de las conclusiones que se extraen de esta comparaci\u00f3n, tambi\u00e9n resultan indicaciones para la organizaci\u00f3n pr\u00e1ctica de la aplicaci\u00f3n de este m\u00e9todo de curaci\u00f3n. El M\u00e9todo de Curaci\u00f3n de la Medicina Convencional\u00a01 La medicina ha alcanzado un nivel tan incre\u00edble en su desarrollo, que su superaci\u00f3n es casi inconcebible. En su dominio, la medicina es insuperable. Lucha contra la enfermedad, lo que a menudo salva vidas, y por tanto debe tenerse en alta consideraci\u00f3n. S\u00f3lo resulta precaria cuando la medicina expresa que es \u201comnipotente\u201d, o cuando con frecuencia niega que existe la impotencia. Es cuesti\u00f3n de que se ordene en un sistema integral de apoyo y cuidado del ser humano en el viaje de su vida. La creencia com\u00fan que el hombre tiene es que la medicina tiene que prevenir o suprimir la aparici\u00f3n de problemas. Los s\u00edntomas se apartan, se barren, y el dolor es suprimido. En esta creencia, la enfermedad es el enemigo del hombre, es algo contra [&hellip;]<\/p>\n","protected":false},"author":10,"featured_media":10652,"comment_status":"closed","ping_status":"closed","sticky":false,"template":"","format":"standard","meta":{"footnotes":""},"categories":[447],"tags":[591],"class_list":["post-15791","post","type-post","status-publish","format-standard","has-post-thumbnail","hentry","category-medicina-tradicional-occidental-tem","tag-schuessler-de"],"yoast_head":"<!-- This site is optimized with the Yoast SEO plugin v27.5 - https:\/\/yoast.com\/product\/yoast-seo-wordpress\/ -->\n<title>La Bioqu\u00edmica seg\u00fan el Dr. Sch\u00fc\u00dfler [I] - Paracelsus Magazin<\/title>\n<meta name=\"robots\" content=\"index, follow, max-snippet:-1, max-image-preview:large, max-video-preview:-1\" \/>\n<link rel=\"canonical\" href=\"https:\/\/www.paracelsus-magazin.ch\/es\/medicina-tradicional-occidental-tem\/la-bioquimica-segun-el-dr-schusler-i\/\" \/>\n<meta property=\"og:locale\" content=\"es_ES\" \/>\n<meta property=\"og:type\" content=\"article\" \/>\n<meta property=\"og:title\" content=\"La Bioqu\u00edmica seg\u00fan el Dr. Sch\u00fc\u00dfler [I] - Paracelsus Magazin\" \/>\n<meta property=\"og:description\" content=\"Una consideraci\u00f3n importante nos lleva a preguntarnos c\u00f3mo, estas sustancias minerales de la bioqu\u00edmica seg\u00fan el Dr. Schuessler, pueden combinarse con otros m\u00e9todos de curaci\u00f3n. Esto nos conduce ante todo a una \u201ccomparaci\u00f3n de m\u00e9todos de curaci\u00f3n\u201d porque a partir de las conclusiones que se extraen de esta comparaci\u00f3n, tambi\u00e9n resultan indicaciones para la organizaci\u00f3n pr\u00e1ctica de la aplicaci\u00f3n de este m\u00e9todo de curaci\u00f3n. El M\u00e9todo de Curaci\u00f3n de la Medicina Convencional\u00a01 La medicina ha alcanzado un nivel tan incre\u00edble en su desarrollo, que su superaci\u00f3n es casi inconcebible. En su dominio, la medicina es insuperable. Lucha contra la enfermedad, lo que a menudo salva vidas, y por tanto debe tenerse en alta consideraci\u00f3n. S\u00f3lo resulta precaria cuando la medicina expresa que es \u201comnipotente\u201d, o cuando con frecuencia niega que existe la impotencia. Es cuesti\u00f3n de que se ordene en un sistema integral de apoyo y cuidado del ser humano en el viaje de su vida. La creencia com\u00fan que el hombre tiene es que la medicina tiene que prevenir o suprimir la aparici\u00f3n de problemas. Los s\u00edntomas se apartan, se barren, y el dolor es suprimido. En esta creencia, la enfermedad es el enemigo del hombre, es algo contra [&hellip;]\" \/>\n<meta property=\"og:url\" content=\"https:\/\/www.paracelsus-magazin.ch\/es\/medicina-tradicional-occidental-tem\/la-bioquimica-segun-el-dr-schusler-i\/\" \/>\n<meta property=\"og:site_name\" content=\"Paracelsus Magazin\" \/>\n<meta property=\"article:publisher\" content=\"https:\/\/www.facebook.com\/Paracelsus-Magazin-436487499874780\/\" \/>\n<meta property=\"article:published_time\" content=\"2017-08-20T15:31:05+00:00\" \/>\n<meta property=\"article:modified_time\" content=\"2022-09-13T19:47:49+00:00\" \/>\n<meta property=\"og:image\" content=\"https:\/\/www.paracelsus-magazin.ch\/wp-content\/uploads\/2016\/01\/drschuessler-salze-1923.jpg\" \/>\n\t<meta property=\"og:image:width\" content=\"1280\" \/>\n\t<meta property=\"og:image:height\" content=\"853\" \/>\n\t<meta property=\"og:image:type\" content=\"image\/jpeg\" \/>\n<meta name=\"author\" content=\"Thomas Feichtinger\" \/>\n<meta name=\"twitter:card\" content=\"summary_large_image\" \/>\n<meta name=\"twitter:label1\" content=\"Escrito por\" \/>\n\t<meta name=\"twitter:data1\" content=\"Thomas Feichtinger\" \/>\n\t<meta name=\"twitter:label2\" content=\"Tiempo de lectura\" \/>\n\t<meta name=\"twitter:data2\" content=\"14 minutos\" \/>\n<script type=\"application\/ld+json\" class=\"yoast-schema-graph\">{\"@context\":\"https:\\\/\\\/schema.org\",\"@graph\":[{\"@type\":\"Article\",\"@id\":\"https:\\\/\\\/www.paracelsus-magazin.ch\\\/es\\\/medicina-tradicional-occidental-tem\\\/la-bioquimica-segun-el-dr-schusler-i\\\/#article\",\"isPartOf\":{\"@id\":\"https:\\\/\\\/www.paracelsus-magazin.ch\\\/es\\\/medicina-tradicional-occidental-tem\\\/la-bioquimica-segun-el-dr-schusler-i\\\/\"},\"author\":{\"name\":\"Thomas Feichtinger\",\"@id\":\"https:\\\/\\\/www.paracelsus-magazin.ch\\\/es\\\/#\\\/schema\\\/person\\\/0693171cbf4191cde42cad5522966635\"},\"headline\":\"La Bioqu\u00edmica seg\u00fan el Dr. Sch\u00fc\u00dfler [I]\",\"datePublished\":\"2017-08-20T15:31:05+00:00\",\"dateModified\":\"2022-09-13T19:47:49+00:00\",\"mainEntityOfPage\":{\"@id\":\"https:\\\/\\\/www.paracelsus-magazin.ch\\\/es\\\/medicina-tradicional-occidental-tem\\\/la-bioquimica-segun-el-dr-schusler-i\\\/\"},\"wordCount\":2715,\"publisher\":{\"@id\":\"https:\\\/\\\/www.paracelsus-magazin.ch\\\/es\\\/#organization\"},\"image\":{\"@id\":\"https:\\\/\\\/www.paracelsus-magazin.ch\\\/es\\\/medicina-tradicional-occidental-tem\\\/la-bioquimica-segun-el-dr-schusler-i\\\/#primaryimage\"},\"thumbnailUrl\":\"https:\\\/\\\/www.paracelsus-magazin.ch\\\/wp-content\\\/uploads\\\/2016\\\/01\\\/drschuessler-salze-1923.jpg\",\"keywords\":[\"Sch\u00fc\u00dfler\"],\"articleSection\":[\"Medicina tradicional occidental (TEM)\"],\"inLanguage\":\"es\"},{\"@type\":\"WebPage\",\"@id\":\"https:\\\/\\\/www.paracelsus-magazin.ch\\\/es\\\/medicina-tradicional-occidental-tem\\\/la-bioquimica-segun-el-dr-schusler-i\\\/\",\"url\":\"https:\\\/\\\/www.paracelsus-magazin.ch\\\/es\\\/medicina-tradicional-occidental-tem\\\/la-bioquimica-segun-el-dr-schusler-i\\\/\",\"name\":\"La Bioqu\u00edmica seg\u00fan el Dr. Sch\u00fc\u00dfler [I] - Paracelsus Magazin\",\"isPartOf\":{\"@id\":\"https:\\\/\\\/www.paracelsus-magazin.ch\\\/es\\\/#website\"},\"primaryImageOfPage\":{\"@id\":\"https:\\\/\\\/www.paracelsus-magazin.ch\\\/es\\\/medicina-tradicional-occidental-tem\\\/la-bioquimica-segun-el-dr-schusler-i\\\/#primaryimage\"},\"image\":{\"@id\":\"https:\\\/\\\/www.paracelsus-magazin.ch\\\/es\\\/medicina-tradicional-occidental-tem\\\/la-bioquimica-segun-el-dr-schusler-i\\\/#primaryimage\"},\"thumbnailUrl\":\"https:\\\/\\\/www.paracelsus-magazin.ch\\\/wp-content\\\/uploads\\\/2016\\\/01\\\/drschuessler-salze-1923.jpg\",\"datePublished\":\"2017-08-20T15:31:05+00:00\",\"dateModified\":\"2022-09-13T19:47:49+00:00\",\"breadcrumb\":{\"@id\":\"https:\\\/\\\/www.paracelsus-magazin.ch\\\/es\\\/medicina-tradicional-occidental-tem\\\/la-bioquimica-segun-el-dr-schusler-i\\\/#breadcrumb\"},\"inLanguage\":\"es\",\"potentialAction\":[{\"@type\":\"ReadAction\",\"target\":[\"https:\\\/\\\/www.paracelsus-magazin.ch\\\/es\\\/medicina-tradicional-occidental-tem\\\/la-bioquimica-segun-el-dr-schusler-i\\\/\"]}]},{\"@type\":\"ImageObject\",\"inLanguage\":\"es\",\"@id\":\"https:\\\/\\\/www.paracelsus-magazin.ch\\\/es\\\/medicina-tradicional-occidental-tem\\\/la-bioquimica-segun-el-dr-schusler-i\\\/#primaryimage\",\"url\":\"https:\\\/\\\/www.paracelsus-magazin.ch\\\/wp-content\\\/uploads\\\/2016\\\/01\\\/drschuessler-salze-1923.jpg\",\"contentUrl\":\"https:\\\/\\\/www.paracelsus-magazin.ch\\\/wp-content\\\/uploads\\\/2016\\\/01\\\/drschuessler-salze-1923.jpg\",\"width\":1280,\"height\":853},{\"@type\":\"BreadcrumbList\",\"@id\":\"https:\\\/\\\/www.paracelsus-magazin.ch\\\/es\\\/medicina-tradicional-occidental-tem\\\/la-bioquimica-segun-el-dr-schusler-i\\\/#breadcrumb\",\"itemListElement\":[{\"@type\":\"ListItem\",\"position\":1,\"name\":\"Startseite\",\"item\":\"https:\\\/\\\/www.paracelsus-magazin.ch\\\/es\\\/\"},{\"@type\":\"ListItem\",\"position\":2,\"name\":\"La Bioqu\u00edmica seg\u00fan el Dr. Sch\u00fc\u00dfler [I]\"}]},{\"@type\":\"WebSite\",\"@id\":\"https:\\\/\\\/www.paracelsus-magazin.ch\\\/es\\\/#website\",\"url\":\"https:\\\/\\\/www.paracelsus-magazin.ch\\\/es\\\/\",\"name\":\"Paracelsus Magazin\",\"description\":\"Health &amp; Healing Magazin\",\"publisher\":{\"@id\":\"https:\\\/\\\/www.paracelsus-magazin.ch\\\/es\\\/#organization\"},\"potentialAction\":[{\"@type\":\"SearchAction\",\"target\":{\"@type\":\"EntryPoint\",\"urlTemplate\":\"https:\\\/\\\/www.paracelsus-magazin.ch\\\/es\\\/?s={search_term_string}\"},\"query-input\":{\"@type\":\"PropertyValueSpecification\",\"valueRequired\":true,\"valueName\":\"search_term_string\"}}],\"inLanguage\":\"es\"},{\"@type\":\"Organization\",\"@id\":\"https:\\\/\\\/www.paracelsus-magazin.ch\\\/es\\\/#organization\",\"name\":\"Paracelsus Magazin\",\"url\":\"https:\\\/\\\/www.paracelsus-magazin.ch\\\/es\\\/\",\"logo\":{\"@type\":\"ImageObject\",\"inLanguage\":\"es\",\"@id\":\"https:\\\/\\\/www.paracelsus-magazin.ch\\\/es\\\/#\\\/schema\\\/logo\\\/image\\\/\",\"url\":\"https:\\\/\\\/www.paracelsus-magazin.ch\\\/wp-content\\\/uploads\\\/2023\\\/08\\\/logo-paracelsus-magazin-sqaure.jpg\",\"contentUrl\":\"https:\\\/\\\/www.paracelsus-magazin.ch\\\/wp-content\\\/uploads\\\/2023\\\/08\\\/logo-paracelsus-magazin-sqaure.jpg\",\"width\":696,\"height\":696,\"caption\":\"Paracelsus Magazin\"},\"image\":{\"@id\":\"https:\\\/\\\/www.paracelsus-magazin.ch\\\/es\\\/#\\\/schema\\\/logo\\\/image\\\/\"},\"sameAs\":[\"https:\\\/\\\/www.facebook.com\\\/Paracelsus-Magazin-436487499874780\\\/\"]},{\"@type\":\"Person\",\"@id\":\"https:\\\/\\\/www.paracelsus-magazin.ch\\\/es\\\/#\\\/schema\\\/person\\\/0693171cbf4191cde42cad5522966635\",\"name\":\"Thomas Feichtinger\",\"image\":{\"@type\":\"ImageObject\",\"inLanguage\":\"es\",\"@id\":\"https:\\\/\\\/secure.gravatar.com\\\/avatar\\\/3abdae389f43da9456e67598988452afa5f47f1f3e1a7aa78aac0ce09e1c426d?s=96&d=mm&r=g\",\"url\":\"https:\\\/\\\/secure.gravatar.com\\\/avatar\\\/3abdae389f43da9456e67598988452afa5f47f1f3e1a7aa78aac0ce09e1c426d?s=96&d=mm&r=g\",\"contentUrl\":\"https:\\\/\\\/secure.gravatar.com\\\/avatar\\\/3abdae389f43da9456e67598988452afa5f47f1f3e1a7aa78aac0ce09e1c426d?s=96&d=mm&r=g\",\"caption\":\"Thomas Feichtinger\"},\"description\":\"Thomas Feichtinger wurde 1946 in Salzburg geboren und lebt in Zell am See. Nach jahrelanger Auseinandersetzung mit einer schweren Krankheit und ihrer Bew\u00e4ltigung, unter anderem mit Hilfe der Mineralstoffe nach Dr. Sch\u00fc\u00dfler, kann Thomas Feichtinger heute wieder arbeiten. Neben Lehrg\u00e4ngen in der Mineralstofflehre nach Dr. Sch\u00fc\u00dfler und der damit eng verkn\u00fcpften Antlitzanalyse nach Kurt Hickethier absolvierte er eine Ausbildung in Gestalttherapie und in Existenzanalyse und Logotherapie nach Viktor E. Frankl. Heute arbeitet er in der Erwachsenenbildung, in der Einzelberatung, ist erfolgreicher Buchautor und Ausbildungsleiter in der GBA.\",\"sameAs\":[\"http:\\\/\\\/www.gba.at\"],\"url\":\"https:\\\/\\\/www.paracelsus-magazin.ch\\\/es\\\/author\\\/feichtinger\\\/\"}]}<\/script>\n<!-- \/ Yoast SEO plugin. -->","yoast_head_json":{"title":"La Bioqu\u00edmica seg\u00fan el Dr. Sch\u00fc\u00dfler [I] - Paracelsus Magazin","robots":{"index":"index","follow":"follow","max-snippet":"max-snippet:-1","max-image-preview":"max-image-preview:large","max-video-preview":"max-video-preview:-1"},"canonical":"https:\/\/www.paracelsus-magazin.ch\/es\/medicina-tradicional-occidental-tem\/la-bioquimica-segun-el-dr-schusler-i\/","og_locale":"es_ES","og_type":"article","og_title":"La Bioqu\u00edmica seg\u00fan el Dr. Sch\u00fc\u00dfler [I] - Paracelsus Magazin","og_description":"Una consideraci\u00f3n importante nos lleva a preguntarnos c\u00f3mo, estas sustancias minerales de la bioqu\u00edmica seg\u00fan el Dr. Schuessler, pueden combinarse con otros m\u00e9todos de curaci\u00f3n. Esto nos conduce ante todo a una \u201ccomparaci\u00f3n de m\u00e9todos de curaci\u00f3n\u201d porque a partir de las conclusiones que se extraen de esta comparaci\u00f3n, tambi\u00e9n resultan indicaciones para la organizaci\u00f3n pr\u00e1ctica de la aplicaci\u00f3n de este m\u00e9todo de curaci\u00f3n. El M\u00e9todo de Curaci\u00f3n de la Medicina Convencional\u00a01 La medicina ha alcanzado un nivel tan incre\u00edble en su desarrollo, que su superaci\u00f3n es casi inconcebible. En su dominio, la medicina es insuperable. Lucha contra la enfermedad, lo que a menudo salva vidas, y por tanto debe tenerse en alta consideraci\u00f3n. S\u00f3lo resulta precaria cuando la medicina expresa que es \u201comnipotente\u201d, o cuando con frecuencia niega que existe la impotencia. Es cuesti\u00f3n de que se ordene en un sistema integral de apoyo y cuidado del ser humano en el viaje de su vida. La creencia com\u00fan que el hombre tiene es que la medicina tiene que prevenir o suprimir la aparici\u00f3n de problemas. Los s\u00edntomas se apartan, se barren, y el dolor es suprimido. En esta creencia, la enfermedad es el enemigo del hombre, es algo contra [&hellip;]","og_url":"https:\/\/www.paracelsus-magazin.ch\/es\/medicina-tradicional-occidental-tem\/la-bioquimica-segun-el-dr-schusler-i\/","og_site_name":"Paracelsus Magazin","article_publisher":"https:\/\/www.facebook.com\/Paracelsus-Magazin-436487499874780\/","article_published_time":"2017-08-20T15:31:05+00:00","article_modified_time":"2022-09-13T19:47:49+00:00","og_image":[{"width":1280,"height":853,"url":"https:\/\/www.paracelsus-magazin.ch\/wp-content\/uploads\/2016\/01\/drschuessler-salze-1923.jpg","type":"image\/jpeg"}],"author":"Thomas Feichtinger","twitter_card":"summary_large_image","twitter_misc":{"Escrito por":"Thomas Feichtinger","Tiempo de lectura":"14 minutos"},"schema":{"@context":"https:\/\/schema.org","@graph":[{"@type":"Article","@id":"https:\/\/www.paracelsus-magazin.ch\/es\/medicina-tradicional-occidental-tem\/la-bioquimica-segun-el-dr-schusler-i\/#article","isPartOf":{"@id":"https:\/\/www.paracelsus-magazin.ch\/es\/medicina-tradicional-occidental-tem\/la-bioquimica-segun-el-dr-schusler-i\/"},"author":{"name":"Thomas Feichtinger","@id":"https:\/\/www.paracelsus-magazin.ch\/es\/#\/schema\/person\/0693171cbf4191cde42cad5522966635"},"headline":"La Bioqu\u00edmica seg\u00fan el Dr. Sch\u00fc\u00dfler [I]","datePublished":"2017-08-20T15:31:05+00:00","dateModified":"2022-09-13T19:47:49+00:00","mainEntityOfPage":{"@id":"https:\/\/www.paracelsus-magazin.ch\/es\/medicina-tradicional-occidental-tem\/la-bioquimica-segun-el-dr-schusler-i\/"},"wordCount":2715,"publisher":{"@id":"https:\/\/www.paracelsus-magazin.ch\/es\/#organization"},"image":{"@id":"https:\/\/www.paracelsus-magazin.ch\/es\/medicina-tradicional-occidental-tem\/la-bioquimica-segun-el-dr-schusler-i\/#primaryimage"},"thumbnailUrl":"https:\/\/www.paracelsus-magazin.ch\/wp-content\/uploads\/2016\/01\/drschuessler-salze-1923.jpg","keywords":["Sch\u00fc\u00dfler"],"articleSection":["Medicina tradicional occidental (TEM)"],"inLanguage":"es"},{"@type":"WebPage","@id":"https:\/\/www.paracelsus-magazin.ch\/es\/medicina-tradicional-occidental-tem\/la-bioquimica-segun-el-dr-schusler-i\/","url":"https:\/\/www.paracelsus-magazin.ch\/es\/medicina-tradicional-occidental-tem\/la-bioquimica-segun-el-dr-schusler-i\/","name":"La Bioqu\u00edmica seg\u00fan el Dr. Sch\u00fc\u00dfler [I] - Paracelsus Magazin","isPartOf":{"@id":"https:\/\/www.paracelsus-magazin.ch\/es\/#website"},"primaryImageOfPage":{"@id":"https:\/\/www.paracelsus-magazin.ch\/es\/medicina-tradicional-occidental-tem\/la-bioquimica-segun-el-dr-schusler-i\/#primaryimage"},"image":{"@id":"https:\/\/www.paracelsus-magazin.ch\/es\/medicina-tradicional-occidental-tem\/la-bioquimica-segun-el-dr-schusler-i\/#primaryimage"},"thumbnailUrl":"https:\/\/www.paracelsus-magazin.ch\/wp-content\/uploads\/2016\/01\/drschuessler-salze-1923.jpg","datePublished":"2017-08-20T15:31:05+00:00","dateModified":"2022-09-13T19:47:49+00:00","breadcrumb":{"@id":"https:\/\/www.paracelsus-magazin.ch\/es\/medicina-tradicional-occidental-tem\/la-bioquimica-segun-el-dr-schusler-i\/#breadcrumb"},"inLanguage":"es","potentialAction":[{"@type":"ReadAction","target":["https:\/\/www.paracelsus-magazin.ch\/es\/medicina-tradicional-occidental-tem\/la-bioquimica-segun-el-dr-schusler-i\/"]}]},{"@type":"ImageObject","inLanguage":"es","@id":"https:\/\/www.paracelsus-magazin.ch\/es\/medicina-tradicional-occidental-tem\/la-bioquimica-segun-el-dr-schusler-i\/#primaryimage","url":"https:\/\/www.paracelsus-magazin.ch\/wp-content\/uploads\/2016\/01\/drschuessler-salze-1923.jpg","contentUrl":"https:\/\/www.paracelsus-magazin.ch\/wp-content\/uploads\/2016\/01\/drschuessler-salze-1923.jpg","width":1280,"height":853},{"@type":"BreadcrumbList","@id":"https:\/\/www.paracelsus-magazin.ch\/es\/medicina-tradicional-occidental-tem\/la-bioquimica-segun-el-dr-schusler-i\/#breadcrumb","itemListElement":[{"@type":"ListItem","position":1,"name":"Startseite","item":"https:\/\/www.paracelsus-magazin.ch\/es\/"},{"@type":"ListItem","position":2,"name":"La Bioqu\u00edmica seg\u00fan el Dr. Sch\u00fc\u00dfler [I]"}]},{"@type":"WebSite","@id":"https:\/\/www.paracelsus-magazin.ch\/es\/#website","url":"https:\/\/www.paracelsus-magazin.ch\/es\/","name":"Paracelsus Magazin","description":"Health &amp; Healing Magazin","publisher":{"@id":"https:\/\/www.paracelsus-magazin.ch\/es\/#organization"},"potentialAction":[{"@type":"SearchAction","target":{"@type":"EntryPoint","urlTemplate":"https:\/\/www.paracelsus-magazin.ch\/es\/?s={search_term_string}"},"query-input":{"@type":"PropertyValueSpecification","valueRequired":true,"valueName":"search_term_string"}}],"inLanguage":"es"},{"@type":"Organization","@id":"https:\/\/www.paracelsus-magazin.ch\/es\/#organization","name":"Paracelsus Magazin","url":"https:\/\/www.paracelsus-magazin.ch\/es\/","logo":{"@type":"ImageObject","inLanguage":"es","@id":"https:\/\/www.paracelsus-magazin.ch\/es\/#\/schema\/logo\/image\/","url":"https:\/\/www.paracelsus-magazin.ch\/wp-content\/uploads\/2023\/08\/logo-paracelsus-magazin-sqaure.jpg","contentUrl":"https:\/\/www.paracelsus-magazin.ch\/wp-content\/uploads\/2023\/08\/logo-paracelsus-magazin-sqaure.jpg","width":696,"height":696,"caption":"Paracelsus Magazin"},"image":{"@id":"https:\/\/www.paracelsus-magazin.ch\/es\/#\/schema\/logo\/image\/"},"sameAs":["https:\/\/www.facebook.com\/Paracelsus-Magazin-436487499874780\/"]},{"@type":"Person","@id":"https:\/\/www.paracelsus-magazin.ch\/es\/#\/schema\/person\/0693171cbf4191cde42cad5522966635","name":"Thomas Feichtinger","image":{"@type":"ImageObject","inLanguage":"es","@id":"https:\/\/secure.gravatar.com\/avatar\/3abdae389f43da9456e67598988452afa5f47f1f3e1a7aa78aac0ce09e1c426d?s=96&d=mm&r=g","url":"https:\/\/secure.gravatar.com\/avatar\/3abdae389f43da9456e67598988452afa5f47f1f3e1a7aa78aac0ce09e1c426d?s=96&d=mm&r=g","contentUrl":"https:\/\/secure.gravatar.com\/avatar\/3abdae389f43da9456e67598988452afa5f47f1f3e1a7aa78aac0ce09e1c426d?s=96&d=mm&r=g","caption":"Thomas Feichtinger"},"description":"Thomas Feichtinger wurde 1946 in Salzburg geboren und lebt in Zell am See. Nach jahrelanger Auseinandersetzung mit einer schweren Krankheit und ihrer Bew\u00e4ltigung, unter anderem mit Hilfe der Mineralstoffe nach Dr. Sch\u00fc\u00dfler, kann Thomas Feichtinger heute wieder arbeiten. Neben Lehrg\u00e4ngen in der Mineralstofflehre nach Dr. Sch\u00fc\u00dfler und der damit eng verkn\u00fcpften Antlitzanalyse nach Kurt Hickethier absolvierte er eine Ausbildung in Gestalttherapie und in Existenzanalyse und Logotherapie nach Viktor E. Frankl. Heute arbeitet er in der Erwachsenenbildung, in der Einzelberatung, ist erfolgreicher Buchautor und Ausbildungsleiter in der GBA.","sameAs":["http:\/\/www.gba.at"],"url":"https:\/\/www.paracelsus-magazin.ch\/es\/author\/feichtinger\/"}]}},"_links":{"self":[{"href":"https:\/\/www.paracelsus-magazin.ch\/es\/wp-json\/wp\/v2\/posts\/15791","targetHints":{"allow":["GET"]}}],"collection":[{"href":"https:\/\/www.paracelsus-magazin.ch\/es\/wp-json\/wp\/v2\/posts"}],"about":[{"href":"https:\/\/www.paracelsus-magazin.ch\/es\/wp-json\/wp\/v2\/types\/post"}],"author":[{"embeddable":true,"href":"https:\/\/www.paracelsus-magazin.ch\/es\/wp-json\/wp\/v2\/users\/10"}],"replies":[{"embeddable":true,"href":"https:\/\/www.paracelsus-magazin.ch\/es\/wp-json\/wp\/v2\/comments?post=15791"}],"version-history":[{"count":0,"href":"https:\/\/www.paracelsus-magazin.ch\/es\/wp-json\/wp\/v2\/posts\/15791\/revisions"}],"wp:featuredmedia":[{"embeddable":true,"href":"https:\/\/www.paracelsus-magazin.ch\/es\/wp-json\/wp\/v2\/media\/10652"}],"wp:attachment":[{"href":"https:\/\/www.paracelsus-magazin.ch\/es\/wp-json\/wp\/v2\/media?parent=15791"}],"wp:term":[{"taxonomy":"category","embeddable":true,"href":"https:\/\/www.paracelsus-magazin.ch\/es\/wp-json\/wp\/v2\/categories?post=15791"},{"taxonomy":"post_tag","embeddable":true,"href":"https:\/\/www.paracelsus-magazin.ch\/es\/wp-json\/wp\/v2\/tags?post=15791"}],"curies":[{"name":"wp","href":"https:\/\/api.w.org\/{rel}","templated":true}]}}