{"id":25792,"date":"2023-03-01T16:13:36","date_gmt":"2023-03-01T15:13:36","guid":{"rendered":"https:\/\/www.paracelsus-magazin.ch\/?p=25792"},"modified":"2023-10-26T15:43:57","modified_gmt":"2023-10-26T13:43:57","slug":"geburt-und-tod-leben-und-sterben-iv","status":"publish","type":"post","link":"https:\/\/www.paracelsus-magazin.ch\/de\/psychologie\/geburt-und-tod-leben-und-sterben-iv\/","title":{"rendered":"Geburt und Tod &#8211; Leben und Sterben  [IV]"},"content":{"rendered":"<h2>Was geschieht nach dem Tod?<\/h2>\n<h3>Der Prozess der R\u00fcckerstattung<\/h3>\n<p>Der Tod kommt, wenn der Wille zum Leben im physischen K\u00f6rper schwindet und daf\u00fcr der Wille der Seele, sich zur\u00fcckzuziehen, stark wird. Dieser Vorgang, wenn die Seele sich aus ihrer begrenzenden materiellen K\u00f6rperh\u00fclle zur\u00fcckzieht, wird in der Nomenklatur des Tibeters als &#8222;R\u00fcckerstattung&#8220; unserer Form an die Materie bezeichnet. Die Worte &#8222;Erde zu Erde, Staub zu Staub&#8220;, die uns aus den christlichen Begr\u00e4bniszeremonien vertraut sind, beziehen sich auf diesen Vorgang der R\u00fcckerstattung und kennzeichnen das Zur\u00fcckgeben sowohl des materiellen physischen K\u00f6rpers in das universelle Materie &#8211; Sammelbecken als auch des \u00c4therk\u00f6rpers in das allgemeine \u00c4therreservoir.\u00a0Der Tod ist also das bewusste oder unbewusste Zur\u00fcckziehen der Seele als der inneren lebendigen Wesenheit aus dem K\u00f6rper. Der Ruf der Seele bewirkt zuerst die Trennung des \u00c4therk\u00f6rpers, der kein eigenes Leben hat, vom physischen K\u00f6rper und l\u00e4sst danach in einem zweiten Schritt alle \u00e4therischen Kr\u00e4fte in das allgemeine \u00c4ther-Sammelbecken zur\u00fcckkehren, aus dem sie zu Beginn der Inkarnation hervorgegangen sind.<\/p>\n<h3>Der Kampf der Seele<\/h3>\n<p>Bei pl\u00f6tzlichem Tod durch Unfall, Selbstmord, pl\u00f6tzlichem Herztod o.\u00e4. ist der Schock so gro\u00df, dass der R\u00fcckzug aus dem physischen K\u00f6rper und die vollst\u00e4ndige Aufl\u00f6sung des \u00c4therleibs praktisch gleichzeitig vor sich gehen. Geht dem Tod eine Krankheit voraus, geschieht die R\u00fcckerstattung langsam. Der \u00c4therk\u00f6rper kann, wenn der Lebenswille noch stark ist oder die Lebensaufgabe nicht ganz erf\u00fcllt und abgeschlossen ist, noch einmal in die K\u00f6rperh\u00fclle zur\u00fcckkehren. In dieser Phase kann es zu einem Kampf zwischen K\u00f6rper und Seele kommen. Oft wird dieser Kampf in einer k\u00fcrzeren oder l\u00e4ngeren Zeit der Bewusstlosigkeit, des Komas ausgetragen, die sehr viele Todesprozesse begleitet. Wir k\u00f6nnen dabei zwei Arten von Koma unterscheiden:<\/p>\n<ul>\n<li>Die Bewusstlosigkeit der Wiederherstellung: Sie tritt ein, wenn die Seele zwar den Bewusstseinsfaden, nicht aber den Lebensfaden zur\u00fcckgezogen hat. Dadurch soll der physische K\u00f6rper Zeit haben, seine Herrschaft zur\u00fcckzugewinnen und gesund zu werden.<\/li>\n<li>Die Bewusstlosigkeit, die dem Tod vorausgeht: W\u00e4hrend dieser Kampfphase des Sich-Zur\u00fcckziehens konzentriert sich die Seele des Sterbenden mehr im Astralk\u00f6rper oder mehr in der Mentalh\u00fclle, je nach seiner Entwicklungsstufe. Der Sterbende ist in dieser Phase nicht ohne Bewusstsein, wie es einem Au\u00dfenstehenden scheinen mag, er wei\u00df, was vorgeht. Das ist sehr wichtig zu wissen bei der Begleitung Sterbender.<\/li>\n<li>Der Kampf zwischen Seele und K\u00f6rper kann je nach Entwicklungsstufe des sterbenden Menschen auf verschiedenem Niveau stattfinden:<\/li>\n<li>Menschen, die noch nicht sehr weit entwickelt, noch sehr erdgebunden und auf Sicherheit bedacht sind, f\u00fchren oft einen heftigen Kampf zwischen K\u00f6rper und Seele.<\/li>\n<li>Bei Menschen, die zwar bereits bewusster, aber noch stark im Emotionalen verhaftet sind, findet der Kampf der Seele haupts\u00e4chlich mit dem Astralk\u00f6rper statt.<\/li>\n<li>Bei geistig suchenden Menschen ist es vor allem ein mentaler Kampf.<\/li>\n<\/ul>\n<p>Je weiter wir uns geistig entwickeln, desto weniger heftig wird der Kampf sein, desto leichter f\u00e4llt uns das Loslassen.<\/p>\n<p>Ist der Kampf schlie\u00dflich zu Ende, so kann der \u00c4therk\u00f6rper endg\u00fcltig aus dem physischen K\u00f6rper austreten, physischer K\u00f6rper und \u00c4therk\u00f6rper werden aufgel\u00f6st. Damit ist der R\u00fcckerstattungsprozess beendet.<\/p>\n<p>Der Mensch ist jetzt als greifbare Erscheinung verschwunden, bleibt aber dennoch er selbst in seinen feineren Bewusstseinszust\u00e4nden, seinem emotionalen und mentalen Bereich, er reagiert auf die Stimme seiner Seele und bereitet sich auf den n\u00e4chsten Schritt, die &#8222;Ausmerzung&#8220; vor, mit der schlie\u00dflich auch Astral- und Mentalk\u00f6rper aufgel\u00f6st werden.<\/p>\n<h3>Bedeutung der Feuerbestattung<\/h3>\n<p>Feuer l\u00f6st alle irdische Form auf. Wird der K\u00f6rper verbrannt, so wird die Verbindung zwischen K\u00f6rper und Seele sowie zwischen Emotional- und Mentalbereich und dem \u00c4therk\u00f6rper schnell und eindeutig gel\u00f6st, der Astralbereich wird gereinigt von seinem Verlangen, Formen zu schaffen. Der Prozess der R\u00fcckerstattung und auch die Stufe der darauffolgenden Ausmerzung k\u00f6nnen so rascher und leichter erfolgen.<\/p>\n<h3>Der Prozess der Ausmerzung<\/h3>\n<p>Der Mensch hat jetzt weder einen physischen K\u00f6rper noch einen \u00c4therk\u00f6rper, er findet sich in einem nichtmateriellen Zustand wieder, einem Bewusstseinszustand, der sowohl aus Gef\u00fchlen als auch aus seinen Gedanken aus dem vergangenen Erdenleben entstanden ist.<\/p>\n<p>Je nach dem Entwicklungsgrad des betreffenden Menschen gibt es auch hier ein breites Spektrum von M\u00f6glichkeiten, wie der Vorgang der Ausmerzung vor sich gehen kann. Man kann grob drei Hauptstufen unterscheiden, auf denen wir uns als Menschen befinden k\u00f6nnen:<\/p>\n<p>a) Menschen, deren Schwerpunkt im emotionalen Bereich liegt:\u00a0Bei ihnen ist das rein verstandesm\u00e4\u00dfige selbstst\u00e4ndige Denken noch wenig entwickelt. Sie halten sich so lange auf der ihnen vertrauten Gef\u00fchlsebene auf, die von alten Empfindungen und vergangenem Wunschdenken gespeist und aufgebaut ist, bis all diese Gef\u00fchle, die jetzt, da kein physischer K\u00f6rper mehr vorhanden ist, keine neue Nahrung mehr erhalten, sich gel\u00e4utert haben und losgelassen, ausgemerzt werden k\u00f6nnen. Danach erlebt sich der Mensch kurz in seinem keimhaften Verstandesbewusstsein und kommt mit seiner Seele in Kontakt, die Seele antwortet ihm, der Mensch sieht all seine Erfahrungen seiner vergangenen Inkarnation vor sich und kann sie bewerten. Danach ist er frei und bereit f\u00fcr eine neue Inkarnation.<\/p>\n<p>b) Der weiter entwickelte Mensch, der schon das Stadium einer integrierten Pers\u00f6nlichkeit erreicht hat, nimmt ebenfalls seinen emotionalen Zustand deutlich wahr und ist in dieser Phase T\u00e4uschungen und Irritationen ausgesetzt. Da sein Denken jedoch bereits weiterentwickelt ist, kann er mit dessen Hilfe zu diesem emotionalen Bereich leichter Distanz gewinnen und ihn hinter sich lassen. Danach kommt es auch im Bereich seines Denkens zu einer L\u00e4uterung, er kann auch diesen Bereich loslassen und mit seiner Seele in Kontakt treten. Dann sieht auch er sich der Gesamtheit der Erfahrungen seines vergangenen Lebens gegen\u00fcber und kann wertend im Hinblick auf seine n\u00e4chste Inkarnation damit umgehen.<\/p>\n<p>c) Noch weiter entwickelte geistig bewusste Menschen, bei denen der Schwerpunkt ihres vergangenen Lebens im Denken lag, sind umgeben von einer H\u00fclle aus Gedankenstoff, die umso durchscheinender und lichter ist, je weitgehender sie von Emotionen und Begierden frei ist. Auch diese Menschen m\u00fcssen sich jetzt von allem noch vorhandenen Gef\u00fchlsm\u00e4\u00dfigem des vergangenen Lebens befreien und dieses aufl\u00f6sen, indem sie willentlich immer mehr Seelenlicht in ihre Mentalh\u00fclle hereinrufen. Dieser Prozess geht umso dynamischer vor sich, je weiter der Mensch bereits entwickelt ist. Sind Seele und Denken bereits sehr eng miteinander verbunden, kann diese Dynamik den Menschen auf eine neue Stufe f\u00fchren, auf der er bereit ist, im Rahmen des Weltganzen und der Evolution zusammen mit anderen gleicherma\u00dfen entwickelten Menschen immer mehr Verantwortung zu \u00fcbernehmen und der Entwicklung der Menschheit zu dienen.<\/p>\n<h3>Der Weg in ein neues Erdenleben<\/h3>\n<p>Ist die Ausmerzung zu Ende gekommen, sieht der Mensch sein gesamtes vergangenes Leben vor sich und kann es aus seiner jetzt gel\u00e4uterten Sicht heraus betrachten und beurteilen. Aus der Gesamtheit des in diesem Leben Erlebten und Erfahrenen zieht er nun die Essenz aus drei wesentlichen Erfahrungsbereichen, die dieses Leben bestimmt hat. Alles andere wird vergessen. Diese drei &#8222;Keime&#8220; werden die n\u00e4chste Inkarnation bestimmen:<\/p>\n<ul>\n<li>Der erste &#8222;Keim&#8220; bestimmt Qualit\u00e4t und Kontaktbereich der zuk\u00fcnftigen Umwelt des Menschen.<\/li>\n<li>Der zweite &#8222;Keim&#8220; bestimmt die Beschaffenheit des neuen \u00c4therk\u00f6rpers und w\u00e4hlt eines der sieben Zentren (Chakren) aus, dass im kommenden Leben das vorherrschende sein wird.<\/li>\n<li>Der dritte &#8222;Keim&#8220; bestimmt den Empfindungsbereich und bringt den Menschen wieder mit denjenigen in Verbindung, mit denen er schon im letzten Leben in Kontakt war und mit denen ihn ein gemeinsames Gruppenkarma verbindet.<\/li>\n<\/ul>\n<p>Je gr\u00f6\u00dfer der Grad von Freiheit ist, die der Mensch durch die Entwicklung seines Denkens und seines Bewusstseins bereits erreicht hat, desto gezielter und genauer kann er sich auf die neue Inkarnation vorbereiten. Er \u00fcbertr\u00e4gt seine Lebenserfahrungen bewusst, bereitet seinen neuen \u00c4therk\u00f6rper gezielt f\u00fcr die neue Lebensaufgabe vor und w\u00e4hlt seine physischen Eltern mit Bedacht aus. Damit bekommt er einen K\u00f6rper und einen Rahmen f\u00fcr sein neues Leben, der f\u00fcr die Aufgabe, die er sich f\u00fcr diese neue Inkarnation gestellt hat, optimal geeignet ist.<\/p>\n<p>Im Laufe wiederholter Inkarnationen entwickelt der einzelne Mensch mit Hilfe seiner Seele immer mehr Unterscheidungskraft und Gedankenkontrolle. Das zunehmend wachsende Bewusstsein manifestiert sich immer mehr als Verantwortungsbewusstsein f\u00fcr \u00fcbergeordnete Aufgaben und Ziele. Er wird immer feinf\u00fchliger f\u00fcr die allem Leben zugrundeliegenden Gesetzm\u00e4\u00dfigkeiten und kann auf einem immer st\u00e4rker geistig orientierten Weg, auf dem er dem Wohl der gesamten Menschheit dient, voranschreiten. An dessen Ende wird er schlie\u00dflich den Inkarnationszyklus \u00fcberwinden.<\/p>\n<p>&nbsp;<\/p>\n<p><strong>Zum Abschluss noch ein Gedicht von Hermann Hesse<\/strong><\/p>\n<p><strong>Das Leben, das ich selbst gew\u00e4hlt<\/strong><\/p>\n<blockquote><p>Ehe ich in dieses Erdenleben kam<\/p>\n<p>Ward mir gezeigt, wie ich es leben w\u00fcrde.<\/p>\n<p>Da war die K\u00fcmmernis, da war der Gram,<\/p>\n<p>da war das Elend und die Leidensb\u00fcrde,<\/p>\n<p>da war das Laster, das mich packen sollte,<\/p>\n<p>da war der Irrtum, der gefangen nahm,<\/p>\n<p>da war der schnelle Zorn, in dem ich grollte,<\/p>\n<p>da waren Hass und Hochmut, Stolz und Scham.<\/p>\n<p>&nbsp;<\/p>\n<p>Doch da waren auch die Freuden jener Tage,<\/p>\n<p>die voller Licht und sch\u00f6ner Tr\u00e4ume sind,<\/p>\n<p>wo Klage nicht mehr ist und nicht mehr Plage<\/p>\n<p>und \u00fcberall der Quell der Gaben rinnt,<\/p>\n<p>wo Liebe dem, der noch im Erdenkleid gebunden,<\/p>\n<p>die Seligkeit des Losgel\u00f6sten schenkt,<\/p>\n<p>wo sich der Mensch der Menschenpein entwunden,<\/p>\n<p>als Auserw\u00e4hlter hoher Geister denkt.<\/p>\n<p>&nbsp;<\/p>\n<p>Mir ward gezeigt das Schlechte und das Gute, `<\/p>\n<p>mir ward gezeigt die F\u00fclle meiner M\u00e4ngel,<\/p>\n<p>mir ward gezeigt die Wunde draus ich blute,<\/p>\n<p>mir ward gezeigt die Helfertat der Engel.<\/p>\n<p>&nbsp;<\/p>\n<p>Und als ich so mein k\u00fcnftig Leben schaute,<\/p>\n<p>da h\u00f6rt ein Wesen ich die Frage tun,<\/p>\n<p>ob ich dies zu leben mir getraute,<\/p>\n<p>denn der Entscheidung Stunde schl\u00fcge nun.<\/p>\n<p>Und ich erma\u00df noch einmal alles Schlimme.<\/p>\n<p>&nbsp;<\/p>\n<p><strong>&#8222;Dies ist das Leben, das ich leben will&#8220;,<\/strong><\/p>\n<p>gab ich zur Antwort mit entschloss`ner Stimme<\/p>\n<p>und nahm auf mich mein neues Schicksal still.<\/p>\n<p>So ward ich geboren in diese Welt,<\/p>\n<p>so war`s als ich ins neue Leben trat,<\/p>\n<p>ich klage nicht, wenn\u2019s oft mir nicht gef\u00e4llt,<\/p>\n<p>denn ungeboren hab ich es bejaht.<\/p><\/blockquote>\n<h4>Literatur<br \/>\nAlice A. Bailey: Death: The Great Adventure<\/h4>\n<h4>Kontakt<br \/>\n<a href=\"mailto:hennyrueckert@outlook.de\">hennyrueckert@outlook.de<\/a><\/h4>\n<h4>Zusammengestellt von Doris Zwirner<\/h4>\n","protected":false},"excerpt":{"rendered":"<p>Was geschieht nach dem Tod? Der Prozess der R\u00fcckerstattung Der Tod kommt, wenn der Wille zum Leben im physischen K\u00f6rper schwindet und daf\u00fcr der Wille der Seele, sich zur\u00fcckzuziehen, stark wird. Dieser Vorgang, wenn die Seele sich aus ihrer begrenzenden materiellen K\u00f6rperh\u00fclle zur\u00fcckzieht, wird in der Nomenklatur des Tibeters als &#8222;R\u00fcckerstattung&#8220; unserer Form an die Materie bezeichnet. Die Worte &#8222;Erde zu Erde, Staub zu Staub&#8220;, die uns aus den christlichen Begr\u00e4bniszeremonien vertraut sind, beziehen sich auf diesen Vorgang der R\u00fcckerstattung und kennzeichnen das Zur\u00fcckgeben sowohl des materiellen physischen K\u00f6rpers in das universelle Materie &#8211; Sammelbecken als auch des \u00c4therk\u00f6rpers in das allgemeine \u00c4therreservoir.\u00a0Der Tod ist also das bewusste oder unbewusste Zur\u00fcckziehen der Seele als der inneren lebendigen Wesenheit aus dem K\u00f6rper. Der Ruf der Seele bewirkt zuerst die Trennung des \u00c4therk\u00f6rpers, der kein eigenes Leben hat, vom physischen K\u00f6rper und l\u00e4sst danach in einem zweiten Schritt alle \u00e4therischen Kr\u00e4fte in das allgemeine \u00c4ther-Sammelbecken zur\u00fcckkehren, aus dem sie zu Beginn der Inkarnation hervorgegangen sind. Der Kampf der Seele Bei pl\u00f6tzlichem Tod durch Unfall, Selbstmord, pl\u00f6tzlichem Herztod o.\u00e4. ist der Schock so gro\u00df, dass der R\u00fcckzug aus dem physischen K\u00f6rper und die vollst\u00e4ndige Aufl\u00f6sung des \u00c4therleibs praktisch gleichzeitig vor sich gehen. Geht [&hellip;]<\/p>\n","protected":false},"author":111,"featured_media":24028,"comment_status":"closed","ping_status":"closed","sticky":false,"template":"","format":"standard","meta":{"footnotes":""},"categories":[452],"tags":[529],"class_list":["post-25792","post","type-post","status-publish","format-standard","has-post-thumbnail","hentry","category-psychologie","tag-korpergeist"],"yoast_head":"<!-- This site is optimized with the Yoast SEO plugin v27.5 - https:\/\/yoast.com\/product\/yoast-seo-wordpress\/ -->\n<title>Geburt und Tod - Leben und Sterben [IV] - Paracelsus Magazin<\/title>\n<meta name=\"robots\" content=\"index, follow, max-snippet:-1, max-image-preview:large, max-video-preview:-1\" \/>\n<link rel=\"canonical\" href=\"https:\/\/www.paracelsus-magazin.ch\/de\/psychologie\/geburt-und-tod-leben-und-sterben-iv\/\" \/>\n<meta property=\"og:locale\" content=\"de_DE\" \/>\n<meta property=\"og:type\" content=\"article\" \/>\n<meta property=\"og:title\" content=\"Geburt und Tod - Leben und Sterben [IV] - Paracelsus Magazin\" \/>\n<meta property=\"og:description\" content=\"Was geschieht nach dem Tod? Der Prozess der R\u00fcckerstattung Der Tod kommt, wenn der Wille zum Leben im physischen K\u00f6rper schwindet und daf\u00fcr der Wille der Seele, sich zur\u00fcckzuziehen, stark wird. Dieser Vorgang, wenn die Seele sich aus ihrer begrenzenden materiellen K\u00f6rperh\u00fclle zur\u00fcckzieht, wird in der Nomenklatur des Tibeters als &#8222;R\u00fcckerstattung&#8220; unserer Form an die Materie bezeichnet. Die Worte &#8222;Erde zu Erde, Staub zu Staub&#8220;, die uns aus den christlichen Begr\u00e4bniszeremonien vertraut sind, beziehen sich auf diesen Vorgang der R\u00fcckerstattung und kennzeichnen das Zur\u00fcckgeben sowohl des materiellen physischen K\u00f6rpers in das universelle Materie &#8211; Sammelbecken als auch des \u00c4therk\u00f6rpers in das allgemeine \u00c4therreservoir.\u00a0Der Tod ist also das bewusste oder unbewusste Zur\u00fcckziehen der Seele als der inneren lebendigen Wesenheit aus dem K\u00f6rper. Der Ruf der Seele bewirkt zuerst die Trennung des \u00c4therk\u00f6rpers, der kein eigenes Leben hat, vom physischen K\u00f6rper und l\u00e4sst danach in einem zweiten Schritt alle \u00e4therischen Kr\u00e4fte in das allgemeine \u00c4ther-Sammelbecken zur\u00fcckkehren, aus dem sie zu Beginn der Inkarnation hervorgegangen sind. Der Kampf der Seele Bei pl\u00f6tzlichem Tod durch Unfall, Selbstmord, pl\u00f6tzlichem Herztod o.\u00e4. ist der Schock so gro\u00df, dass der R\u00fcckzug aus dem physischen K\u00f6rper und die vollst\u00e4ndige Aufl\u00f6sung des \u00c4therleibs praktisch gleichzeitig vor sich gehen. Geht [&hellip;]\" \/>\n<meta property=\"og:url\" content=\"https:\/\/www.paracelsus-magazin.ch\/de\/psychologie\/geburt-und-tod-leben-und-sterben-iv\/\" \/>\n<meta property=\"og:site_name\" content=\"Paracelsus Magazin\" \/>\n<meta property=\"article:publisher\" content=\"https:\/\/www.facebook.com\/Paracelsus-Magazin-436487499874780\/\" \/>\n<meta property=\"article:published_time\" content=\"2023-03-01T15:13:36+00:00\" \/>\n<meta property=\"article:modified_time\" content=\"2023-10-26T13:43:57+00:00\" \/>\n<meta property=\"og:image\" content=\"https:\/\/www.paracelsus-magazin.ch\/wp-content\/uploads\/2022\/03\/beyond-3265854_1280.jpeg\" \/>\n\t<meta property=\"og:image:width\" content=\"1066\" \/>\n\t<meta property=\"og:image:height\" content=\"600\" \/>\n\t<meta property=\"og:image:type\" content=\"image\/jpeg\" \/>\n<meta name=\"author\" content=\"Henny R\u00fcckert\" \/>\n<meta name=\"twitter:card\" content=\"summary_large_image\" \/>\n<meta name=\"twitter:label1\" content=\"Verfasst von\" \/>\n\t<meta name=\"twitter:data1\" content=\"Henny R\u00fcckert\" \/>\n\t<meta name=\"twitter:label2\" content=\"Gesch\u00e4tzte Lesezeit\" \/>\n\t<meta name=\"twitter:data2\" content=\"6\u00a0Minuten\" \/>\n<script type=\"application\/ld+json\" class=\"yoast-schema-graph\">{\"@context\":\"https:\\\/\\\/schema.org\",\"@graph\":[{\"@type\":\"Article\",\"@id\":\"https:\\\/\\\/www.paracelsus-magazin.ch\\\/de\\\/psychologie\\\/geburt-und-tod-leben-und-sterben-iv\\\/#article\",\"isPartOf\":{\"@id\":\"https:\\\/\\\/www.paracelsus-magazin.ch\\\/de\\\/psychologie\\\/geburt-und-tod-leben-und-sterben-iv\\\/\"},\"author\":{\"name\":\"Henny R\u00fcckert\",\"@id\":\"https:\\\/\\\/www.paracelsus-magazin.ch\\\/de\\\/#\\\/schema\\\/person\\\/cf34ce53dea33c69e447bac579c887d1\"},\"headline\":\"Geburt und Tod &#8211; Leben und Sterben [IV]\",\"datePublished\":\"2023-03-01T15:13:36+00:00\",\"dateModified\":\"2023-10-26T13:43:57+00:00\",\"mainEntityOfPage\":{\"@id\":\"https:\\\/\\\/www.paracelsus-magazin.ch\\\/de\\\/psychologie\\\/geburt-und-tod-leben-und-sterben-iv\\\/\"},\"wordCount\":1724,\"publisher\":{\"@id\":\"https:\\\/\\\/www.paracelsus-magazin.ch\\\/de\\\/#organization\"},\"image\":{\"@id\":\"https:\\\/\\\/www.paracelsus-magazin.ch\\\/de\\\/psychologie\\\/geburt-und-tod-leben-und-sterben-iv\\\/#primaryimage\"},\"thumbnailUrl\":\"https:\\\/\\\/www.paracelsus-magazin.ch\\\/wp-content\\\/uploads\\\/2022\\\/03\\\/beyond-3265854_1280.jpeg\",\"keywords\":[\"K\u00f6rper&amp;Geist\"],\"articleSection\":[\"Psychologie\"],\"inLanguage\":\"de\"},{\"@type\":\"WebPage\",\"@id\":\"https:\\\/\\\/www.paracelsus-magazin.ch\\\/de\\\/psychologie\\\/geburt-und-tod-leben-und-sterben-iv\\\/\",\"url\":\"https:\\\/\\\/www.paracelsus-magazin.ch\\\/de\\\/psychologie\\\/geburt-und-tod-leben-und-sterben-iv\\\/\",\"name\":\"Geburt und Tod - Leben und Sterben [IV] - Paracelsus Magazin\",\"isPartOf\":{\"@id\":\"https:\\\/\\\/www.paracelsus-magazin.ch\\\/de\\\/#website\"},\"primaryImageOfPage\":{\"@id\":\"https:\\\/\\\/www.paracelsus-magazin.ch\\\/de\\\/psychologie\\\/geburt-und-tod-leben-und-sterben-iv\\\/#primaryimage\"},\"image\":{\"@id\":\"https:\\\/\\\/www.paracelsus-magazin.ch\\\/de\\\/psychologie\\\/geburt-und-tod-leben-und-sterben-iv\\\/#primaryimage\"},\"thumbnailUrl\":\"https:\\\/\\\/www.paracelsus-magazin.ch\\\/wp-content\\\/uploads\\\/2022\\\/03\\\/beyond-3265854_1280.jpeg\",\"datePublished\":\"2023-03-01T15:13:36+00:00\",\"dateModified\":\"2023-10-26T13:43:57+00:00\",\"breadcrumb\":{\"@id\":\"https:\\\/\\\/www.paracelsus-magazin.ch\\\/de\\\/psychologie\\\/geburt-und-tod-leben-und-sterben-iv\\\/#breadcrumb\"},\"inLanguage\":\"de\",\"potentialAction\":[{\"@type\":\"ReadAction\",\"target\":[\"https:\\\/\\\/www.paracelsus-magazin.ch\\\/de\\\/psychologie\\\/geburt-und-tod-leben-und-sterben-iv\\\/\"]}]},{\"@type\":\"ImageObject\",\"inLanguage\":\"de\",\"@id\":\"https:\\\/\\\/www.paracelsus-magazin.ch\\\/de\\\/psychologie\\\/geburt-und-tod-leben-und-sterben-iv\\\/#primaryimage\",\"url\":\"https:\\\/\\\/www.paracelsus-magazin.ch\\\/wp-content\\\/uploads\\\/2022\\\/03\\\/beyond-3265854_1280.jpeg\",\"contentUrl\":\"https:\\\/\\\/www.paracelsus-magazin.ch\\\/wp-content\\\/uploads\\\/2022\\\/03\\\/beyond-3265854_1280.jpeg\",\"width\":1066,\"height\":600},{\"@type\":\"BreadcrumbList\",\"@id\":\"https:\\\/\\\/www.paracelsus-magazin.ch\\\/de\\\/psychologie\\\/geburt-und-tod-leben-und-sterben-iv\\\/#breadcrumb\",\"itemListElement\":[{\"@type\":\"ListItem\",\"position\":1,\"name\":\"Startseite\",\"item\":\"https:\\\/\\\/www.paracelsus-magazin.ch\\\/de\\\/\"},{\"@type\":\"ListItem\",\"position\":2,\"name\":\"Geburt und Tod &#8211; Leben und Sterben [IV]\"}]},{\"@type\":\"WebSite\",\"@id\":\"https:\\\/\\\/www.paracelsus-magazin.ch\\\/de\\\/#website\",\"url\":\"https:\\\/\\\/www.paracelsus-magazin.ch\\\/de\\\/\",\"name\":\"Paracelsus Magazin\",\"description\":\"Health &amp; Healing Magazin\",\"publisher\":{\"@id\":\"https:\\\/\\\/www.paracelsus-magazin.ch\\\/de\\\/#organization\"},\"potentialAction\":[{\"@type\":\"SearchAction\",\"target\":{\"@type\":\"EntryPoint\",\"urlTemplate\":\"https:\\\/\\\/www.paracelsus-magazin.ch\\\/de\\\/?s={search_term_string}\"},\"query-input\":{\"@type\":\"PropertyValueSpecification\",\"valueRequired\":true,\"valueName\":\"search_term_string\"}}],\"inLanguage\":\"de\"},{\"@type\":\"Organization\",\"@id\":\"https:\\\/\\\/www.paracelsus-magazin.ch\\\/de\\\/#organization\",\"name\":\"Paracelsus Magazin\",\"url\":\"https:\\\/\\\/www.paracelsus-magazin.ch\\\/de\\\/\",\"logo\":{\"@type\":\"ImageObject\",\"inLanguage\":\"de\",\"@id\":\"https:\\\/\\\/www.paracelsus-magazin.ch\\\/de\\\/#\\\/schema\\\/logo\\\/image\\\/\",\"url\":\"https:\\\/\\\/www.paracelsus-magazin.ch\\\/wp-content\\\/uploads\\\/2023\\\/08\\\/logo-paracelsus-magazin-sqaure.jpg\",\"contentUrl\":\"https:\\\/\\\/www.paracelsus-magazin.ch\\\/wp-content\\\/uploads\\\/2023\\\/08\\\/logo-paracelsus-magazin-sqaure.jpg\",\"width\":696,\"height\":696,\"caption\":\"Paracelsus Magazin\"},\"image\":{\"@id\":\"https:\\\/\\\/www.paracelsus-magazin.ch\\\/de\\\/#\\\/schema\\\/logo\\\/image\\\/\"},\"sameAs\":[\"https:\\\/\\\/www.facebook.com\\\/Paracelsus-Magazin-436487499874780\\\/\"]},{\"@type\":\"Person\",\"@id\":\"https:\\\/\\\/www.paracelsus-magazin.ch\\\/de\\\/#\\\/schema\\\/person\\\/cf34ce53dea33c69e447bac579c887d1\",\"name\":\"Henny R\u00fcckert\",\"image\":{\"@type\":\"ImageObject\",\"inLanguage\":\"de\",\"@id\":\"https:\\\/\\\/secure.gravatar.com\\\/avatar\\\/9003ce7216c0457695a907ec1d1683460d230d5b8c344dedf1f2f66c2244fbd2?s=96&d=mm&r=g\",\"url\":\"https:\\\/\\\/secure.gravatar.com\\\/avatar\\\/9003ce7216c0457695a907ec1d1683460d230d5b8c344dedf1f2f66c2244fbd2?s=96&d=mm&r=g\",\"contentUrl\":\"https:\\\/\\\/secure.gravatar.com\\\/avatar\\\/9003ce7216c0457695a907ec1d1683460d230d5b8c344dedf1f2f66c2244fbd2?s=96&d=mm&r=g\",\"caption\":\"Henny R\u00fcckert\"},\"description\":\"From the age of 12, I studied Astrology and eventually came into contact with the extensive works of Alice A. Baileys and H.P. Blavatsky. Many discourses in Germany and abroad, also on television, followed. After the death of my mother, I wrote a small treatise on \\\"Death and Birth - Living and Dying\\\". Later seminars on death followed. I am sure that we will soon consciously recognise and celebrate death as a living transition.\",\"url\":\"https:\\\/\\\/www.paracelsus-magazin.ch\\\/de\\\/author\\\/henny-rueckert\\\/\"}]}<\/script>\n<!-- \/ Yoast SEO plugin. -->","yoast_head_json":{"title":"Geburt und Tod - Leben und Sterben [IV] - Paracelsus Magazin","robots":{"index":"index","follow":"follow","max-snippet":"max-snippet:-1","max-image-preview":"max-image-preview:large","max-video-preview":"max-video-preview:-1"},"canonical":"https:\/\/www.paracelsus-magazin.ch\/de\/psychologie\/geburt-und-tod-leben-und-sterben-iv\/","og_locale":"de_DE","og_type":"article","og_title":"Geburt und Tod - Leben und Sterben [IV] - Paracelsus Magazin","og_description":"Was geschieht nach dem Tod? Der Prozess der R\u00fcckerstattung Der Tod kommt, wenn der Wille zum Leben im physischen K\u00f6rper schwindet und daf\u00fcr der Wille der Seele, sich zur\u00fcckzuziehen, stark wird. Dieser Vorgang, wenn die Seele sich aus ihrer begrenzenden materiellen K\u00f6rperh\u00fclle zur\u00fcckzieht, wird in der Nomenklatur des Tibeters als &#8222;R\u00fcckerstattung&#8220; unserer Form an die Materie bezeichnet. Die Worte &#8222;Erde zu Erde, Staub zu Staub&#8220;, die uns aus den christlichen Begr\u00e4bniszeremonien vertraut sind, beziehen sich auf diesen Vorgang der R\u00fcckerstattung und kennzeichnen das Zur\u00fcckgeben sowohl des materiellen physischen K\u00f6rpers in das universelle Materie &#8211; Sammelbecken als auch des \u00c4therk\u00f6rpers in das allgemeine \u00c4therreservoir.\u00a0Der Tod ist also das bewusste oder unbewusste Zur\u00fcckziehen der Seele als der inneren lebendigen Wesenheit aus dem K\u00f6rper. Der Ruf der Seele bewirkt zuerst die Trennung des \u00c4therk\u00f6rpers, der kein eigenes Leben hat, vom physischen K\u00f6rper und l\u00e4sst danach in einem zweiten Schritt alle \u00e4therischen Kr\u00e4fte in das allgemeine \u00c4ther-Sammelbecken zur\u00fcckkehren, aus dem sie zu Beginn der Inkarnation hervorgegangen sind. Der Kampf der Seele Bei pl\u00f6tzlichem Tod durch Unfall, Selbstmord, pl\u00f6tzlichem Herztod o.\u00e4. ist der Schock so gro\u00df, dass der R\u00fcckzug aus dem physischen K\u00f6rper und die vollst\u00e4ndige Aufl\u00f6sung des \u00c4therleibs praktisch gleichzeitig vor sich gehen. Geht [&hellip;]","og_url":"https:\/\/www.paracelsus-magazin.ch\/de\/psychologie\/geburt-und-tod-leben-und-sterben-iv\/","og_site_name":"Paracelsus Magazin","article_publisher":"https:\/\/www.facebook.com\/Paracelsus-Magazin-436487499874780\/","article_published_time":"2023-03-01T15:13:36+00:00","article_modified_time":"2023-10-26T13:43:57+00:00","og_image":[{"width":1066,"height":600,"url":"https:\/\/www.paracelsus-magazin.ch\/wp-content\/uploads\/2022\/03\/beyond-3265854_1280.jpeg","type":"image\/jpeg"}],"author":"Henny R\u00fcckert","twitter_card":"summary_large_image","twitter_misc":{"Verfasst von":"Henny R\u00fcckert","Gesch\u00e4tzte Lesezeit":"6\u00a0Minuten"},"schema":{"@context":"https:\/\/schema.org","@graph":[{"@type":"Article","@id":"https:\/\/www.paracelsus-magazin.ch\/de\/psychologie\/geburt-und-tod-leben-und-sterben-iv\/#article","isPartOf":{"@id":"https:\/\/www.paracelsus-magazin.ch\/de\/psychologie\/geburt-und-tod-leben-und-sterben-iv\/"},"author":{"name":"Henny R\u00fcckert","@id":"https:\/\/www.paracelsus-magazin.ch\/de\/#\/schema\/person\/cf34ce53dea33c69e447bac579c887d1"},"headline":"Geburt und Tod &#8211; Leben und Sterben [IV]","datePublished":"2023-03-01T15:13:36+00:00","dateModified":"2023-10-26T13:43:57+00:00","mainEntityOfPage":{"@id":"https:\/\/www.paracelsus-magazin.ch\/de\/psychologie\/geburt-und-tod-leben-und-sterben-iv\/"},"wordCount":1724,"publisher":{"@id":"https:\/\/www.paracelsus-magazin.ch\/de\/#organization"},"image":{"@id":"https:\/\/www.paracelsus-magazin.ch\/de\/psychologie\/geburt-und-tod-leben-und-sterben-iv\/#primaryimage"},"thumbnailUrl":"https:\/\/www.paracelsus-magazin.ch\/wp-content\/uploads\/2022\/03\/beyond-3265854_1280.jpeg","keywords":["K\u00f6rper&amp;Geist"],"articleSection":["Psychologie"],"inLanguage":"de"},{"@type":"WebPage","@id":"https:\/\/www.paracelsus-magazin.ch\/de\/psychologie\/geburt-und-tod-leben-und-sterben-iv\/","url":"https:\/\/www.paracelsus-magazin.ch\/de\/psychologie\/geburt-und-tod-leben-und-sterben-iv\/","name":"Geburt und Tod - Leben und Sterben [IV] - Paracelsus Magazin","isPartOf":{"@id":"https:\/\/www.paracelsus-magazin.ch\/de\/#website"},"primaryImageOfPage":{"@id":"https:\/\/www.paracelsus-magazin.ch\/de\/psychologie\/geburt-und-tod-leben-und-sterben-iv\/#primaryimage"},"image":{"@id":"https:\/\/www.paracelsus-magazin.ch\/de\/psychologie\/geburt-und-tod-leben-und-sterben-iv\/#primaryimage"},"thumbnailUrl":"https:\/\/www.paracelsus-magazin.ch\/wp-content\/uploads\/2022\/03\/beyond-3265854_1280.jpeg","datePublished":"2023-03-01T15:13:36+00:00","dateModified":"2023-10-26T13:43:57+00:00","breadcrumb":{"@id":"https:\/\/www.paracelsus-magazin.ch\/de\/psychologie\/geburt-und-tod-leben-und-sterben-iv\/#breadcrumb"},"inLanguage":"de","potentialAction":[{"@type":"ReadAction","target":["https:\/\/www.paracelsus-magazin.ch\/de\/psychologie\/geburt-und-tod-leben-und-sterben-iv\/"]}]},{"@type":"ImageObject","inLanguage":"de","@id":"https:\/\/www.paracelsus-magazin.ch\/de\/psychologie\/geburt-und-tod-leben-und-sterben-iv\/#primaryimage","url":"https:\/\/www.paracelsus-magazin.ch\/wp-content\/uploads\/2022\/03\/beyond-3265854_1280.jpeg","contentUrl":"https:\/\/www.paracelsus-magazin.ch\/wp-content\/uploads\/2022\/03\/beyond-3265854_1280.jpeg","width":1066,"height":600},{"@type":"BreadcrumbList","@id":"https:\/\/www.paracelsus-magazin.ch\/de\/psychologie\/geburt-und-tod-leben-und-sterben-iv\/#breadcrumb","itemListElement":[{"@type":"ListItem","position":1,"name":"Startseite","item":"https:\/\/www.paracelsus-magazin.ch\/de\/"},{"@type":"ListItem","position":2,"name":"Geburt und Tod &#8211; Leben und Sterben [IV]"}]},{"@type":"WebSite","@id":"https:\/\/www.paracelsus-magazin.ch\/de\/#website","url":"https:\/\/www.paracelsus-magazin.ch\/de\/","name":"Paracelsus Magazin","description":"Health &amp; Healing Magazin","publisher":{"@id":"https:\/\/www.paracelsus-magazin.ch\/de\/#organization"},"potentialAction":[{"@type":"SearchAction","target":{"@type":"EntryPoint","urlTemplate":"https:\/\/www.paracelsus-magazin.ch\/de\/?s={search_term_string}"},"query-input":{"@type":"PropertyValueSpecification","valueRequired":true,"valueName":"search_term_string"}}],"inLanguage":"de"},{"@type":"Organization","@id":"https:\/\/www.paracelsus-magazin.ch\/de\/#organization","name":"Paracelsus Magazin","url":"https:\/\/www.paracelsus-magazin.ch\/de\/","logo":{"@type":"ImageObject","inLanguage":"de","@id":"https:\/\/www.paracelsus-magazin.ch\/de\/#\/schema\/logo\/image\/","url":"https:\/\/www.paracelsus-magazin.ch\/wp-content\/uploads\/2023\/08\/logo-paracelsus-magazin-sqaure.jpg","contentUrl":"https:\/\/www.paracelsus-magazin.ch\/wp-content\/uploads\/2023\/08\/logo-paracelsus-magazin-sqaure.jpg","width":696,"height":696,"caption":"Paracelsus Magazin"},"image":{"@id":"https:\/\/www.paracelsus-magazin.ch\/de\/#\/schema\/logo\/image\/"},"sameAs":["https:\/\/www.facebook.com\/Paracelsus-Magazin-436487499874780\/"]},{"@type":"Person","@id":"https:\/\/www.paracelsus-magazin.ch\/de\/#\/schema\/person\/cf34ce53dea33c69e447bac579c887d1","name":"Henny R\u00fcckert","image":{"@type":"ImageObject","inLanguage":"de","@id":"https:\/\/secure.gravatar.com\/avatar\/9003ce7216c0457695a907ec1d1683460d230d5b8c344dedf1f2f66c2244fbd2?s=96&d=mm&r=g","url":"https:\/\/secure.gravatar.com\/avatar\/9003ce7216c0457695a907ec1d1683460d230d5b8c344dedf1f2f66c2244fbd2?s=96&d=mm&r=g","contentUrl":"https:\/\/secure.gravatar.com\/avatar\/9003ce7216c0457695a907ec1d1683460d230d5b8c344dedf1f2f66c2244fbd2?s=96&d=mm&r=g","caption":"Henny R\u00fcckert"},"description":"From the age of 12, I studied Astrology and eventually came into contact with the extensive works of Alice A. Baileys and H.P. Blavatsky. Many discourses in Germany and abroad, also on television, followed. After the death of my mother, I wrote a small treatise on \"Death and Birth - Living and Dying\". Later seminars on death followed. I am sure that we will soon consciously recognise and celebrate death as a living transition.","url":"https:\/\/www.paracelsus-magazin.ch\/de\/author\/henny-rueckert\/"}]}},"_links":{"self":[{"href":"https:\/\/www.paracelsus-magazin.ch\/de\/wp-json\/wp\/v2\/posts\/25792","targetHints":{"allow":["GET"]}}],"collection":[{"href":"https:\/\/www.paracelsus-magazin.ch\/de\/wp-json\/wp\/v2\/posts"}],"about":[{"href":"https:\/\/www.paracelsus-magazin.ch\/de\/wp-json\/wp\/v2\/types\/post"}],"author":[{"embeddable":true,"href":"https:\/\/www.paracelsus-magazin.ch\/de\/wp-json\/wp\/v2\/users\/111"}],"replies":[{"embeddable":true,"href":"https:\/\/www.paracelsus-magazin.ch\/de\/wp-json\/wp\/v2\/comments?post=25792"}],"version-history":[{"count":0,"href":"https:\/\/www.paracelsus-magazin.ch\/de\/wp-json\/wp\/v2\/posts\/25792\/revisions"}],"wp:featuredmedia":[{"embeddable":true,"href":"https:\/\/www.paracelsus-magazin.ch\/de\/wp-json\/wp\/v2\/media\/24028"}],"wp:attachment":[{"href":"https:\/\/www.paracelsus-magazin.ch\/de\/wp-json\/wp\/v2\/media?parent=25792"}],"wp:term":[{"taxonomy":"category","embeddable":true,"href":"https:\/\/www.paracelsus-magazin.ch\/de\/wp-json\/wp\/v2\/categories?post=25792"},{"taxonomy":"post_tag","embeddable":true,"href":"https:\/\/www.paracelsus-magazin.ch\/de\/wp-json\/wp\/v2\/tags?post=25792"}],"curies":[{"name":"wp","href":"https:\/\/api.w.org\/{rel}","templated":true}]}}