{"id":24286,"date":"2022-06-22T20:58:12","date_gmt":"2022-06-22T18:58:12","guid":{"rendered":"https:\/\/www.paracelsus-magazin.ch\/?p=24286"},"modified":"2022-08-31T16:50:02","modified_gmt":"2022-08-31T14:50:02","slug":"die-spirituelle-rueckenschule-ii","status":"publish","type":"post","link":"https:\/\/www.paracelsus-magazin.ch\/de\/traditionelle-westliche-medizin\/die-spirituelle-rueckenschule-ii\/","title":{"rendered":"Die spirituelle R\u00fcckenschule  [II]"},"content":{"rendered":"<h2>Eine neue und ganzheitliche Wirbels\u00e4ulengymnastik!<\/h2>\n<h3>\u00dcbung: Negative Grundprogramme l\u00f6sen<\/h3>\n<p>\u00dcberpr\u00fcfen Sie Ihre momentane Lebenssituation und Ihre Schwierigkeiten auf solche negativen Grundprogramme und entscheiden Sie sich, dass Sie diese nicht mehr brauchen, dass diese falsche Einstellung \u00fcberfl\u00fcssig ist und es bessere gibt.<\/p>\n<ul>\n<li><em>Ich muss leiden und die Erfahrung machen.<\/em><\/li>\n<li><em>Jeder wird mal krank.<\/em><\/li>\n<li><em>Je mehr Negatives ich erlebe, umso besser komme ich spirituell voran.<\/em><\/li>\n<li><em>Ich muss Schlimmeres erleben als mein Karma.<\/em><\/li>\n<\/ul>\n<p>Sie finden bestimmt noch mehr solcher Aussagen!<\/p>\n<p>Karma wird hier oft falsch verstanden. Karma ist n\u00e4mlich die Summe Ihrer Taten, die hier im Jetzt auf Sie einwirken. Viele denken aber, es seien nur die S\u00fcnden aus fr\u00fcheren Leben, die man jetzt aushalten muss. Nein, im Jetzt kann und darf man alles \u00e4ndern. In dem Moment, in dem Sie das erkennen, haben Sie sich von Ihrem Karma schon befreit. Denn Sie sind Ihr Karma. \u00c4ndern Sie jetzt durch Ihr neues Wissen und Bewusstsein Ihre Einstellung und Meinung zu den Dingen und Sie sind sofort davon befreit und brauchen das einfach nicht mehr.<\/p>\n<p>Suchen Sie sich f\u00fcr jede negative Grundeinstellung eine bessere heraus.<\/p>\n<ul>\n<li><em>Ich bin immer gesund, das ist mein Geburtsrecht, das ist doch normal.<\/em><\/li>\n<li><em>Ich benutze meinen K\u00f6rper nicht mehr f\u00fcr Krankheiten.<\/em><\/li>\n<li><em>Ich lerne im Guten, ich lerne durch gute Taten, ich lerne durch meine Umgebung.<\/em><\/li>\n<li><em>Durch gute Taten komme ich spirituell voran.<\/em><\/li>\n<li><em>Ich habe immer das Beste gemacht in meinem Leben, jetzt mache ich es noch besser, das ist selbstverst\u00e4ndlich.<\/em><\/li>\n<\/ul>\n<p>Man kann aus den Erfahrungen der Gemeinschaft lernen und aus dem, was man in der Vergangenheit schon erlebt hat. Wir sind viele auf der Welt, einer muss nicht alles machen, und durch gute \u00dcberlegung, Vorstellung und Planung gelingt alles auf Anhieb richtig. Man hat eben die Erfahrungen geistig gemacht durch sein Nachdenken und \u00dcberlegen.<\/p>\n<blockquote>\n<p style=\"text-align: center;\">Zum Gl\u00fcck braucht man kein Gl\u00fcck<br \/>\nsondern nur die richtige Einstellung<\/p>\n<\/blockquote>\n<h3>Gesunde Bewegungen<\/h3>\n<p>Um ein paar wichtige Wiederholungen und Details komme ich am Anfang nicht herum. Wie im ersten Band der Spirituellen R\u00fcckenschule bereits erw\u00e4hnt, ist die richtige Gedankenhaltung zur Bewegung und zu Ihrem R\u00fccken das Wichtigste.<\/p>\n<p>Jeder Gedanke ist Energie. Jede Meinung und jedes Urteil verbinden Sie mit Energie und trennt Sie davon. Sie sind eine Sammlung von Energie und Information und haben dadurch eine eigene Schwingung, die st\u00e4ndig mit der restlichen Welt interagiert.<\/p>\n<p>Das Leben selbst ist f\u00fcr einen Menschen und seine begrenzte Wahrnehmung unendlich und unberechenbar. Aber Sie haben als Energiewesen Einfluss auf Ihr Leben und Ihre Realit\u00e4t und darauf, welche Seite des Lebens sich Ihnen heute offenbart.<\/p>\n<p>Durch Steuerung Ihrer Frequenz k\u00f6nnen Sie wie ein Radio bestimmen, welchen Kanal Sie heute h\u00f6ren m\u00f6chten. Wenn der Empf\u00e4nger nicht auf die entsprechende Frequenz eingestellt ist, kann er auch nicht das Richtige empfangen.<\/p>\n<p>Je h\u00f6her Ihre Eigenfrequenz ist, umso mehr Gutes und Gesundes werden Sie ausstrahlen und auch von der Au\u00dfenwelt gespiegelt bekommen. Stellen Sie Ihr Radio auf Gesundheit und Gelingen ein, dann werden Sie es auch erleben. Sie haben immer die Wahl, immer Ihren freien Willen!<\/p>\n<p>Jede Vorstellung und jede M\u00f6glichkeit gibt es! Alles, was Sie sich ausdenken k\u00f6nnen, existiert schon und kann sofort Wirklichkeit werden. Es h\u00e4ngt von Ihnen und Ihrer Einstellung ab, ob Sie dies erleben.<\/p>\n<p>Energie kann nur zu Ihnen flie\u00dfen, wenn Sie die entsprechende Einstellung haben und \u201eoffen\u201c daf\u00fcr sind!<\/p>\n<p>&nbsp;<\/p>\n<p><img decoding=\"async\" class=\"alignleft\" src=\"https:\/\/www.paracelsus-magazin.ch\/wp-content\/uploads\/2022\/05\/img364-2.jpg\" width=\"416\" height=\"520\" \/><\/p>\n<p>Jede Bewegung ist das Freisetzen einer Sammlung von diesen Energien. Was Sie aussenden, das kommt auch zu Ihnen zur\u00fcck. Je reiner und h\u00f6her Ihre Eigenschwingung ist, umso besser und vorteilhafter f\u00fcr Sie selbst und f\u00fcr andere wird auch Ihre Bewegung \u2013 Handlung ausfallen.<\/p>\n<p>&nbsp;<\/p>\n<p>Sie k\u00f6nnen mit der richtigen Einstellung und Eigenfrequenz immer:<\/p>\n<p>&nbsp;<\/p>\n<blockquote><p>&nbsp;<\/p>\n<p>&nbsp;<\/p>\n<p>&nbsp;<\/p>\n<p style=\"text-align: center;\">Zur richtigen Zeit<br \/>\nam richtigen Ort sein<br \/>\nund genau das Richtige tun!<\/p>\n<\/blockquote>\n<p>Dann ist alles perfekt, allen geht es gut, alle staunen und alle sind zufrieden. Dann wirken h\u00f6here und g\u00f6ttliche Energien. Dann sind Sie ein \u201eHeld\u201c!<br \/>\nEs gibt Menschen, die wuseln herum und tun den ganzen Tag irgendetwas, aber haben abends nichts Wirkliches erreicht, weil sie ziellos oder mit einer falschen Einstellung gearbeitet haben. Andere strengen sich an, arbeiten, tun, rennen herum, aber bekommen trotzdem nichts Wirkliches geschafft, weil Ihnen die richtigen oder h\u00f6heren Absichten gefehlt haben.<br \/>\nDann gibt es Menschen, die erreichen an einem Tag mehr als andere in einem Monat oder sogar in einem Jahr. Mit der richtigen Gedankenhaltung und Motivation k\u00f6nnen Sie viel mehr in Ihrem Leben erreichen und bew\u00e4ltigen, als Sie es sich jetzt vorstellen k\u00f6nnen.<br \/>\nDer Mensch hat nur zwei H\u00e4nde, aber trotzdem kann er mit der richtigen Energie mit diesen zwei H\u00e4nden mehr fertig stellen als hunderte Menschen zusammen, die mit niederen Absichten handeln.<br \/>\nEs gibt diese Menschen, von denen man sagt: Der hat goldene H\u00e4nde, ihm gelingt alles, was er anpackt, bei ihm wirkt oder gelingt das sofort!<br \/>\nDazu machen wir gleich eine kleine geistige \u00dcbung, die Sie in Zukunft immer bewusst vor einer T\u00e4tigkeit ausf\u00fchren sollten.<\/p>\n<blockquote>\n<p style=\"text-align: center;\">Jeder Mensch ist seines Gl\u00fcckes Schmied.<\/p>\n<\/blockquote>\n<h3>\u00dcbung: Den Lebensplan aktivieren<\/h3>\n<p><strong>Sagen Sie sich:<\/strong><\/p>\n<p><em>Ich bin zur richtigen Zeit am richtigen Ort und tue genau das Richtige.<\/em><br \/>\n<em>Es gibt nichts Besseres, was ich jetzt tun k\u00f6nnte und genau das, was ich tue, ist das Wichtigste \u00fcberhaupt.<\/em><br \/>\n<em>Das, was ich gerade tue, hilft mir bei allem, was ich vorhabe, tun m\u00f6chte und erreichen will, am besten.<\/em><br \/>\n<em>Diese T\u00e4tigkeit ist jetzt die wichtigste in meinem Leben und ich gebe ebenfalls mein Bestes!<\/em><\/p>\n<p>Wenn Sie sich bewegen, setzen Sie Energie frei. Diese Energie sollte immer mit guter Motivation und mit besten Absichten ausgestrahlt werden.<\/p>\n<p>Wenn Sie in Wut oder aus \u00c4rger und Entt\u00e4uschung eine Handlung ausf\u00fchren, wird diese Energie verschwendet und auch solche Kr\u00e4fte und Situationen wiederum anziehen.<\/p>\n<blockquote>\n<p style=\"text-align: center;\">Viele Menschen vers\u00e4umen das kleine Gl\u00fcck,<br \/>\nw\u00e4hrend sie auf das gro\u00dfe vergebens warten.<\/p>\n<\/blockquote>\n<p>Jede Bewegung sollte immer mit den guten Absichten und mit einem gesunden Bewusstsein geschehen. Selbst wenn es das Kratzen an der Nase oder das Dr\u00fccken der Fernsehbedienung ist!<\/p>\n<p>Probieren Sie es aus, ver\u00e4ndern Sie Ihre Einstellung zum Besseren und zappen Sie dann mal durch die Programme. Sie werden staunen, was Sie dann alles zu sehen bekommen, Dinge, die Sie vorher nicht gesehen haben.<\/p>\n<p>Jede Bewegung ist kostbar und das h\u00f6chste Gut des Menschen!<\/p>\n<blockquote>\n<p style=\"text-align: center;\">Gl\u00fccklich sein kann jeder \u2013<br \/>\nDenn dazu braucht man nur den Kopf.<\/p>\n<\/blockquote>\n<p>&nbsp;<\/p>\n<h4>&#8230; wird fortgesetzt<\/h4>\n<h4>Entnommen aus<br \/>\n\u201eSpirituelle R\u00fcckenschule 2\u201c Fitmit-Verlag (2007 auf der gr\u00f6\u00dften H\u00e4ndlermesse Europas f\u00fcr Esoterik in Baden-Baden mit \u201eProdukt des Jahres\u201c ausgezeichnet)<\/h4>\n<h4>Kontakt<br \/>\n<a href=\"mailto:verlag@fitmit.de\">verlag@fitmit.de<\/a><\/h4>\n<p><a href=\"http:\/\/www.fitmit.de\">www.fitmit.de<\/a><\/p>\n<h4>Foto \u00a9: Pixabay<\/h4>\n","protected":false},"excerpt":{"rendered":"<p>Eine neue und ganzheitliche Wirbels\u00e4ulengymnastik! \u00dcbung: Negative Grundprogramme l\u00f6sen \u00dcberpr\u00fcfen Sie Ihre momentane Lebenssituation und Ihre Schwierigkeiten auf solche negativen Grundprogramme und entscheiden Sie sich, dass Sie diese nicht mehr brauchen, dass diese falsche Einstellung \u00fcberfl\u00fcssig ist und es bessere gibt. Ich muss leiden und die Erfahrung machen. Jeder wird mal krank. Je mehr Negatives ich erlebe, umso besser komme ich spirituell voran. Ich muss Schlimmeres erleben als mein Karma. Sie finden bestimmt noch mehr solcher Aussagen! Karma wird hier oft falsch verstanden. Karma ist n\u00e4mlich die Summe Ihrer Taten, die hier im Jetzt auf Sie einwirken. Viele denken aber, es seien nur die S\u00fcnden aus fr\u00fcheren Leben, die man jetzt aushalten muss. Nein, im Jetzt kann und darf man alles \u00e4ndern. In dem Moment, in dem Sie das erkennen, haben Sie sich von Ihrem Karma schon befreit. Denn Sie sind Ihr Karma. \u00c4ndern Sie jetzt durch Ihr neues Wissen und Bewusstsein Ihre Einstellung und Meinung zu den Dingen und Sie sind sofort davon befreit und brauchen das einfach nicht mehr. Suchen Sie sich f\u00fcr jede negative Grundeinstellung eine bessere heraus. Ich bin immer gesund, das ist mein Geburtsrecht, das ist doch normal. Ich benutze meinen K\u00f6rper nicht mehr f\u00fcr [&hellip;]<\/p>\n","protected":false},"author":112,"featured_media":24162,"comment_status":"closed","ping_status":"closed","sticky":false,"template":"","format":"standard","meta":{"footnotes":""},"categories":[437],"tags":[530],"class_list":["post-24286","post","type-post","status-publish","format-standard","has-post-thumbnail","hentry","category-traditionelle-westliche-medizin","tag-therapien"],"yoast_head":"<!-- This site is optimized with the Yoast SEO plugin v27.5 - https:\/\/yoast.com\/product\/yoast-seo-wordpress\/ -->\n<title>Die spirituelle R\u00fcckenschule [II] - Paracelsus Magazin<\/title>\n<meta name=\"robots\" content=\"index, follow, max-snippet:-1, max-image-preview:large, max-video-preview:-1\" \/>\n<link rel=\"canonical\" href=\"https:\/\/www.paracelsus-magazin.ch\/de\/traditionelle-westliche-medizin\/die-spirituelle-rueckenschule-ii\/\" \/>\n<meta property=\"og:locale\" content=\"de_DE\" \/>\n<meta property=\"og:type\" content=\"article\" \/>\n<meta property=\"og:title\" content=\"Die spirituelle R\u00fcckenschule [II] - Paracelsus Magazin\" \/>\n<meta property=\"og:description\" content=\"Eine neue und ganzheitliche Wirbels\u00e4ulengymnastik! \u00dcbung: Negative Grundprogramme l\u00f6sen \u00dcberpr\u00fcfen Sie Ihre momentane Lebenssituation und Ihre Schwierigkeiten auf solche negativen Grundprogramme und entscheiden Sie sich, dass Sie diese nicht mehr brauchen, dass diese falsche Einstellung \u00fcberfl\u00fcssig ist und es bessere gibt. Ich muss leiden und die Erfahrung machen. Jeder wird mal krank. Je mehr Negatives ich erlebe, umso besser komme ich spirituell voran. Ich muss Schlimmeres erleben als mein Karma. Sie finden bestimmt noch mehr solcher Aussagen! Karma wird hier oft falsch verstanden. Karma ist n\u00e4mlich die Summe Ihrer Taten, die hier im Jetzt auf Sie einwirken. Viele denken aber, es seien nur die S\u00fcnden aus fr\u00fcheren Leben, die man jetzt aushalten muss. Nein, im Jetzt kann und darf man alles \u00e4ndern. In dem Moment, in dem Sie das erkennen, haben Sie sich von Ihrem Karma schon befreit. Denn Sie sind Ihr Karma. \u00c4ndern Sie jetzt durch Ihr neues Wissen und Bewusstsein Ihre Einstellung und Meinung zu den Dingen und Sie sind sofort davon befreit und brauchen das einfach nicht mehr. Suchen Sie sich f\u00fcr jede negative Grundeinstellung eine bessere heraus. Ich bin immer gesund, das ist mein Geburtsrecht, das ist doch normal. Ich benutze meinen K\u00f6rper nicht mehr f\u00fcr [&hellip;]\" \/>\n<meta property=\"og:url\" content=\"https:\/\/www.paracelsus-magazin.ch\/de\/traditionelle-westliche-medizin\/die-spirituelle-rueckenschule-ii\/\" \/>\n<meta property=\"og:site_name\" content=\"Paracelsus Magazin\" \/>\n<meta property=\"article:publisher\" content=\"https:\/\/www.facebook.com\/Paracelsus-Magazin-436487499874780\/\" \/>\n<meta property=\"article:published_time\" content=\"2022-06-22T18:58:12+00:00\" \/>\n<meta property=\"article:modified_time\" content=\"2022-08-31T14:50:02+00:00\" \/>\n<meta property=\"og:image\" content=\"https:\/\/www.paracelsus-magazin.ch\/wp-content\/uploads\/2022\/04\/Gymnastik2-woman-570883_1280.jpeg\" \/>\n\t<meta property=\"og:image:width\" content=\"1200\" \/>\n\t<meta property=\"og:image:height\" content=\"675\" \/>\n\t<meta property=\"og:image:type\" content=\"image\/jpeg\" \/>\n<meta name=\"author\" content=\"Tanja Aeckersberg\" \/>\n<meta name=\"twitter:card\" content=\"summary_large_image\" \/>\n<meta name=\"twitter:label1\" content=\"Verfasst von\" \/>\n\t<meta name=\"twitter:data1\" content=\"Tanja Aeckersberg\" \/>\n\t<meta name=\"twitter:label2\" content=\"Gesch\u00e4tzte Lesezeit\" \/>\n\t<meta name=\"twitter:data2\" content=\"6\u00a0Minuten\" \/>\n<script type=\"application\/ld+json\" class=\"yoast-schema-graph\">{\"@context\":\"https:\\\/\\\/schema.org\",\"@graph\":[{\"@type\":\"Article\",\"@id\":\"https:\\\/\\\/www.paracelsus-magazin.ch\\\/de\\\/traditionelle-westliche-medizin\\\/die-spirituelle-rueckenschule-ii\\\/#article\",\"isPartOf\":{\"@id\":\"https:\\\/\\\/www.paracelsus-magazin.ch\\\/de\\\/traditionelle-westliche-medizin\\\/die-spirituelle-rueckenschule-ii\\\/\"},\"author\":{\"name\":\"Tanja Aeckersberg\",\"@id\":\"https:\\\/\\\/www.paracelsus-magazin.ch\\\/de\\\/#\\\/schema\\\/person\\\/816ac0bf229f4cf26b83f61179b3f5d0\"},\"headline\":\"Die spirituelle R\u00fcckenschule [II]\",\"datePublished\":\"2022-06-22T18:58:12+00:00\",\"dateModified\":\"2022-08-31T14:50:02+00:00\",\"mainEntityOfPage\":{\"@id\":\"https:\\\/\\\/www.paracelsus-magazin.ch\\\/de\\\/traditionelle-westliche-medizin\\\/die-spirituelle-rueckenschule-ii\\\/\"},\"wordCount\":1124,\"publisher\":{\"@id\":\"https:\\\/\\\/www.paracelsus-magazin.ch\\\/de\\\/#organization\"},\"image\":{\"@id\":\"https:\\\/\\\/www.paracelsus-magazin.ch\\\/de\\\/traditionelle-westliche-medizin\\\/die-spirituelle-rueckenschule-ii\\\/#primaryimage\"},\"thumbnailUrl\":\"https:\\\/\\\/www.paracelsus-magazin.ch\\\/wp-content\\\/uploads\\\/2022\\\/04\\\/Gymnastik2-woman-570883_1280.jpeg\",\"keywords\":[\"Therapien\"],\"articleSection\":[\"Traditionelle Westliche Medizin\"],\"inLanguage\":\"de\"},{\"@type\":\"WebPage\",\"@id\":\"https:\\\/\\\/www.paracelsus-magazin.ch\\\/de\\\/traditionelle-westliche-medizin\\\/die-spirituelle-rueckenschule-ii\\\/\",\"url\":\"https:\\\/\\\/www.paracelsus-magazin.ch\\\/de\\\/traditionelle-westliche-medizin\\\/die-spirituelle-rueckenschule-ii\\\/\",\"name\":\"Die spirituelle R\u00fcckenschule [II] - Paracelsus Magazin\",\"isPartOf\":{\"@id\":\"https:\\\/\\\/www.paracelsus-magazin.ch\\\/de\\\/#website\"},\"primaryImageOfPage\":{\"@id\":\"https:\\\/\\\/www.paracelsus-magazin.ch\\\/de\\\/traditionelle-westliche-medizin\\\/die-spirituelle-rueckenschule-ii\\\/#primaryimage\"},\"image\":{\"@id\":\"https:\\\/\\\/www.paracelsus-magazin.ch\\\/de\\\/traditionelle-westliche-medizin\\\/die-spirituelle-rueckenschule-ii\\\/#primaryimage\"},\"thumbnailUrl\":\"https:\\\/\\\/www.paracelsus-magazin.ch\\\/wp-content\\\/uploads\\\/2022\\\/04\\\/Gymnastik2-woman-570883_1280.jpeg\",\"datePublished\":\"2022-06-22T18:58:12+00:00\",\"dateModified\":\"2022-08-31T14:50:02+00:00\",\"breadcrumb\":{\"@id\":\"https:\\\/\\\/www.paracelsus-magazin.ch\\\/de\\\/traditionelle-westliche-medizin\\\/die-spirituelle-rueckenschule-ii\\\/#breadcrumb\"},\"inLanguage\":\"de\",\"potentialAction\":[{\"@type\":\"ReadAction\",\"target\":[\"https:\\\/\\\/www.paracelsus-magazin.ch\\\/de\\\/traditionelle-westliche-medizin\\\/die-spirituelle-rueckenschule-ii\\\/\"]}]},{\"@type\":\"ImageObject\",\"inLanguage\":\"de\",\"@id\":\"https:\\\/\\\/www.paracelsus-magazin.ch\\\/de\\\/traditionelle-westliche-medizin\\\/die-spirituelle-rueckenschule-ii\\\/#primaryimage\",\"url\":\"https:\\\/\\\/www.paracelsus-magazin.ch\\\/wp-content\\\/uploads\\\/2022\\\/04\\\/Gymnastik2-woman-570883_1280.jpeg\",\"contentUrl\":\"https:\\\/\\\/www.paracelsus-magazin.ch\\\/wp-content\\\/uploads\\\/2022\\\/04\\\/Gymnastik2-woman-570883_1280.jpeg\",\"width\":1200,\"height\":675},{\"@type\":\"BreadcrumbList\",\"@id\":\"https:\\\/\\\/www.paracelsus-magazin.ch\\\/de\\\/traditionelle-westliche-medizin\\\/die-spirituelle-rueckenschule-ii\\\/#breadcrumb\",\"itemListElement\":[{\"@type\":\"ListItem\",\"position\":1,\"name\":\"Startseite\",\"item\":\"https:\\\/\\\/www.paracelsus-magazin.ch\\\/de\\\/\"},{\"@type\":\"ListItem\",\"position\":2,\"name\":\"Die spirituelle R\u00fcckenschule [II]\"}]},{\"@type\":\"WebSite\",\"@id\":\"https:\\\/\\\/www.paracelsus-magazin.ch\\\/de\\\/#website\",\"url\":\"https:\\\/\\\/www.paracelsus-magazin.ch\\\/de\\\/\",\"name\":\"Paracelsus Magazin\",\"description\":\"Health &amp; Healing Magazin\",\"publisher\":{\"@id\":\"https:\\\/\\\/www.paracelsus-magazin.ch\\\/de\\\/#organization\"},\"potentialAction\":[{\"@type\":\"SearchAction\",\"target\":{\"@type\":\"EntryPoint\",\"urlTemplate\":\"https:\\\/\\\/www.paracelsus-magazin.ch\\\/de\\\/?s={search_term_string}\"},\"query-input\":{\"@type\":\"PropertyValueSpecification\",\"valueRequired\":true,\"valueName\":\"search_term_string\"}}],\"inLanguage\":\"de\"},{\"@type\":\"Organization\",\"@id\":\"https:\\\/\\\/www.paracelsus-magazin.ch\\\/de\\\/#organization\",\"name\":\"Paracelsus Magazin\",\"url\":\"https:\\\/\\\/www.paracelsus-magazin.ch\\\/de\\\/\",\"logo\":{\"@type\":\"ImageObject\",\"inLanguage\":\"de\",\"@id\":\"https:\\\/\\\/www.paracelsus-magazin.ch\\\/de\\\/#\\\/schema\\\/logo\\\/image\\\/\",\"url\":\"https:\\\/\\\/www.paracelsus-magazin.ch\\\/wp-content\\\/uploads\\\/2023\\\/08\\\/logo-paracelsus-magazin-sqaure.jpg\",\"contentUrl\":\"https:\\\/\\\/www.paracelsus-magazin.ch\\\/wp-content\\\/uploads\\\/2023\\\/08\\\/logo-paracelsus-magazin-sqaure.jpg\",\"width\":696,\"height\":696,\"caption\":\"Paracelsus Magazin\"},\"image\":{\"@id\":\"https:\\\/\\\/www.paracelsus-magazin.ch\\\/de\\\/#\\\/schema\\\/logo\\\/image\\\/\"},\"sameAs\":[\"https:\\\/\\\/www.facebook.com\\\/Paracelsus-Magazin-436487499874780\\\/\"]},{\"@type\":\"Person\",\"@id\":\"https:\\\/\\\/www.paracelsus-magazin.ch\\\/de\\\/#\\\/schema\\\/person\\\/816ac0bf229f4cf26b83f61179b3f5d0\",\"name\":\"Tanja Aeckersberg\",\"image\":{\"@type\":\"ImageObject\",\"inLanguage\":\"de\",\"@id\":\"https:\\\/\\\/secure.gravatar.com\\\/avatar\\\/a10ab3959da0992495aa05f3985826dba5aed592e1472da89d2f2e6cf71c180d?s=96&d=mm&r=g\",\"url\":\"https:\\\/\\\/secure.gravatar.com\\\/avatar\\\/a10ab3959da0992495aa05f3985826dba5aed592e1472da89d2f2e6cf71c180d?s=96&d=mm&r=g\",\"contentUrl\":\"https:\\\/\\\/secure.gravatar.com\\\/avatar\\\/a10ab3959da0992495aa05f3985826dba5aed592e1472da89d2f2e6cf71c180d?s=96&d=mm&r=g\",\"caption\":\"Tanja Aeckersberg\"},\"description\":\"Tanja Aeckersberg, healer, alternative practitioner and energy healer, started as a medical assistant, then learned and worked as a physiotherapist, shiatsu therapist, integral parapsychologist and later as a Reiki master. She specialised in the area of scoliosis and spinal disorders, and through research into new methods and forms of therapy she entered into the field of energy healing, achieving finally the desired success. She has been working in the health sector for 35 years.\",\"url\":\"https:\\\/\\\/www.paracelsus-magazin.ch\\\/de\\\/author\\\/tanja-aeckersberg\\\/\"}]}<\/script>\n<!-- \/ Yoast SEO plugin. -->","yoast_head_json":{"title":"Die spirituelle R\u00fcckenschule [II] - Paracelsus Magazin","robots":{"index":"index","follow":"follow","max-snippet":"max-snippet:-1","max-image-preview":"max-image-preview:large","max-video-preview":"max-video-preview:-1"},"canonical":"https:\/\/www.paracelsus-magazin.ch\/de\/traditionelle-westliche-medizin\/die-spirituelle-rueckenschule-ii\/","og_locale":"de_DE","og_type":"article","og_title":"Die spirituelle R\u00fcckenschule [II] - Paracelsus Magazin","og_description":"Eine neue und ganzheitliche Wirbels\u00e4ulengymnastik! \u00dcbung: Negative Grundprogramme l\u00f6sen \u00dcberpr\u00fcfen Sie Ihre momentane Lebenssituation und Ihre Schwierigkeiten auf solche negativen Grundprogramme und entscheiden Sie sich, dass Sie diese nicht mehr brauchen, dass diese falsche Einstellung \u00fcberfl\u00fcssig ist und es bessere gibt. Ich muss leiden und die Erfahrung machen. Jeder wird mal krank. Je mehr Negatives ich erlebe, umso besser komme ich spirituell voran. Ich muss Schlimmeres erleben als mein Karma. Sie finden bestimmt noch mehr solcher Aussagen! Karma wird hier oft falsch verstanden. Karma ist n\u00e4mlich die Summe Ihrer Taten, die hier im Jetzt auf Sie einwirken. Viele denken aber, es seien nur die S\u00fcnden aus fr\u00fcheren Leben, die man jetzt aushalten muss. Nein, im Jetzt kann und darf man alles \u00e4ndern. In dem Moment, in dem Sie das erkennen, haben Sie sich von Ihrem Karma schon befreit. Denn Sie sind Ihr Karma. \u00c4ndern Sie jetzt durch Ihr neues Wissen und Bewusstsein Ihre Einstellung und Meinung zu den Dingen und Sie sind sofort davon befreit und brauchen das einfach nicht mehr. Suchen Sie sich f\u00fcr jede negative Grundeinstellung eine bessere heraus. Ich bin immer gesund, das ist mein Geburtsrecht, das ist doch normal. Ich benutze meinen K\u00f6rper nicht mehr f\u00fcr [&hellip;]","og_url":"https:\/\/www.paracelsus-magazin.ch\/de\/traditionelle-westliche-medizin\/die-spirituelle-rueckenschule-ii\/","og_site_name":"Paracelsus Magazin","article_publisher":"https:\/\/www.facebook.com\/Paracelsus-Magazin-436487499874780\/","article_published_time":"2022-06-22T18:58:12+00:00","article_modified_time":"2022-08-31T14:50:02+00:00","og_image":[{"width":1200,"height":675,"url":"https:\/\/www.paracelsus-magazin.ch\/wp-content\/uploads\/2022\/04\/Gymnastik2-woman-570883_1280.jpeg","type":"image\/jpeg"}],"author":"Tanja Aeckersberg","twitter_card":"summary_large_image","twitter_misc":{"Verfasst von":"Tanja Aeckersberg","Gesch\u00e4tzte Lesezeit":"6\u00a0Minuten"},"schema":{"@context":"https:\/\/schema.org","@graph":[{"@type":"Article","@id":"https:\/\/www.paracelsus-magazin.ch\/de\/traditionelle-westliche-medizin\/die-spirituelle-rueckenschule-ii\/#article","isPartOf":{"@id":"https:\/\/www.paracelsus-magazin.ch\/de\/traditionelle-westliche-medizin\/die-spirituelle-rueckenschule-ii\/"},"author":{"name":"Tanja Aeckersberg","@id":"https:\/\/www.paracelsus-magazin.ch\/de\/#\/schema\/person\/816ac0bf229f4cf26b83f61179b3f5d0"},"headline":"Die spirituelle R\u00fcckenschule [II]","datePublished":"2022-06-22T18:58:12+00:00","dateModified":"2022-08-31T14:50:02+00:00","mainEntityOfPage":{"@id":"https:\/\/www.paracelsus-magazin.ch\/de\/traditionelle-westliche-medizin\/die-spirituelle-rueckenschule-ii\/"},"wordCount":1124,"publisher":{"@id":"https:\/\/www.paracelsus-magazin.ch\/de\/#organization"},"image":{"@id":"https:\/\/www.paracelsus-magazin.ch\/de\/traditionelle-westliche-medizin\/die-spirituelle-rueckenschule-ii\/#primaryimage"},"thumbnailUrl":"https:\/\/www.paracelsus-magazin.ch\/wp-content\/uploads\/2022\/04\/Gymnastik2-woman-570883_1280.jpeg","keywords":["Therapien"],"articleSection":["Traditionelle Westliche Medizin"],"inLanguage":"de"},{"@type":"WebPage","@id":"https:\/\/www.paracelsus-magazin.ch\/de\/traditionelle-westliche-medizin\/die-spirituelle-rueckenschule-ii\/","url":"https:\/\/www.paracelsus-magazin.ch\/de\/traditionelle-westliche-medizin\/die-spirituelle-rueckenschule-ii\/","name":"Die spirituelle R\u00fcckenschule [II] - Paracelsus Magazin","isPartOf":{"@id":"https:\/\/www.paracelsus-magazin.ch\/de\/#website"},"primaryImageOfPage":{"@id":"https:\/\/www.paracelsus-magazin.ch\/de\/traditionelle-westliche-medizin\/die-spirituelle-rueckenschule-ii\/#primaryimage"},"image":{"@id":"https:\/\/www.paracelsus-magazin.ch\/de\/traditionelle-westliche-medizin\/die-spirituelle-rueckenschule-ii\/#primaryimage"},"thumbnailUrl":"https:\/\/www.paracelsus-magazin.ch\/wp-content\/uploads\/2022\/04\/Gymnastik2-woman-570883_1280.jpeg","datePublished":"2022-06-22T18:58:12+00:00","dateModified":"2022-08-31T14:50:02+00:00","breadcrumb":{"@id":"https:\/\/www.paracelsus-magazin.ch\/de\/traditionelle-westliche-medizin\/die-spirituelle-rueckenschule-ii\/#breadcrumb"},"inLanguage":"de","potentialAction":[{"@type":"ReadAction","target":["https:\/\/www.paracelsus-magazin.ch\/de\/traditionelle-westliche-medizin\/die-spirituelle-rueckenschule-ii\/"]}]},{"@type":"ImageObject","inLanguage":"de","@id":"https:\/\/www.paracelsus-magazin.ch\/de\/traditionelle-westliche-medizin\/die-spirituelle-rueckenschule-ii\/#primaryimage","url":"https:\/\/www.paracelsus-magazin.ch\/wp-content\/uploads\/2022\/04\/Gymnastik2-woman-570883_1280.jpeg","contentUrl":"https:\/\/www.paracelsus-magazin.ch\/wp-content\/uploads\/2022\/04\/Gymnastik2-woman-570883_1280.jpeg","width":1200,"height":675},{"@type":"BreadcrumbList","@id":"https:\/\/www.paracelsus-magazin.ch\/de\/traditionelle-westliche-medizin\/die-spirituelle-rueckenschule-ii\/#breadcrumb","itemListElement":[{"@type":"ListItem","position":1,"name":"Startseite","item":"https:\/\/www.paracelsus-magazin.ch\/de\/"},{"@type":"ListItem","position":2,"name":"Die spirituelle R\u00fcckenschule [II]"}]},{"@type":"WebSite","@id":"https:\/\/www.paracelsus-magazin.ch\/de\/#website","url":"https:\/\/www.paracelsus-magazin.ch\/de\/","name":"Paracelsus Magazin","description":"Health &amp; Healing Magazin","publisher":{"@id":"https:\/\/www.paracelsus-magazin.ch\/de\/#organization"},"potentialAction":[{"@type":"SearchAction","target":{"@type":"EntryPoint","urlTemplate":"https:\/\/www.paracelsus-magazin.ch\/de\/?s={search_term_string}"},"query-input":{"@type":"PropertyValueSpecification","valueRequired":true,"valueName":"search_term_string"}}],"inLanguage":"de"},{"@type":"Organization","@id":"https:\/\/www.paracelsus-magazin.ch\/de\/#organization","name":"Paracelsus Magazin","url":"https:\/\/www.paracelsus-magazin.ch\/de\/","logo":{"@type":"ImageObject","inLanguage":"de","@id":"https:\/\/www.paracelsus-magazin.ch\/de\/#\/schema\/logo\/image\/","url":"https:\/\/www.paracelsus-magazin.ch\/wp-content\/uploads\/2023\/08\/logo-paracelsus-magazin-sqaure.jpg","contentUrl":"https:\/\/www.paracelsus-magazin.ch\/wp-content\/uploads\/2023\/08\/logo-paracelsus-magazin-sqaure.jpg","width":696,"height":696,"caption":"Paracelsus Magazin"},"image":{"@id":"https:\/\/www.paracelsus-magazin.ch\/de\/#\/schema\/logo\/image\/"},"sameAs":["https:\/\/www.facebook.com\/Paracelsus-Magazin-436487499874780\/"]},{"@type":"Person","@id":"https:\/\/www.paracelsus-magazin.ch\/de\/#\/schema\/person\/816ac0bf229f4cf26b83f61179b3f5d0","name":"Tanja Aeckersberg","image":{"@type":"ImageObject","inLanguage":"de","@id":"https:\/\/secure.gravatar.com\/avatar\/a10ab3959da0992495aa05f3985826dba5aed592e1472da89d2f2e6cf71c180d?s=96&d=mm&r=g","url":"https:\/\/secure.gravatar.com\/avatar\/a10ab3959da0992495aa05f3985826dba5aed592e1472da89d2f2e6cf71c180d?s=96&d=mm&r=g","contentUrl":"https:\/\/secure.gravatar.com\/avatar\/a10ab3959da0992495aa05f3985826dba5aed592e1472da89d2f2e6cf71c180d?s=96&d=mm&r=g","caption":"Tanja Aeckersberg"},"description":"Tanja Aeckersberg, healer, alternative practitioner and energy healer, started as a medical assistant, then learned and worked as a physiotherapist, shiatsu therapist, integral parapsychologist and later as a Reiki master. She specialised in the area of scoliosis and spinal disorders, and through research into new methods and forms of therapy she entered into the field of energy healing, achieving finally the desired success. She has been working in the health sector for 35 years.","url":"https:\/\/www.paracelsus-magazin.ch\/de\/author\/tanja-aeckersberg\/"}]}},"_links":{"self":[{"href":"https:\/\/www.paracelsus-magazin.ch\/de\/wp-json\/wp\/v2\/posts\/24286","targetHints":{"allow":["GET"]}}],"collection":[{"href":"https:\/\/www.paracelsus-magazin.ch\/de\/wp-json\/wp\/v2\/posts"}],"about":[{"href":"https:\/\/www.paracelsus-magazin.ch\/de\/wp-json\/wp\/v2\/types\/post"}],"author":[{"embeddable":true,"href":"https:\/\/www.paracelsus-magazin.ch\/de\/wp-json\/wp\/v2\/users\/112"}],"replies":[{"embeddable":true,"href":"https:\/\/www.paracelsus-magazin.ch\/de\/wp-json\/wp\/v2\/comments?post=24286"}],"version-history":[{"count":0,"href":"https:\/\/www.paracelsus-magazin.ch\/de\/wp-json\/wp\/v2\/posts\/24286\/revisions"}],"wp:featuredmedia":[{"embeddable":true,"href":"https:\/\/www.paracelsus-magazin.ch\/de\/wp-json\/wp\/v2\/media\/24162"}],"wp:attachment":[{"href":"https:\/\/www.paracelsus-magazin.ch\/de\/wp-json\/wp\/v2\/media?parent=24286"}],"wp:term":[{"taxonomy":"category","embeddable":true,"href":"https:\/\/www.paracelsus-magazin.ch\/de\/wp-json\/wp\/v2\/categories?post=24286"},{"taxonomy":"post_tag","embeddable":true,"href":"https:\/\/www.paracelsus-magazin.ch\/de\/wp-json\/wp\/v2\/tags?post=24286"}],"curies":[{"name":"wp","href":"https:\/\/api.w.org\/{rel}","templated":true}]}}