{"id":16962,"date":"2018-04-11T15:19:38","date_gmt":"2018-04-11T13:19:38","guid":{"rendered":"http:\/\/www.paracelsus-magazin.ch\/allgemein\/the-planets-and-love-iii\/"},"modified":"2022-09-05T19:50:08","modified_gmt":"2022-09-05T17:50:08","slug":"the-planets-and-love-iii","status":"publish","type":"post","link":"https:\/\/www.paracelsus-magazin.ch\/de\/astrologie\/the-planets-and-love-iii\/","title":{"rendered":"Die Planeten und die Liebe [III]"},"content":{"rendered":"<p>Mars steht f\u00fcr unseren Willen und unsere Tatkraft. Er gibt niemals auf. Er ist die Kraft, die uns immer weiter voranschreiten l\u00e4sst. Als Kriegsgott k\u00e4mpft er solange, bis er erreicht hat, was er will. Wenn er nicht wei\u00df, was er will, tut er sich schwer. Er braucht zum Handeln ein Motiv. Die Motive, die ihm am n\u00e4chsten liegen, sind unsere W\u00fcnsche und Vorstellungen. Mit viel Energie versucht er sie \u00fcber lange Zeit hinweg zu verwirklichen. Erst einen Wunsch, dann den n\u00e4chsten und dann wieder den n\u00e4chsten\u2026..Eines Tages wird er jedoch m\u00fcde \u2013 m\u00fcde vom zu kurz andauernden Gl\u00fcck erf\u00fcllter W\u00fcnsche, m\u00fcde von den Entt\u00e4uschungen, m\u00fcde vom st\u00e4ndigen K\u00e4mpfen und Ringen.<\/p>\n<p>Dieser Zustand wird im Mythos als Gefangenschaft im Fass beschrieben. Ein volles Mondjahr war Mars an die feste Form des Fasses gekettet. Er verlor immer mehr an Kraft, weinte und schrie. H\u00e4tte der G\u00f6tterbote Merkur ihn nicht befreit, w\u00e4re er wohl zu einem H\u00e4uflein Elend geworden. Uns selbst ergeht es nicht viel anders. Auch wir sind an das Verlangen gekettet, unsere W\u00fcnsche zu verwirklichen. Wir wollten sie in eine feste Form gie\u00dfen und fassen. Kaum haben wir uns einen Wunsch erf\u00fcllt, entsteht schon bald der n\u00e4chste. Symbolisch beginnt dann ein neuer Mondmonat. Unsere Wunschkraft nimmt wieder zu und das Spiel f\u00e4ngt von vorne an \u2013 Monat f\u00fcr Monat, Jahr f\u00fcr Jahr. Wir m\u00f6gen das f\u00fcr normal halten und versuchen, das beste daraus zu machen. Doch wie oft sind wir wirklich erf\u00fcllt von unb\u00e4ndiger Energie, Tatkraft und Lebendigkeit? Wie frei ist der Mars in uns tats\u00e4chlich?<\/p>\n<p>Pers\u00f6nliche W\u00fcnsche k\u00f6nnen in uns nicht die Kraft erwecken, die wirklich in uns steckt. Das kann nur die Liebe. Nicht umsonst k\u00e4mpft sich Mars tags\u00fcber durch die Schlachtfelder. Er will abends in den Armen der Liebesg\u00f6ttin Venus liegen. So geht ihm nie die Energie aus. Venus ist das Elixier, das ihn anspornt und befl\u00fcgelt. Die Liebe ist das Geheimnis hinter jedem durchkrafteten Leben.<\/p>\n<p>Der Mythos verr\u00e4t jedoch noch mehr. Venus war mit Vulkan, dem g\u00f6ttlichen Willen, verheiratet. Wer sich also mit der Liebe vereint, handelt im Einklang mit dem g\u00f6ttlichen Willen. Dies setzt pure Energie frei. Mit der Liebe im Gep\u00e4ck ist nichts zu schwierig, nichts zu aufwendig, nichts unertr\u00e4glich. Als Vulkan erfuhr, dass Venus und Mars sich in seinem Ehebett vereinten, band er beide mit einem unsichtbar feinen, doch unl\u00f6sbaren Netz aneinander. Wegen des Ehebruchs rief er nach den G\u00f6ttern und forderte insbesondere alle geleisteten Brautgeschenke vom G\u00f6ttervater Jupiter zur\u00fcck. Doch das war alles nur ein Aufstand zum Schein. In Wirklichkeit hatte Vulkan sein Ziel erreicht. Sein g\u00f6ttlicher Wille und Mars\u2018 menschlicher Wille waren nun eins.<\/p>\n<p>Der gereifte und liebende Mars wird danach in die Obhut von Neptun gegeben. Wer diesen Wandel in seinem Leben erf\u00e4hrt, wird segensreiche Ereignisse erleben. Der Meeresgott Neptun ist zust\u00e4ndig f\u00fcr umfassende Str\u00f6mungen und gro\u00dfe Wellen. Er bewegt nicht nur einzelne Menschen, sondern viele zugleich. Durch seinen Einfluss dehnt sich die Wirkung unseres Handelns immer weiter aus. Unser Handeln wird \u00fcberpers\u00f6nlich, dient allen und durchdringt alles. Widerst\u00e4nde l\u00f6sen sich auf und alles kommt in Bewegung. Mars erweist sich dann als Planet der Barmherzigkeit. Der Weg dorthin f\u00fchrt \u00fcber die Liebe.<\/p>\n<p>Mars und Venus vereinen die Gegens\u00e4tze in uns. Sie ist die G\u00f6ttin der Vollkommenheit und er der unvollkommenste aller G\u00f6tter. Daher liegt in Mars unser gr\u00f6\u00dftes Entwicklungspotenzial und in der Liebe unsere gr\u00f6\u00dfte Chance. Nichts wandelt einen schneller als die Liebe, nichts macht einen mutiger, nichts schenkt einem mehr Sinn. Damit wir der Liebe folgen k\u00f6nnen, befreit Merkur als Erstes den Mars in uns. Wir werden frei von Gedanken und W\u00fcnschen, die uns weder nachhaltig erf\u00fcllen noch dauerhaft durchkraften, sondern \u201ean die Kette legen\u201c und ersch\u00f6pfen. Merkur hilft uns aus dem \u201eengen Fass\u201c unserer begrenzten Wunschvorstellungen heraus. Er erkennt den Unterschied zwischen dem, was wir uns w\u00fcnschen und dem, was wir lieben. Diesen Unterschied k\u00f6nnen wir selbst ganz einfach feststellen: Sind wir bereit, f\u00fcr etwas alles zu geben, ohne daf\u00fcr etwas zu bekommen? Liebe erwartet nichts, gibt aber alles. Der W\u00fcnschende will vor allem etwas bekommen und behalten.<\/p>\n<p>Bist du bereit, f\u00fcr das, was du liebst, zu k\u00e4mpfen und alles daf\u00fcr zu geben und auch aufzugeben?<\/p>\n<p>&nbsp;<\/p>\n<p>\u2026 wird fortgesetzt<\/p>\n<p>&nbsp;<\/p>\n<h4>Kontakt<\/h4>\n<h5>benjamin.schiller.mail@googlemail.com<\/h5>\n","protected":false},"excerpt":{"rendered":"<p>Mars steht f\u00fcr unseren Willen und unsere Tatkraft. Er gibt niemals auf. Er ist die Kraft, die uns immer weiter voranschreiten l\u00e4sst. Als Kriegsgott k\u00e4mpft er solange, bis er erreicht hat, was er will. Wenn er nicht wei\u00df, was er will, tut er sich schwer. Er braucht zum Handeln ein Motiv. Die Motive, die ihm am n\u00e4chsten liegen, sind unsere W\u00fcnsche und Vorstellungen. Mit viel Energie versucht er sie \u00fcber lange Zeit hinweg zu verwirklichen. Erst einen Wunsch, dann den n\u00e4chsten und dann wieder den n\u00e4chsten\u2026..Eines Tages wird er jedoch m\u00fcde \u2013 m\u00fcde vom zu kurz andauernden Gl\u00fcck erf\u00fcllter W\u00fcnsche, m\u00fcde von den Entt\u00e4uschungen, m\u00fcde vom st\u00e4ndigen K\u00e4mpfen und Ringen. Dieser Zustand wird im Mythos als Gefangenschaft im Fass beschrieben. Ein volles Mondjahr war Mars an die feste Form des Fasses gekettet. Er verlor immer mehr an Kraft, weinte und schrie. H\u00e4tte der G\u00f6tterbote Merkur ihn nicht befreit, w\u00e4re er wohl zu einem H\u00e4uflein Elend geworden. Uns selbst ergeht es nicht viel anders. Auch wir sind an das Verlangen gekettet, unsere W\u00fcnsche zu verwirklichen. Wir wollten sie in eine feste Form gie\u00dfen und fassen. Kaum haben wir uns einen Wunsch erf\u00fcllt, entsteht schon bald der n\u00e4chste. Symbolisch beginnt dann ein [&hellip;]<\/p>\n","protected":false},"author":46,"featured_media":16924,"comment_status":"closed","ping_status":"closed","sticky":false,"template":"","format":"standard","meta":{"footnotes":""},"categories":[434],"tags":[582],"class_list":["post-16962","post","type-post","status-publish","format-standard","has-post-thumbnail","hentry","category-astrologie","tag-planeten"],"yoast_head":"<!-- This site is optimized with the Yoast SEO plugin v27.5 - https:\/\/yoast.com\/product\/yoast-seo-wordpress\/ -->\n<title>Die Planeten und die Liebe [III] - Paracelsus Magazin<\/title>\n<meta name=\"robots\" content=\"index, follow, max-snippet:-1, max-image-preview:large, max-video-preview:-1\" \/>\n<link rel=\"canonical\" href=\"https:\/\/www.paracelsus-magazin.ch\/de\/astrologie\/the-planets-and-love-iii\/\" \/>\n<meta property=\"og:locale\" content=\"de_DE\" \/>\n<meta property=\"og:type\" content=\"article\" \/>\n<meta property=\"og:title\" content=\"Die Planeten und die Liebe [III] - Paracelsus Magazin\" \/>\n<meta property=\"og:description\" content=\"Mars steht f\u00fcr unseren Willen und unsere Tatkraft. Er gibt niemals auf. Er ist die Kraft, die uns immer weiter voranschreiten l\u00e4sst. Als Kriegsgott k\u00e4mpft er solange, bis er erreicht hat, was er will. Wenn er nicht wei\u00df, was er will, tut er sich schwer. Er braucht zum Handeln ein Motiv. Die Motive, die ihm am n\u00e4chsten liegen, sind unsere W\u00fcnsche und Vorstellungen. Mit viel Energie versucht er sie \u00fcber lange Zeit hinweg zu verwirklichen. Erst einen Wunsch, dann den n\u00e4chsten und dann wieder den n\u00e4chsten\u2026..Eines Tages wird er jedoch m\u00fcde \u2013 m\u00fcde vom zu kurz andauernden Gl\u00fcck erf\u00fcllter W\u00fcnsche, m\u00fcde von den Entt\u00e4uschungen, m\u00fcde vom st\u00e4ndigen K\u00e4mpfen und Ringen. Dieser Zustand wird im Mythos als Gefangenschaft im Fass beschrieben. Ein volles Mondjahr war Mars an die feste Form des Fasses gekettet. Er verlor immer mehr an Kraft, weinte und schrie. H\u00e4tte der G\u00f6tterbote Merkur ihn nicht befreit, w\u00e4re er wohl zu einem H\u00e4uflein Elend geworden. Uns selbst ergeht es nicht viel anders. Auch wir sind an das Verlangen gekettet, unsere W\u00fcnsche zu verwirklichen. Wir wollten sie in eine feste Form gie\u00dfen und fassen. Kaum haben wir uns einen Wunsch erf\u00fcllt, entsteht schon bald der n\u00e4chste. Symbolisch beginnt dann ein [&hellip;]\" \/>\n<meta property=\"og:url\" content=\"https:\/\/www.paracelsus-magazin.ch\/de\/astrologie\/the-planets-and-love-iii\/\" \/>\n<meta property=\"og:site_name\" content=\"Paracelsus Magazin\" \/>\n<meta property=\"article:publisher\" content=\"https:\/\/www.facebook.com\/Paracelsus-Magazin-436487499874780\/\" \/>\n<meta property=\"article:published_time\" content=\"2018-04-11T13:19:38+00:00\" \/>\n<meta property=\"article:modified_time\" content=\"2022-09-05T17:50:08+00:00\" \/>\n<meta property=\"og:image\" content=\"https:\/\/www.paracelsus-magazin.ch\/wp-content\/uploads\/2018\/04\/20182Mars-2.jpg\" \/>\n\t<meta property=\"og:image:width\" content=\"1200\" \/>\n\t<meta property=\"og:image:height\" content=\"800\" \/>\n\t<meta property=\"og:image:type\" content=\"image\/jpeg\" \/>\n<meta name=\"author\" content=\"Benjamin Schiller\" \/>\n<meta name=\"twitter:card\" content=\"summary_large_image\" \/>\n<meta name=\"twitter:label1\" content=\"Verfasst von\" \/>\n\t<meta name=\"twitter:data1\" content=\"Benjamin Schiller\" \/>\n\t<meta name=\"twitter:label2\" content=\"Gesch\u00e4tzte Lesezeit\" \/>\n\t<meta name=\"twitter:data2\" content=\"4\u00a0Minuten\" \/>\n<script type=\"application\/ld+json\" class=\"yoast-schema-graph\">{\"@context\":\"https:\\\/\\\/schema.org\",\"@graph\":[{\"@type\":\"Article\",\"@id\":\"https:\\\/\\\/www.paracelsus-magazin.ch\\\/de\\\/astrologie\\\/the-planets-and-love-iii\\\/#article\",\"isPartOf\":{\"@id\":\"https:\\\/\\\/www.paracelsus-magazin.ch\\\/de\\\/astrologie\\\/the-planets-and-love-iii\\\/\"},\"author\":{\"name\":\"Benjamin Schiller\",\"@id\":\"https:\\\/\\\/www.paracelsus-magazin.ch\\\/de\\\/#\\\/schema\\\/person\\\/4a58eb94161361ab01e310d2e7cb3ab4\"},\"headline\":\"Die Planeten und die Liebe [III]\",\"datePublished\":\"2018-04-11T13:19:38+00:00\",\"dateModified\":\"2022-09-05T17:50:08+00:00\",\"mainEntityOfPage\":{\"@id\":\"https:\\\/\\\/www.paracelsus-magazin.ch\\\/de\\\/astrologie\\\/the-planets-and-love-iii\\\/\"},\"wordCount\":778,\"publisher\":{\"@id\":\"https:\\\/\\\/www.paracelsus-magazin.ch\\\/de\\\/#organization\"},\"image\":{\"@id\":\"https:\\\/\\\/www.paracelsus-magazin.ch\\\/de\\\/astrologie\\\/the-planets-and-love-iii\\\/#primaryimage\"},\"thumbnailUrl\":\"https:\\\/\\\/www.paracelsus-magazin.ch\\\/wp-content\\\/uploads\\\/2018\\\/04\\\/20182Mars-2.jpg\",\"keywords\":[\"Planeten\"],\"articleSection\":[\"Astrologie\"],\"inLanguage\":\"de\"},{\"@type\":\"WebPage\",\"@id\":\"https:\\\/\\\/www.paracelsus-magazin.ch\\\/de\\\/astrologie\\\/the-planets-and-love-iii\\\/\",\"url\":\"https:\\\/\\\/www.paracelsus-magazin.ch\\\/de\\\/astrologie\\\/the-planets-and-love-iii\\\/\",\"name\":\"Die Planeten und die Liebe [III] - Paracelsus Magazin\",\"isPartOf\":{\"@id\":\"https:\\\/\\\/www.paracelsus-magazin.ch\\\/de\\\/#website\"},\"primaryImageOfPage\":{\"@id\":\"https:\\\/\\\/www.paracelsus-magazin.ch\\\/de\\\/astrologie\\\/the-planets-and-love-iii\\\/#primaryimage\"},\"image\":{\"@id\":\"https:\\\/\\\/www.paracelsus-magazin.ch\\\/de\\\/astrologie\\\/the-planets-and-love-iii\\\/#primaryimage\"},\"thumbnailUrl\":\"https:\\\/\\\/www.paracelsus-magazin.ch\\\/wp-content\\\/uploads\\\/2018\\\/04\\\/20182Mars-2.jpg\",\"datePublished\":\"2018-04-11T13:19:38+00:00\",\"dateModified\":\"2022-09-05T17:50:08+00:00\",\"breadcrumb\":{\"@id\":\"https:\\\/\\\/www.paracelsus-magazin.ch\\\/de\\\/astrologie\\\/the-planets-and-love-iii\\\/#breadcrumb\"},\"inLanguage\":\"de\",\"potentialAction\":[{\"@type\":\"ReadAction\",\"target\":[\"https:\\\/\\\/www.paracelsus-magazin.ch\\\/de\\\/astrologie\\\/the-planets-and-love-iii\\\/\"]}]},{\"@type\":\"ImageObject\",\"inLanguage\":\"de\",\"@id\":\"https:\\\/\\\/www.paracelsus-magazin.ch\\\/de\\\/astrologie\\\/the-planets-and-love-iii\\\/#primaryimage\",\"url\":\"https:\\\/\\\/www.paracelsus-magazin.ch\\\/wp-content\\\/uploads\\\/2018\\\/04\\\/20182Mars-2.jpg\",\"contentUrl\":\"https:\\\/\\\/www.paracelsus-magazin.ch\\\/wp-content\\\/uploads\\\/2018\\\/04\\\/20182Mars-2.jpg\",\"width\":1200,\"height\":800},{\"@type\":\"BreadcrumbList\",\"@id\":\"https:\\\/\\\/www.paracelsus-magazin.ch\\\/de\\\/astrologie\\\/the-planets-and-love-iii\\\/#breadcrumb\",\"itemListElement\":[{\"@type\":\"ListItem\",\"position\":1,\"name\":\"Startseite\",\"item\":\"https:\\\/\\\/www.paracelsus-magazin.ch\\\/de\\\/\"},{\"@type\":\"ListItem\",\"position\":2,\"name\":\"Die Planeten und die Liebe [III]\"}]},{\"@type\":\"WebSite\",\"@id\":\"https:\\\/\\\/www.paracelsus-magazin.ch\\\/de\\\/#website\",\"url\":\"https:\\\/\\\/www.paracelsus-magazin.ch\\\/de\\\/\",\"name\":\"Paracelsus Magazin\",\"description\":\"Health &amp; Healing Magazin\",\"publisher\":{\"@id\":\"https:\\\/\\\/www.paracelsus-magazin.ch\\\/de\\\/#organization\"},\"potentialAction\":[{\"@type\":\"SearchAction\",\"target\":{\"@type\":\"EntryPoint\",\"urlTemplate\":\"https:\\\/\\\/www.paracelsus-magazin.ch\\\/de\\\/?s={search_term_string}\"},\"query-input\":{\"@type\":\"PropertyValueSpecification\",\"valueRequired\":true,\"valueName\":\"search_term_string\"}}],\"inLanguage\":\"de\"},{\"@type\":\"Organization\",\"@id\":\"https:\\\/\\\/www.paracelsus-magazin.ch\\\/de\\\/#organization\",\"name\":\"Paracelsus Magazin\",\"url\":\"https:\\\/\\\/www.paracelsus-magazin.ch\\\/de\\\/\",\"logo\":{\"@type\":\"ImageObject\",\"inLanguage\":\"de\",\"@id\":\"https:\\\/\\\/www.paracelsus-magazin.ch\\\/de\\\/#\\\/schema\\\/logo\\\/image\\\/\",\"url\":\"https:\\\/\\\/www.paracelsus-magazin.ch\\\/wp-content\\\/uploads\\\/2023\\\/08\\\/logo-paracelsus-magazin-sqaure.jpg\",\"contentUrl\":\"https:\\\/\\\/www.paracelsus-magazin.ch\\\/wp-content\\\/uploads\\\/2023\\\/08\\\/logo-paracelsus-magazin-sqaure.jpg\",\"width\":696,\"height\":696,\"caption\":\"Paracelsus Magazin\"},\"image\":{\"@id\":\"https:\\\/\\\/www.paracelsus-magazin.ch\\\/de\\\/#\\\/schema\\\/logo\\\/image\\\/\"},\"sameAs\":[\"https:\\\/\\\/www.facebook.com\\\/Paracelsus-Magazin-436487499874780\\\/\"]},{\"@type\":\"Person\",\"@id\":\"https:\\\/\\\/www.paracelsus-magazin.ch\\\/de\\\/#\\\/schema\\\/person\\\/4a58eb94161361ab01e310d2e7cb3ab4\",\"name\":\"Benjamin Schiller\",\"image\":{\"@type\":\"ImageObject\",\"inLanguage\":\"de\",\"@id\":\"https:\\\/\\\/secure.gravatar.com\\\/avatar\\\/24e5021974212520013e0937216ad3ae8f2b3dc6d6ce92be7d238064cb3ec28b?s=96&d=mm&r=g\",\"url\":\"https:\\\/\\\/secure.gravatar.com\\\/avatar\\\/24e5021974212520013e0937216ad3ae8f2b3dc6d6ce92be7d238064cb3ec28b?s=96&d=mm&r=g\",\"contentUrl\":\"https:\\\/\\\/secure.gravatar.com\\\/avatar\\\/24e5021974212520013e0937216ad3ae8f2b3dc6d6ce92be7d238064cb3ec28b?s=96&d=mm&r=g\",\"caption\":\"Benjamin Schiller\"},\"description\":\"Benjamin Schiller (* 1967) is a mathematician, astrologer for more than 20 years, author of several astrology books such as \\\"The Heavenly Gifts and Tests\\\" (Die himmlischen Gaben und Pr\u00fcfungen), \\\"Heavenly Wisdom\\\", (Himmlische Weisheit) and \\\"The Planets and Love (Die Planeten und die Liebe), co-editor of the \\\"Solar-Lunar Calendar\\\" ( Sonne-Mond-Kalender) and co-organizer of the annual Spiritual Astrology Forum.\",\"url\":\"https:\\\/\\\/www.paracelsus-magazin.ch\\\/de\\\/author\\\/benjamin-schiller\\\/\"}]}<\/script>\n<!-- \/ Yoast SEO plugin. -->","yoast_head_json":{"title":"Die Planeten und die Liebe [III] - Paracelsus Magazin","robots":{"index":"index","follow":"follow","max-snippet":"max-snippet:-1","max-image-preview":"max-image-preview:large","max-video-preview":"max-video-preview:-1"},"canonical":"https:\/\/www.paracelsus-magazin.ch\/de\/astrologie\/the-planets-and-love-iii\/","og_locale":"de_DE","og_type":"article","og_title":"Die Planeten und die Liebe [III] - Paracelsus Magazin","og_description":"Mars steht f\u00fcr unseren Willen und unsere Tatkraft. Er gibt niemals auf. Er ist die Kraft, die uns immer weiter voranschreiten l\u00e4sst. Als Kriegsgott k\u00e4mpft er solange, bis er erreicht hat, was er will. Wenn er nicht wei\u00df, was er will, tut er sich schwer. Er braucht zum Handeln ein Motiv. Die Motive, die ihm am n\u00e4chsten liegen, sind unsere W\u00fcnsche und Vorstellungen. Mit viel Energie versucht er sie \u00fcber lange Zeit hinweg zu verwirklichen. Erst einen Wunsch, dann den n\u00e4chsten und dann wieder den n\u00e4chsten\u2026..Eines Tages wird er jedoch m\u00fcde \u2013 m\u00fcde vom zu kurz andauernden Gl\u00fcck erf\u00fcllter W\u00fcnsche, m\u00fcde von den Entt\u00e4uschungen, m\u00fcde vom st\u00e4ndigen K\u00e4mpfen und Ringen. Dieser Zustand wird im Mythos als Gefangenschaft im Fass beschrieben. Ein volles Mondjahr war Mars an die feste Form des Fasses gekettet. Er verlor immer mehr an Kraft, weinte und schrie. H\u00e4tte der G\u00f6tterbote Merkur ihn nicht befreit, w\u00e4re er wohl zu einem H\u00e4uflein Elend geworden. Uns selbst ergeht es nicht viel anders. Auch wir sind an das Verlangen gekettet, unsere W\u00fcnsche zu verwirklichen. Wir wollten sie in eine feste Form gie\u00dfen und fassen. Kaum haben wir uns einen Wunsch erf\u00fcllt, entsteht schon bald der n\u00e4chste. Symbolisch beginnt dann ein [&hellip;]","og_url":"https:\/\/www.paracelsus-magazin.ch\/de\/astrologie\/the-planets-and-love-iii\/","og_site_name":"Paracelsus Magazin","article_publisher":"https:\/\/www.facebook.com\/Paracelsus-Magazin-436487499874780\/","article_published_time":"2018-04-11T13:19:38+00:00","article_modified_time":"2022-09-05T17:50:08+00:00","og_image":[{"width":1200,"height":800,"url":"https:\/\/www.paracelsus-magazin.ch\/wp-content\/uploads\/2018\/04\/20182Mars-2.jpg","type":"image\/jpeg"}],"author":"Benjamin Schiller","twitter_card":"summary_large_image","twitter_misc":{"Verfasst von":"Benjamin Schiller","Gesch\u00e4tzte Lesezeit":"4\u00a0Minuten"},"schema":{"@context":"https:\/\/schema.org","@graph":[{"@type":"Article","@id":"https:\/\/www.paracelsus-magazin.ch\/de\/astrologie\/the-planets-and-love-iii\/#article","isPartOf":{"@id":"https:\/\/www.paracelsus-magazin.ch\/de\/astrologie\/the-planets-and-love-iii\/"},"author":{"name":"Benjamin Schiller","@id":"https:\/\/www.paracelsus-magazin.ch\/de\/#\/schema\/person\/4a58eb94161361ab01e310d2e7cb3ab4"},"headline":"Die Planeten und die Liebe [III]","datePublished":"2018-04-11T13:19:38+00:00","dateModified":"2022-09-05T17:50:08+00:00","mainEntityOfPage":{"@id":"https:\/\/www.paracelsus-magazin.ch\/de\/astrologie\/the-planets-and-love-iii\/"},"wordCount":778,"publisher":{"@id":"https:\/\/www.paracelsus-magazin.ch\/de\/#organization"},"image":{"@id":"https:\/\/www.paracelsus-magazin.ch\/de\/astrologie\/the-planets-and-love-iii\/#primaryimage"},"thumbnailUrl":"https:\/\/www.paracelsus-magazin.ch\/wp-content\/uploads\/2018\/04\/20182Mars-2.jpg","keywords":["Planeten"],"articleSection":["Astrologie"],"inLanguage":"de"},{"@type":"WebPage","@id":"https:\/\/www.paracelsus-magazin.ch\/de\/astrologie\/the-planets-and-love-iii\/","url":"https:\/\/www.paracelsus-magazin.ch\/de\/astrologie\/the-planets-and-love-iii\/","name":"Die Planeten und die Liebe [III] - Paracelsus Magazin","isPartOf":{"@id":"https:\/\/www.paracelsus-magazin.ch\/de\/#website"},"primaryImageOfPage":{"@id":"https:\/\/www.paracelsus-magazin.ch\/de\/astrologie\/the-planets-and-love-iii\/#primaryimage"},"image":{"@id":"https:\/\/www.paracelsus-magazin.ch\/de\/astrologie\/the-planets-and-love-iii\/#primaryimage"},"thumbnailUrl":"https:\/\/www.paracelsus-magazin.ch\/wp-content\/uploads\/2018\/04\/20182Mars-2.jpg","datePublished":"2018-04-11T13:19:38+00:00","dateModified":"2022-09-05T17:50:08+00:00","breadcrumb":{"@id":"https:\/\/www.paracelsus-magazin.ch\/de\/astrologie\/the-planets-and-love-iii\/#breadcrumb"},"inLanguage":"de","potentialAction":[{"@type":"ReadAction","target":["https:\/\/www.paracelsus-magazin.ch\/de\/astrologie\/the-planets-and-love-iii\/"]}]},{"@type":"ImageObject","inLanguage":"de","@id":"https:\/\/www.paracelsus-magazin.ch\/de\/astrologie\/the-planets-and-love-iii\/#primaryimage","url":"https:\/\/www.paracelsus-magazin.ch\/wp-content\/uploads\/2018\/04\/20182Mars-2.jpg","contentUrl":"https:\/\/www.paracelsus-magazin.ch\/wp-content\/uploads\/2018\/04\/20182Mars-2.jpg","width":1200,"height":800},{"@type":"BreadcrumbList","@id":"https:\/\/www.paracelsus-magazin.ch\/de\/astrologie\/the-planets-and-love-iii\/#breadcrumb","itemListElement":[{"@type":"ListItem","position":1,"name":"Startseite","item":"https:\/\/www.paracelsus-magazin.ch\/de\/"},{"@type":"ListItem","position":2,"name":"Die Planeten und die Liebe [III]"}]},{"@type":"WebSite","@id":"https:\/\/www.paracelsus-magazin.ch\/de\/#website","url":"https:\/\/www.paracelsus-magazin.ch\/de\/","name":"Paracelsus Magazin","description":"Health &amp; Healing Magazin","publisher":{"@id":"https:\/\/www.paracelsus-magazin.ch\/de\/#organization"},"potentialAction":[{"@type":"SearchAction","target":{"@type":"EntryPoint","urlTemplate":"https:\/\/www.paracelsus-magazin.ch\/de\/?s={search_term_string}"},"query-input":{"@type":"PropertyValueSpecification","valueRequired":true,"valueName":"search_term_string"}}],"inLanguage":"de"},{"@type":"Organization","@id":"https:\/\/www.paracelsus-magazin.ch\/de\/#organization","name":"Paracelsus Magazin","url":"https:\/\/www.paracelsus-magazin.ch\/de\/","logo":{"@type":"ImageObject","inLanguage":"de","@id":"https:\/\/www.paracelsus-magazin.ch\/de\/#\/schema\/logo\/image\/","url":"https:\/\/www.paracelsus-magazin.ch\/wp-content\/uploads\/2023\/08\/logo-paracelsus-magazin-sqaure.jpg","contentUrl":"https:\/\/www.paracelsus-magazin.ch\/wp-content\/uploads\/2023\/08\/logo-paracelsus-magazin-sqaure.jpg","width":696,"height":696,"caption":"Paracelsus Magazin"},"image":{"@id":"https:\/\/www.paracelsus-magazin.ch\/de\/#\/schema\/logo\/image\/"},"sameAs":["https:\/\/www.facebook.com\/Paracelsus-Magazin-436487499874780\/"]},{"@type":"Person","@id":"https:\/\/www.paracelsus-magazin.ch\/de\/#\/schema\/person\/4a58eb94161361ab01e310d2e7cb3ab4","name":"Benjamin Schiller","image":{"@type":"ImageObject","inLanguage":"de","@id":"https:\/\/secure.gravatar.com\/avatar\/24e5021974212520013e0937216ad3ae8f2b3dc6d6ce92be7d238064cb3ec28b?s=96&d=mm&r=g","url":"https:\/\/secure.gravatar.com\/avatar\/24e5021974212520013e0937216ad3ae8f2b3dc6d6ce92be7d238064cb3ec28b?s=96&d=mm&r=g","contentUrl":"https:\/\/secure.gravatar.com\/avatar\/24e5021974212520013e0937216ad3ae8f2b3dc6d6ce92be7d238064cb3ec28b?s=96&d=mm&r=g","caption":"Benjamin Schiller"},"description":"Benjamin Schiller (* 1967) is a mathematician, astrologer for more than 20 years, author of several astrology books such as \"The Heavenly Gifts and Tests\" (Die himmlischen Gaben und Pr\u00fcfungen), \"Heavenly Wisdom\", (Himmlische Weisheit) and \"The Planets and Love (Die Planeten und die Liebe), co-editor of the \"Solar-Lunar Calendar\" ( Sonne-Mond-Kalender) and co-organizer of the annual Spiritual Astrology Forum.","url":"https:\/\/www.paracelsus-magazin.ch\/de\/author\/benjamin-schiller\/"}]}},"_links":{"self":[{"href":"https:\/\/www.paracelsus-magazin.ch\/de\/wp-json\/wp\/v2\/posts\/16962","targetHints":{"allow":["GET"]}}],"collection":[{"href":"https:\/\/www.paracelsus-magazin.ch\/de\/wp-json\/wp\/v2\/posts"}],"about":[{"href":"https:\/\/www.paracelsus-magazin.ch\/de\/wp-json\/wp\/v2\/types\/post"}],"author":[{"embeddable":true,"href":"https:\/\/www.paracelsus-magazin.ch\/de\/wp-json\/wp\/v2\/users\/46"}],"replies":[{"embeddable":true,"href":"https:\/\/www.paracelsus-magazin.ch\/de\/wp-json\/wp\/v2\/comments?post=16962"}],"version-history":[{"count":0,"href":"https:\/\/www.paracelsus-magazin.ch\/de\/wp-json\/wp\/v2\/posts\/16962\/revisions"}],"wp:featuredmedia":[{"embeddable":true,"href":"https:\/\/www.paracelsus-magazin.ch\/de\/wp-json\/wp\/v2\/media\/16924"}],"wp:attachment":[{"href":"https:\/\/www.paracelsus-magazin.ch\/de\/wp-json\/wp\/v2\/media?parent=16962"}],"wp:term":[{"taxonomy":"category","embeddable":true,"href":"https:\/\/www.paracelsus-magazin.ch\/de\/wp-json\/wp\/v2\/categories?post=16962"},{"taxonomy":"post_tag","embeddable":true,"href":"https:\/\/www.paracelsus-magazin.ch\/de\/wp-json\/wp\/v2\/tags?post=16962"}],"curies":[{"name":"wp","href":"https:\/\/api.w.org\/{rel}","templated":true}]}}