{"id":16011,"date":"2017-08-04T15:22:04","date_gmt":"2017-08-04T13:22:04","guid":{"rendered":"http:\/\/www.paracelsus-magazin.ch\/allgemein\/the-mineral-substances-according-to-dr-schuessler-v\/"},"modified":"2022-09-13T21:42:11","modified_gmt":"2022-09-13T19:42:11","slug":"the-mineral-substances-according-to-dr-schuessler-v","status":"publish","type":"post","link":"https:\/\/www.paracelsus-magazin.ch\/de\/homoeopathie\/the-mineral-substances-according-to-dr-schuessler-v\/","title":{"rendered":"Die Mineralstoffe nach Dr. Sch\u00fc\u00dfler  [V]"},"content":{"rendered":"<h3><strong>3.1 \u00a0\u00a0<\/strong>Das, was mir im Leben dazwischenkommt, ist manchmal das Leben!<\/h3>\n<p>Gesundheit ist wesentlich mehr als nur die Abwesenheit von k\u00f6rperlichen St\u00f6rungen. Sie umfasst auf der k\u00f6rperlichen Ebene vor allem auch das weitestgehende Freisein von Belastungsstoffen, Stoffwechselr\u00fcckst\u00e4nden und Giften. Eine allgemeine Alterung ist nicht als eine Krankheit zu bezeichnen. Sie ist die Erscheinung des Lebens, im tiefsten Sinne als Ver\u00e4nderung der Erscheinungsweise.<\/p>\n<p>Heilung von einer Krankheit bedeutet, dass der Erkrankte wieder in den Fluss des Lebens zur\u00fcckkehrt. Er ist auch dann geheilt, wenn er im Verlauf der Krankheit irreparable und irreversible, unumkehrbare Sch\u00e4den davongetragen hat. Er kann dann vielleicht nicht mehr gesund im k\u00f6rperlichen Sinne werden, aber geheilt im Sinne einer lebensbejahenden Einstellung.<\/p>\n<p>Eine Heilung ist nur durch den Menschen selbst m\u00f6glich. \u201eNatura sanat, sed medicus curat morbos!\u201c (Die Natur heilt die Krankheit, der Arzt pflegt und sorgt!) Der \u201einnere Arzt\u201c, der in jedem Menschen anwesend ist, besorgt die Korrektur des aus den Fugen geratenen K\u00f6rpers. Allerdings braucht der Organismus dabei Hilfen, die ihm in Form von verschiedenen M\u00f6glichkeiten zur Verf\u00fcgung gestellt werden. Entscheidend ist die Tatsache allein, ob der Einzelne bereit ist, die entsprechenden Schritte zu gehen.<\/p>\n<p>Allerdings muss in diesem Zusammenhang ausdr\u00fccklich darauf hingewiesen werden, dass zwischen reparieren und heilen unterschieden werden muss! Welche Ebenen ber\u00fccksichtigt werden bzw. welchen Anspruch der Kranke an dieses Geschehen richtet, h\u00e4ngt haupts\u00e4chlich von seiner Einstellung ab! Es ist sehr viel auf diesem Gebiete m\u00f6glich: von der schon erw\u00e4hnten Reparatur \u00fcber das Anbieten von Kr\u00fccken, von St\u00fctzen bis hin zur Befreiung. Meistens bleiben die Menschen bei der Anwendung von Kr\u00fccken h\u00e4ngen und kommen so nie zu einem leichten, freien, aufrechten Gang in ihrem Leben (im \u00fcbertragenen Sinne) im weiten Land.<\/p>\n<p>Auch die Mineralstoffe nach Dr. Sch\u00fc\u00dfler sind in gewisser Weise Kr\u00fccken bzw. St\u00fctzen. Sie erm\u00f6glichen wie immer das Auff\u00fcllen der Speicher, wodurch sich der Organismus wieder zufriedenstellend organisieren kann. Sie bewirken indirekt Ver\u00e4nderungen auf der Ebene des K\u00f6rpers, des Gem\u00fctes, des Gef\u00fchles, der Energie und der Farben. Grunds\u00e4tzlich sind diese Mineralstoffe, wie viele andere Interventionsm\u00f6glichkeiten, das Angebot zum Gesundwerden. Das Leben ergreifen muss der Kranke selbst; mit der damit erlangten Lebendigkeit besteht die Chance, die Blockaden zu bearbeiten. Damit ist er ger\u00fcstet, sich wieder dem Fluss des Lebens anzuvertrauen.<\/p>\n<p>Eigentlich ist der Erkrankte der Hauptdarsteller in dem ganzen Geschehen, ohne den auf Dauer gar nichts geht. Oft genug erreichen verschiedene Interventionen vor\u00fcbergehende Erfolge, aber nach einer mehr oder weniger langen Zeit stellt sich das \u00dcbel wieder ein. Der Erkrankte hatte sich innerlich nicht von der Stelle bewegt, oder es wurden die ihn umgebenden Bedingungen nicht ausreichend ver\u00e4ndert. Auch diese Ver\u00e4nderungen bed\u00fcrfen zumindest der Zustimmung des Erkrankten.<\/p>\n<p>&nbsp;<\/p>\n<h3><strong>3.2 \u00a0 \u00a0<\/strong>Die Wirksamkeit der Mineralstoffe nach Dr. Sch\u00fc\u00dfler<\/h3>\n<p>Dr. Sch\u00fc\u00dfler schreibt in seiner \u201eAbgek\u00fcrzten Therapie\u201c<sup>2<\/sup>:<\/p>\n<p><em>\u201eDas Mittel muss so verd\u00fcnnt sein, dass seine frei gewordenen Molek\u00fcle durch das Epithel 3 der Mundh\u00f6hle, des Schlundes und der Speiser\u00f6hre und durch die Wandungen der Kapillaren in das Blut treten k\u00f6nnen.\u201c<\/em><\/p>\n<p>Dieser Hinweis in der Schrift Sch\u00fc\u00dflers ist auch der Hintergrund f\u00fcr die Anweisung, die Mineralstoffe m\u00f6glichst lange im Mund zu behalten. Dann k\u00f6nnen die Wirkstoffe ungehindert in den K\u00f6rper eindringen, ihn durchdringen bzw. diffundieren, wie der spezifische Ausdruck daf\u00fcr hei\u00dft.<\/p>\n<p>Auch der schon \u00f6fter zitierte Dr. Schneider gibt einen diesbez\u00fcglichen Hinweis, der auf den Einfluss der Magens\u00e4ure hinweist, sollten die Mineralstoffe geschluckt werden:<\/p>\n<p><em>\u201eAuch die Resorption<sup>4<\/sup> veranlasst zu hom\u00f6opathischen Dosen. In gr\u00f6\u00dferen Dosen verabreicht, gelangt die Arznei in den Magen. Dort wird sie aber unter dem Einfluss der Magens\u00e4ure ver\u00e4ndert; aus phosphorsaurem Eisen entsteht dann salzsaures Eisen. Auch die \u00fcbrigen biochemischen Mittel, die ja alle Salze sind, m\u00fcssen sich unter dem Einflusse der Salzs\u00e4ure des Magens zu salzsauren Salzen umsetzen. Geben wir aber eine hom\u00f6opathische Verreibung, so findet die Aufsaugung bereits in der Mundh\u00f6hle und im Schlunde statt. Das Mittel gelangt unver\u00e4ndert in die Blutbahn, das Blut tr\u00e4gt es durch den ganzen K\u00f6rper, lagert es aber nicht willk\u00fcrlich irgendwo ab, sondern die \u00fcberempfindlichen kranken Zellen nehmen die Anwesenheit des Mittels wahr und ziehen es aktiv an sich.\u201c <sup>5<\/sup><\/em><\/p>\n<p>Die Wirksamkeit der Mineralstoffe nach Dr. Sch\u00fc\u00dfler hat seit ihrer ersten Ver\u00f6ffentlichung die Geister bewegt. Es kam des \u00f6fteren zu Auseinandersetzungen, vor allem auch schon durch Dr. Sch\u00fc\u00dfler und seine Widersacher. Das ist der Grund, warum auch wir uns mit dieser Thematik besch\u00e4ftigt haben.<\/p>\n<p>Weiter oben wurde schon darauf hingewiesen, dass auch die verschiedenen Potenzierungen ein und desselben Mittels verschiedene Wirkungen haben k\u00f6nnen (D3, D6, D12). Deshalb ist es f\u00fcr einen Hom\u00f6opathen gar nicht egal, welche Potenzen er bei den verschiedenen Stoffen verwendet. Das betrifft auch die Mineralstoffe nach Dr. Sch\u00fc\u00dfler.<\/p>\n<p>Nach verschiedenen Forschungen verschlie\u00dft sich die Zelle, wenn ihre Umgebung zu hohe Mineralstoffkonzentrationen aufbaut. Wie allerdings dann die feiner zubereiteten Mineralstoffe nach Dr. Sch\u00fc\u00dfler an diesen Konzentrationen vorbei in die sich verschlie\u00dfenden Zellen gelangen k\u00f6nnen, gibt Anlass zu Spekulationen.<\/p>\n<p>Ein sehr nahe liegender Schluss besteht darin, dass den verschiedenen Konzentrationen jeweils eigene \u201eSchl\u00fcssel\u201c dienen, um in die Zelle Eingang zu finden. Ein einfacher Vergleich m\u00f6ge den Zusammenhang n\u00e4her erl\u00e4utern. Das Wasser kennen wir in den drei Aggregatzust\u00e4nden fest als Eis, fl\u00fcssig und gasf\u00f6rmig als Dampf. Setzt man die verschiedenen Aggregatzust\u00e4nde mit den verschiedenen Konzentrationen der Stoffe gleich, dann wird ersichtlich, dass nicht jede Form des jeweiligen Stoffes andere durchdringen kann. Wohin das Eis nie gelangen k\u00f6nnte, dahin flie\u00dft das Wasser ganz leicht. Wohin aber das Wasser wegen seiner doch relativ gro\u00dfen Dichte nicht mehr gelangt, dorthin kann es in der Form des Dampfes immer noch gelangen.<\/p>\n<p>Verschiedene Potenzierungen haben verschiedene Wirkungen, sie sind wie verschiedene Schl\u00fcssel in die Zelle:<br \/>\nNiedere Potenzen = k\u00f6rperliche Wirkung<br \/>\nMittlere Potenzen = energetische Wirkung<br \/>\nHochpotenz = informatorische Wirkung<\/p>\n<p>&nbsp;<\/p>\n<h3><strong>3.2.1 \u00a0 Ist eine vollwertige, verantwortungsbewusste Ern\u00e4hrung ausreichend?<\/strong><\/h3>\n<p>Immer wieder wird von Menschen, die sich vollwertig ern\u00e4hren, die Frage gestellt, ob eine qualit\u00e4tvolle Ern\u00e4hrung ausreicht, um keine M\u00e4ngel zu haben!<\/p>\n<p>Im Kapitel \u00fcber die Entstehung von M\u00e4ngeln haben wir im Abschnitt \u00fcber die Ern\u00e4hrung auf folgenden Sachverhalt hingewiesen: Dr. Sch\u00fc\u00dfler musste sich zu seiner Zeit mit industriell ver\u00e4nderten Nahrungsmitteln noch nicht auseinandersetzen. Er konnte davon ausgehen, dass die Menschen mit einer vern\u00fcnftigen Ern\u00e4hrung auch die notwendigen Mineralstoffe zu sich nehmen werden. Das ist bis heute noch genauso!<\/p>\n<p>Wenn Menschen heutzutage durch eine unvern\u00fcnftige Ern\u00e4hrung unter Betriebsst\u00f6rungen zu leiden haben, dann sind das nicht jene Leiden, die durch die Mineralstoffe nach Dr. Sch\u00fc\u00dfler zu behandeln sind. Diese Probleme sind durch eine ausgewogene, vern\u00fcnftige, vollwertige 6 Ern\u00e4hrung wieder zu beheben, weshalb bei vollwertiger Ern\u00e4hrung solche St\u00f6rungen kaum auftreten. Im Gegenteil, solche Menschen sind sehr gesund und haben durchwegs eine gute Grundkonstitution.<\/p>\n<p>Wenn es sich um Betriebsst\u00f6rungen bzw. Krankheiten handelt, welche aus einem anderen Grunde entstehen, n\u00e4mlich einem feinstofflichen Mangel in der Zelle, dann ist dieser nur bedingt durch eine gute Ern\u00e4hrung zu beheben. Die entsprechenden M\u00e4ngel entstehen meistens nicht auf der k\u00f6rperlichen Ebene, wie aus dem im Einleitungskapitel erkl\u00e4rten Menschenbild verst\u00e4ndlich wird. Mit ihnen hat sich Dr. Sch\u00fc\u00dfler zu seiner Zeit auseinandergesetzt und m\u00fcssen wir uns heute noch immer auseinandersetzen.<\/p>\n<p>Er stellte sich in seiner Schrift: \u201eAllopathie, Biochemie und Hom\u00f6opathie\u201c diesem Thema folgenderma\u00dfen<sup>7<\/sup>:<\/p>\n<p><em>\u201eAusf\u00fchrliches \u00fcber die Wirkungen der in Obigem erw\u00e4hnten Mineralien findet man in meiner biochemischen Therapie, welche unter dem Titel \u201eEine abgek\u00fcrzte Therapie\u201c vor Kurzem in 22. Auflage erschienen ist.<\/em><\/p>\n<p>Die eben genannten Mineralien m\u00fcssen, wenn sie als Heilmittel in Anwendung gebracht werden sollen, in Molekularform verabreicht werden. Die freien Molek\u00fcle treten durch das Epithel der Mund- und Schlundh\u00f6hle und durch die Wandungen der dort befindlichen Capillaren in\u2019s Blut und diffundiren 8 alsdann \u00fcberall hin im Organismus. Ein Teil der diffundierten Molek\u00fcle gelangt in den Krankheitsherd und bewirkt daselbst die Deckung eines Defizits, welches die Ursache der betr. Krankheit ist.<\/p>\n<p>Diejenigen Heilungen, welche mittels Molek\u00fcle der oben erw\u00e4hnten Mineralien sich vollziehen, sind biochemische.<\/p>\n<p>Die Biochemie bezweckt die directe Correction der von der Norm abgewichenen physiologischen Chemie.<\/p>\n<p>Einige \u00c4rzte haben gegen das biochemische Heilverfahren einen Einwurf erhoben, durch welchen sie ein gl\u00e4nzendes Zeugnis von ihrer Denkfaulheit abgelegt haben.<\/p>\n<p>Sie sagen: \u201eDa alle Mineralstoffe, deren die Biochemie sich bedient, in den Nahrungsstoffen enthalten sind, welche der Mensch in seinen Magen und Darm einf\u00fchrt, so sind die biochemischen Mittel ja \u00fcberfl\u00fcssig, es m\u00fcssen ja die in den Nahrungsmitteln enthaltenen Mineralien die Krankheiten heilen k\u00f6nnen, umso mehr, als die Kranken gro\u00dfe Quantit\u00e4ten davon bekommen.\u201c<\/p>\n<p>Wer so denkt, l\u00e4sst die folgenden Verh\u00e4ltnisse au\u00dfer Acht:<\/p>\n<ol>\n<li>Die in den Nahrungsmitteln naturgem\u00e4\u00df enthaltenen Mineralien sind mit den Eiwei\u00dfk\u00f6rpern derselben organisch verbunden.<sup>9<\/sup><\/li>\n<li>Die Eiwei\u00dfk\u00f6rper und die damit organisch verbundenen Mineralien gelangen vom Darm aus auf dem Wege der Pfortader und der Leber ins rechte Herz usw.<\/li>\n<li>Vom arteriellen Blut aus in die Gewebe gelangt, dienen sie den gesunden jungen Zellen als Material zum Wachstum.<\/li>\n<li>Die freien Molek\u00fcle eines zu therapeutischem Zwecke verabreichten Mineralstoffes gelangen, wie oben angegeben, auf dem k\u00fcrzesten Wege ins Blut, um in den pathogen ver\u00e4nderten Zellen die Deckung eines Defizites an dem betr. Mineralstoffe zu bewirken.\u201c<\/li>\n<\/ol>\n<p>In diesem Abschnitt gibt Dr. Sch\u00fc\u00dfler eine kurze Zusammenfassung seiner gesamten Heilweise, wie sie f\u00fcr uns auch heute durchaus noch G\u00fcltigkeit hat.<\/p>\n<p>&nbsp;<\/p>\n<h4>Fu\u00dfnoten<\/h4>\n<h5><strong>1 Vergleiche dazu: Schellenbaum, Peter: Nimm deine Couch und geh<br \/>\n<\/strong><strong>M\u00fcnchen: K\u00f6sel 1992, Ungek\u00fcrzte Ausgabe 1994, dtv TB 35081<\/strong><\/h5>\n<h5><strong>2 Sch\u00fc\u00dfler, Abgek\u00fcrzte Heilweise, 31. Auflage, 1904, Seite 13<\/strong><\/h5>\n<h5><strong>3 Epithel [griech.] (Epithelgewebe, Deckgewebe), ein- oder v. a. bei Wirbeltieren mehrschichtiges, fl\u00e4chenhaftes\u00a0\u00a0 Gewebe, das alle K\u00f6rperober- und -innenfl\u00e4chen der meisten tier. Vielzeller bedeckt. Nach ihrer Form unterscheidet man: 1. Platten-E. aus flachen, plattenf\u00f6rmigen Zellen; kleidet u. a. Blut- und Lymphgef\u00e4\u00dfe aus; 2.Pflaster-E. aus w\u00fcrfelf\u00f6rmigen Zellen; kleidet die Nierenkan\u00e4lchen aus; 3.Zylinder-E. aus langen, quaderf\u00f6rmigen Zellen; kleidet u. a. das Innere des Magen-Darm-Kanals aus. Nach der jeweiligen haupts\u00e4chl. Funktion unterscheidet man: Deck-E. (Schutz-E.) mit Schutzfunktion; Dr\u00fcsen-E. mit starker Sekretausscheidung; Sinnes-E. (Neuro-E.), aus einzelnen Sinneszellen bestehend (z.B. Riech-E.); Flimmer-E., dessen Zellen Wimpern tragen, die entweder einen Fl\u00fcssigkeitsstrom erzeugen (z.B. Flimmer-E. der Bronchien) oder, au\u00dfen am K\u00f6rper liegend, der Fortbewegung dienen. \u00a9 Meyers Lexikon<\/strong><\/h5>\n<h5><strong>4 Aufnahme<\/strong><\/h5>\n<h5><strong>5 Schneider, Dr. Med. J.: Biochemischer Hausarzt, Seite 7<\/strong><\/h5>\n<h5><strong>6 Vollwertig hei\u00dft auf keinen Fall nur K\u00f6rner, sondern dass die Lebensmittel m\u00f6glichst mit ihrem vollen Wert dem K\u00f6rper zugef\u00fchrt werden, das hei\u00dft m\u00f6glichst unverf\u00e4lscht und unzerst\u00f6rt. Dabei handelt es sich um Gem\u00fcse, Salate und Obst, die im biologischen Anbau gezogen wurden, genauso wie um naturbelassene Fette und kaltgepresste \u00d6le und m\u00f6glichst frisch gemahlenes Getreide.<\/strong><\/h5>\n<h5><strong>7 Allopathie, Biochemie und Hom\u00f6opathie. Besprochen von Dr. med. Sch\u00fc\u00dfler.<br \/>\n<\/strong><strong>Zweite, teilweise umgearbeitete Auflage. Oldenburg 1895. Schulzesche Hof-Buchhandlung und Hof-Buchdruckerei.<\/strong><\/h5>\n<h5><strong>8 W\u00f6rtlich &#8211; alte Schreibweise!<\/strong><\/h5>\n<h5><strong>9 Die Mineralstoffe sind in so genannten tr\u00e4gen Verbindungen gebunden.<\/strong><\/h5>\n<p><em>\u00a0<\/em><\/p>\n<h4>Kontakt<\/h4>\n<h5>www.gba.at<\/h5>\n","protected":false},"excerpt":{"rendered":"<p>3.1 \u00a0\u00a0Das, was mir im Leben dazwischenkommt, ist manchmal das Leben! Gesundheit ist wesentlich mehr als nur die Abwesenheit von k\u00f6rperlichen St\u00f6rungen. Sie umfasst auf der k\u00f6rperlichen Ebene vor allem auch das weitestgehende Freisein von Belastungsstoffen, Stoffwechselr\u00fcckst\u00e4nden und Giften. Eine allgemeine Alterung ist nicht als eine Krankheit zu bezeichnen. Sie ist die Erscheinung des Lebens, im tiefsten Sinne als Ver\u00e4nderung der Erscheinungsweise. Heilung von einer Krankheit bedeutet, dass der Erkrankte wieder in den Fluss des Lebens zur\u00fcckkehrt. Er ist auch dann geheilt, wenn er im Verlauf der Krankheit irreparable und irreversible, unumkehrbare Sch\u00e4den davongetragen hat. Er kann dann vielleicht nicht mehr gesund im k\u00f6rperlichen Sinne werden, aber geheilt im Sinne einer lebensbejahenden Einstellung. Eine Heilung ist nur durch den Menschen selbst m\u00f6glich. \u201eNatura sanat, sed medicus curat morbos!\u201c (Die Natur heilt die Krankheit, der Arzt pflegt und sorgt!) Der \u201einnere Arzt\u201c, der in jedem Menschen anwesend ist, besorgt die Korrektur des aus den Fugen geratenen K\u00f6rpers. Allerdings braucht der Organismus dabei Hilfen, die ihm in Form von verschiedenen M\u00f6glichkeiten zur Verf\u00fcgung gestellt werden. Entscheidend ist die Tatsache allein, ob der Einzelne bereit ist, die entsprechenden Schritte zu gehen. Allerdings muss in diesem Zusammenhang ausdr\u00fccklich darauf hingewiesen werden, dass zwischen reparieren [&hellip;]<\/p>\n","protected":false},"author":10,"featured_media":15740,"comment_status":"closed","ping_status":"closed","sticky":false,"template":"","format":"standard","meta":{"footnotes":""},"categories":[442],"tags":[591],"class_list":["post-16011","post","type-post","status-publish","format-standard","has-post-thumbnail","hentry","category-homoeopathie","tag-schuessler-de"],"yoast_head":"<!-- This site is optimized with the Yoast SEO plugin v27.5 - https:\/\/yoast.com\/product\/yoast-seo-wordpress\/ -->\n<title>Die Mineralstoffe nach Dr. Sch\u00fc\u00dfler [V] - Paracelsus Magazin<\/title>\n<meta name=\"robots\" content=\"index, follow, max-snippet:-1, max-image-preview:large, max-video-preview:-1\" \/>\n<link rel=\"canonical\" href=\"https:\/\/www.paracelsus-magazin.ch\/de\/homoeopathie\/the-mineral-substances-according-to-dr-schuessler-v\/\" \/>\n<meta property=\"og:locale\" content=\"de_DE\" \/>\n<meta property=\"og:type\" content=\"article\" \/>\n<meta property=\"og:title\" content=\"Die Mineralstoffe nach Dr. Sch\u00fc\u00dfler [V] - Paracelsus Magazin\" \/>\n<meta property=\"og:description\" content=\"3.1 \u00a0\u00a0Das, was mir im Leben dazwischenkommt, ist manchmal das Leben! Gesundheit ist wesentlich mehr als nur die Abwesenheit von k\u00f6rperlichen St\u00f6rungen. Sie umfasst auf der k\u00f6rperlichen Ebene vor allem auch das weitestgehende Freisein von Belastungsstoffen, Stoffwechselr\u00fcckst\u00e4nden und Giften. Eine allgemeine Alterung ist nicht als eine Krankheit zu bezeichnen. Sie ist die Erscheinung des Lebens, im tiefsten Sinne als Ver\u00e4nderung der Erscheinungsweise. Heilung von einer Krankheit bedeutet, dass der Erkrankte wieder in den Fluss des Lebens zur\u00fcckkehrt. Er ist auch dann geheilt, wenn er im Verlauf der Krankheit irreparable und irreversible, unumkehrbare Sch\u00e4den davongetragen hat. Er kann dann vielleicht nicht mehr gesund im k\u00f6rperlichen Sinne werden, aber geheilt im Sinne einer lebensbejahenden Einstellung. Eine Heilung ist nur durch den Menschen selbst m\u00f6glich. \u201eNatura sanat, sed medicus curat morbos!\u201c (Die Natur heilt die Krankheit, der Arzt pflegt und sorgt!) Der \u201einnere Arzt\u201c, der in jedem Menschen anwesend ist, besorgt die Korrektur des aus den Fugen geratenen K\u00f6rpers. Allerdings braucht der Organismus dabei Hilfen, die ihm in Form von verschiedenen M\u00f6glichkeiten zur Verf\u00fcgung gestellt werden. Entscheidend ist die Tatsache allein, ob der Einzelne bereit ist, die entsprechenden Schritte zu gehen. Allerdings muss in diesem Zusammenhang ausdr\u00fccklich darauf hingewiesen werden, dass zwischen reparieren [&hellip;]\" \/>\n<meta property=\"og:url\" content=\"https:\/\/www.paracelsus-magazin.ch\/de\/homoeopathie\/the-mineral-substances-according-to-dr-schuessler-v\/\" \/>\n<meta property=\"og:site_name\" content=\"Paracelsus Magazin\" \/>\n<meta property=\"article:publisher\" content=\"https:\/\/www.facebook.com\/Paracelsus-Magazin-436487499874780\/\" \/>\n<meta property=\"article:published_time\" content=\"2017-08-04T13:22:04+00:00\" \/>\n<meta property=\"article:modified_time\" content=\"2022-09-13T19:42:11+00:00\" \/>\n<meta property=\"og:image\" content=\"https:\/\/www.paracelsus-magazin.ch\/wp-content\/uploads\/2017\/08\/20177-Schuessler.jpg\" \/>\n\t<meta property=\"og:image:width\" content=\"1200\" \/>\n\t<meta property=\"og:image:height\" content=\"800\" \/>\n\t<meta property=\"og:image:type\" content=\"image\/jpeg\" \/>\n<meta name=\"author\" content=\"Thomas Feichtinger\" \/>\n<meta name=\"twitter:card\" content=\"summary_large_image\" \/>\n<meta name=\"twitter:label1\" content=\"Verfasst von\" \/>\n\t<meta name=\"twitter:data1\" content=\"Thomas Feichtinger\" \/>\n\t<meta name=\"twitter:label2\" content=\"Gesch\u00e4tzte Lesezeit\" \/>\n\t<meta name=\"twitter:data2\" content=\"9\u00a0Minuten\" \/>\n<script type=\"application\/ld+json\" class=\"yoast-schema-graph\">{\"@context\":\"https:\\\/\\\/schema.org\",\"@graph\":[{\"@type\":\"Article\",\"@id\":\"https:\\\/\\\/www.paracelsus-magazin.ch\\\/de\\\/homoeopathie\\\/the-mineral-substances-according-to-dr-schuessler-v\\\/#article\",\"isPartOf\":{\"@id\":\"https:\\\/\\\/www.paracelsus-magazin.ch\\\/de\\\/homoeopathie\\\/the-mineral-substances-according-to-dr-schuessler-v\\\/\"},\"author\":{\"name\":\"Thomas Feichtinger\",\"@id\":\"https:\\\/\\\/www.paracelsus-magazin.ch\\\/de\\\/#\\\/schema\\\/person\\\/0693171cbf4191cde42cad5522966635\"},\"headline\":\"Die Mineralstoffe nach Dr. Sch\u00fc\u00dfler [V]\",\"datePublished\":\"2017-08-04T13:22:04+00:00\",\"dateModified\":\"2022-09-13T19:42:11+00:00\",\"mainEntityOfPage\":{\"@id\":\"https:\\\/\\\/www.paracelsus-magazin.ch\\\/de\\\/homoeopathie\\\/the-mineral-substances-according-to-dr-schuessler-v\\\/\"},\"wordCount\":1889,\"publisher\":{\"@id\":\"https:\\\/\\\/www.paracelsus-magazin.ch\\\/de\\\/#organization\"},\"image\":{\"@id\":\"https:\\\/\\\/www.paracelsus-magazin.ch\\\/de\\\/homoeopathie\\\/the-mineral-substances-according-to-dr-schuessler-v\\\/#primaryimage\"},\"thumbnailUrl\":\"https:\\\/\\\/www.paracelsus-magazin.ch\\\/wp-content\\\/uploads\\\/2017\\\/08\\\/20177-Schuessler.jpg\",\"keywords\":[\"Sch\u00fc\u00dfler\"],\"articleSection\":[\"Hom\u00f6opathie\"],\"inLanguage\":\"de\"},{\"@type\":\"WebPage\",\"@id\":\"https:\\\/\\\/www.paracelsus-magazin.ch\\\/de\\\/homoeopathie\\\/the-mineral-substances-according-to-dr-schuessler-v\\\/\",\"url\":\"https:\\\/\\\/www.paracelsus-magazin.ch\\\/de\\\/homoeopathie\\\/the-mineral-substances-according-to-dr-schuessler-v\\\/\",\"name\":\"Die Mineralstoffe nach Dr. Sch\u00fc\u00dfler [V] - Paracelsus Magazin\",\"isPartOf\":{\"@id\":\"https:\\\/\\\/www.paracelsus-magazin.ch\\\/de\\\/#website\"},\"primaryImageOfPage\":{\"@id\":\"https:\\\/\\\/www.paracelsus-magazin.ch\\\/de\\\/homoeopathie\\\/the-mineral-substances-according-to-dr-schuessler-v\\\/#primaryimage\"},\"image\":{\"@id\":\"https:\\\/\\\/www.paracelsus-magazin.ch\\\/de\\\/homoeopathie\\\/the-mineral-substances-according-to-dr-schuessler-v\\\/#primaryimage\"},\"thumbnailUrl\":\"https:\\\/\\\/www.paracelsus-magazin.ch\\\/wp-content\\\/uploads\\\/2017\\\/08\\\/20177-Schuessler.jpg\",\"datePublished\":\"2017-08-04T13:22:04+00:00\",\"dateModified\":\"2022-09-13T19:42:11+00:00\",\"breadcrumb\":{\"@id\":\"https:\\\/\\\/www.paracelsus-magazin.ch\\\/de\\\/homoeopathie\\\/the-mineral-substances-according-to-dr-schuessler-v\\\/#breadcrumb\"},\"inLanguage\":\"de\",\"potentialAction\":[{\"@type\":\"ReadAction\",\"target\":[\"https:\\\/\\\/www.paracelsus-magazin.ch\\\/de\\\/homoeopathie\\\/the-mineral-substances-according-to-dr-schuessler-v\\\/\"]}]},{\"@type\":\"ImageObject\",\"inLanguage\":\"de\",\"@id\":\"https:\\\/\\\/www.paracelsus-magazin.ch\\\/de\\\/homoeopathie\\\/the-mineral-substances-according-to-dr-schuessler-v\\\/#primaryimage\",\"url\":\"https:\\\/\\\/www.paracelsus-magazin.ch\\\/wp-content\\\/uploads\\\/2017\\\/08\\\/20177-Schuessler.jpg\",\"contentUrl\":\"https:\\\/\\\/www.paracelsus-magazin.ch\\\/wp-content\\\/uploads\\\/2017\\\/08\\\/20177-Schuessler.jpg\",\"width\":1200,\"height\":800},{\"@type\":\"BreadcrumbList\",\"@id\":\"https:\\\/\\\/www.paracelsus-magazin.ch\\\/de\\\/homoeopathie\\\/the-mineral-substances-according-to-dr-schuessler-v\\\/#breadcrumb\",\"itemListElement\":[{\"@type\":\"ListItem\",\"position\":1,\"name\":\"Startseite\",\"item\":\"https:\\\/\\\/www.paracelsus-magazin.ch\\\/de\\\/\"},{\"@type\":\"ListItem\",\"position\":2,\"name\":\"Die Mineralstoffe nach Dr. Sch\u00fc\u00dfler [V]\"}]},{\"@type\":\"WebSite\",\"@id\":\"https:\\\/\\\/www.paracelsus-magazin.ch\\\/de\\\/#website\",\"url\":\"https:\\\/\\\/www.paracelsus-magazin.ch\\\/de\\\/\",\"name\":\"Paracelsus Magazin\",\"description\":\"Health &amp; Healing Magazin\",\"publisher\":{\"@id\":\"https:\\\/\\\/www.paracelsus-magazin.ch\\\/de\\\/#organization\"},\"potentialAction\":[{\"@type\":\"SearchAction\",\"target\":{\"@type\":\"EntryPoint\",\"urlTemplate\":\"https:\\\/\\\/www.paracelsus-magazin.ch\\\/de\\\/?s={search_term_string}\"},\"query-input\":{\"@type\":\"PropertyValueSpecification\",\"valueRequired\":true,\"valueName\":\"search_term_string\"}}],\"inLanguage\":\"de\"},{\"@type\":\"Organization\",\"@id\":\"https:\\\/\\\/www.paracelsus-magazin.ch\\\/de\\\/#organization\",\"name\":\"Paracelsus Magazin\",\"url\":\"https:\\\/\\\/www.paracelsus-magazin.ch\\\/de\\\/\",\"logo\":{\"@type\":\"ImageObject\",\"inLanguage\":\"de\",\"@id\":\"https:\\\/\\\/www.paracelsus-magazin.ch\\\/de\\\/#\\\/schema\\\/logo\\\/image\\\/\",\"url\":\"https:\\\/\\\/www.paracelsus-magazin.ch\\\/wp-content\\\/uploads\\\/2023\\\/08\\\/logo-paracelsus-magazin-sqaure.jpg\",\"contentUrl\":\"https:\\\/\\\/www.paracelsus-magazin.ch\\\/wp-content\\\/uploads\\\/2023\\\/08\\\/logo-paracelsus-magazin-sqaure.jpg\",\"width\":696,\"height\":696,\"caption\":\"Paracelsus Magazin\"},\"image\":{\"@id\":\"https:\\\/\\\/www.paracelsus-magazin.ch\\\/de\\\/#\\\/schema\\\/logo\\\/image\\\/\"},\"sameAs\":[\"https:\\\/\\\/www.facebook.com\\\/Paracelsus-Magazin-436487499874780\\\/\"]},{\"@type\":\"Person\",\"@id\":\"https:\\\/\\\/www.paracelsus-magazin.ch\\\/de\\\/#\\\/schema\\\/person\\\/0693171cbf4191cde42cad5522966635\",\"name\":\"Thomas Feichtinger\",\"image\":{\"@type\":\"ImageObject\",\"inLanguage\":\"de\",\"@id\":\"https:\\\/\\\/secure.gravatar.com\\\/avatar\\\/3abdae389f43da9456e67598988452afa5f47f1f3e1a7aa78aac0ce09e1c426d?s=96&d=mm&r=g\",\"url\":\"https:\\\/\\\/secure.gravatar.com\\\/avatar\\\/3abdae389f43da9456e67598988452afa5f47f1f3e1a7aa78aac0ce09e1c426d?s=96&d=mm&r=g\",\"contentUrl\":\"https:\\\/\\\/secure.gravatar.com\\\/avatar\\\/3abdae389f43da9456e67598988452afa5f47f1f3e1a7aa78aac0ce09e1c426d?s=96&d=mm&r=g\",\"caption\":\"Thomas Feichtinger\"},\"description\":\"Thomas Feichtinger wurde 1946 in Salzburg geboren und lebt in Zell am See. Nach jahrelanger Auseinandersetzung mit einer schweren Krankheit und ihrer Bew\u00e4ltigung, unter anderem mit Hilfe der Mineralstoffe nach Dr. Sch\u00fc\u00dfler, kann Thomas Feichtinger heute wieder arbeiten. Neben Lehrg\u00e4ngen in der Mineralstofflehre nach Dr. Sch\u00fc\u00dfler und der damit eng verkn\u00fcpften Antlitzanalyse nach Kurt Hickethier absolvierte er eine Ausbildung in Gestalttherapie und in Existenzanalyse und Logotherapie nach Viktor E. Frankl. Heute arbeitet er in der Erwachsenenbildung, in der Einzelberatung, ist erfolgreicher Buchautor und Ausbildungsleiter in der GBA.\",\"sameAs\":[\"http:\\\/\\\/www.gba.at\"],\"url\":\"https:\\\/\\\/www.paracelsus-magazin.ch\\\/de\\\/author\\\/feichtinger\\\/\"}]}<\/script>\n<!-- \/ Yoast SEO plugin. -->","yoast_head_json":{"title":"Die Mineralstoffe nach Dr. Sch\u00fc\u00dfler [V] - Paracelsus Magazin","robots":{"index":"index","follow":"follow","max-snippet":"max-snippet:-1","max-image-preview":"max-image-preview:large","max-video-preview":"max-video-preview:-1"},"canonical":"https:\/\/www.paracelsus-magazin.ch\/de\/homoeopathie\/the-mineral-substances-according-to-dr-schuessler-v\/","og_locale":"de_DE","og_type":"article","og_title":"Die Mineralstoffe nach Dr. Sch\u00fc\u00dfler [V] - Paracelsus Magazin","og_description":"3.1 \u00a0\u00a0Das, was mir im Leben dazwischenkommt, ist manchmal das Leben! Gesundheit ist wesentlich mehr als nur die Abwesenheit von k\u00f6rperlichen St\u00f6rungen. Sie umfasst auf der k\u00f6rperlichen Ebene vor allem auch das weitestgehende Freisein von Belastungsstoffen, Stoffwechselr\u00fcckst\u00e4nden und Giften. Eine allgemeine Alterung ist nicht als eine Krankheit zu bezeichnen. Sie ist die Erscheinung des Lebens, im tiefsten Sinne als Ver\u00e4nderung der Erscheinungsweise. Heilung von einer Krankheit bedeutet, dass der Erkrankte wieder in den Fluss des Lebens zur\u00fcckkehrt. Er ist auch dann geheilt, wenn er im Verlauf der Krankheit irreparable und irreversible, unumkehrbare Sch\u00e4den davongetragen hat. Er kann dann vielleicht nicht mehr gesund im k\u00f6rperlichen Sinne werden, aber geheilt im Sinne einer lebensbejahenden Einstellung. Eine Heilung ist nur durch den Menschen selbst m\u00f6glich. \u201eNatura sanat, sed medicus curat morbos!\u201c (Die Natur heilt die Krankheit, der Arzt pflegt und sorgt!) Der \u201einnere Arzt\u201c, der in jedem Menschen anwesend ist, besorgt die Korrektur des aus den Fugen geratenen K\u00f6rpers. Allerdings braucht der Organismus dabei Hilfen, die ihm in Form von verschiedenen M\u00f6glichkeiten zur Verf\u00fcgung gestellt werden. Entscheidend ist die Tatsache allein, ob der Einzelne bereit ist, die entsprechenden Schritte zu gehen. Allerdings muss in diesem Zusammenhang ausdr\u00fccklich darauf hingewiesen werden, dass zwischen reparieren [&hellip;]","og_url":"https:\/\/www.paracelsus-magazin.ch\/de\/homoeopathie\/the-mineral-substances-according-to-dr-schuessler-v\/","og_site_name":"Paracelsus Magazin","article_publisher":"https:\/\/www.facebook.com\/Paracelsus-Magazin-436487499874780\/","article_published_time":"2017-08-04T13:22:04+00:00","article_modified_time":"2022-09-13T19:42:11+00:00","og_image":[{"width":1200,"height":800,"url":"https:\/\/www.paracelsus-magazin.ch\/wp-content\/uploads\/2017\/08\/20177-Schuessler.jpg","type":"image\/jpeg"}],"author":"Thomas Feichtinger","twitter_card":"summary_large_image","twitter_misc":{"Verfasst von":"Thomas Feichtinger","Gesch\u00e4tzte Lesezeit":"9\u00a0Minuten"},"schema":{"@context":"https:\/\/schema.org","@graph":[{"@type":"Article","@id":"https:\/\/www.paracelsus-magazin.ch\/de\/homoeopathie\/the-mineral-substances-according-to-dr-schuessler-v\/#article","isPartOf":{"@id":"https:\/\/www.paracelsus-magazin.ch\/de\/homoeopathie\/the-mineral-substances-according-to-dr-schuessler-v\/"},"author":{"name":"Thomas Feichtinger","@id":"https:\/\/www.paracelsus-magazin.ch\/de\/#\/schema\/person\/0693171cbf4191cde42cad5522966635"},"headline":"Die Mineralstoffe nach Dr. Sch\u00fc\u00dfler [V]","datePublished":"2017-08-04T13:22:04+00:00","dateModified":"2022-09-13T19:42:11+00:00","mainEntityOfPage":{"@id":"https:\/\/www.paracelsus-magazin.ch\/de\/homoeopathie\/the-mineral-substances-according-to-dr-schuessler-v\/"},"wordCount":1889,"publisher":{"@id":"https:\/\/www.paracelsus-magazin.ch\/de\/#organization"},"image":{"@id":"https:\/\/www.paracelsus-magazin.ch\/de\/homoeopathie\/the-mineral-substances-according-to-dr-schuessler-v\/#primaryimage"},"thumbnailUrl":"https:\/\/www.paracelsus-magazin.ch\/wp-content\/uploads\/2017\/08\/20177-Schuessler.jpg","keywords":["Sch\u00fc\u00dfler"],"articleSection":["Hom\u00f6opathie"],"inLanguage":"de"},{"@type":"WebPage","@id":"https:\/\/www.paracelsus-magazin.ch\/de\/homoeopathie\/the-mineral-substances-according-to-dr-schuessler-v\/","url":"https:\/\/www.paracelsus-magazin.ch\/de\/homoeopathie\/the-mineral-substances-according-to-dr-schuessler-v\/","name":"Die Mineralstoffe nach Dr. Sch\u00fc\u00dfler [V] - Paracelsus Magazin","isPartOf":{"@id":"https:\/\/www.paracelsus-magazin.ch\/de\/#website"},"primaryImageOfPage":{"@id":"https:\/\/www.paracelsus-magazin.ch\/de\/homoeopathie\/the-mineral-substances-according-to-dr-schuessler-v\/#primaryimage"},"image":{"@id":"https:\/\/www.paracelsus-magazin.ch\/de\/homoeopathie\/the-mineral-substances-according-to-dr-schuessler-v\/#primaryimage"},"thumbnailUrl":"https:\/\/www.paracelsus-magazin.ch\/wp-content\/uploads\/2017\/08\/20177-Schuessler.jpg","datePublished":"2017-08-04T13:22:04+00:00","dateModified":"2022-09-13T19:42:11+00:00","breadcrumb":{"@id":"https:\/\/www.paracelsus-magazin.ch\/de\/homoeopathie\/the-mineral-substances-according-to-dr-schuessler-v\/#breadcrumb"},"inLanguage":"de","potentialAction":[{"@type":"ReadAction","target":["https:\/\/www.paracelsus-magazin.ch\/de\/homoeopathie\/the-mineral-substances-according-to-dr-schuessler-v\/"]}]},{"@type":"ImageObject","inLanguage":"de","@id":"https:\/\/www.paracelsus-magazin.ch\/de\/homoeopathie\/the-mineral-substances-according-to-dr-schuessler-v\/#primaryimage","url":"https:\/\/www.paracelsus-magazin.ch\/wp-content\/uploads\/2017\/08\/20177-Schuessler.jpg","contentUrl":"https:\/\/www.paracelsus-magazin.ch\/wp-content\/uploads\/2017\/08\/20177-Schuessler.jpg","width":1200,"height":800},{"@type":"BreadcrumbList","@id":"https:\/\/www.paracelsus-magazin.ch\/de\/homoeopathie\/the-mineral-substances-according-to-dr-schuessler-v\/#breadcrumb","itemListElement":[{"@type":"ListItem","position":1,"name":"Startseite","item":"https:\/\/www.paracelsus-magazin.ch\/de\/"},{"@type":"ListItem","position":2,"name":"Die Mineralstoffe nach Dr. Sch\u00fc\u00dfler [V]"}]},{"@type":"WebSite","@id":"https:\/\/www.paracelsus-magazin.ch\/de\/#website","url":"https:\/\/www.paracelsus-magazin.ch\/de\/","name":"Paracelsus Magazin","description":"Health &amp; Healing Magazin","publisher":{"@id":"https:\/\/www.paracelsus-magazin.ch\/de\/#organization"},"potentialAction":[{"@type":"SearchAction","target":{"@type":"EntryPoint","urlTemplate":"https:\/\/www.paracelsus-magazin.ch\/de\/?s={search_term_string}"},"query-input":{"@type":"PropertyValueSpecification","valueRequired":true,"valueName":"search_term_string"}}],"inLanguage":"de"},{"@type":"Organization","@id":"https:\/\/www.paracelsus-magazin.ch\/de\/#organization","name":"Paracelsus Magazin","url":"https:\/\/www.paracelsus-magazin.ch\/de\/","logo":{"@type":"ImageObject","inLanguage":"de","@id":"https:\/\/www.paracelsus-magazin.ch\/de\/#\/schema\/logo\/image\/","url":"https:\/\/www.paracelsus-magazin.ch\/wp-content\/uploads\/2023\/08\/logo-paracelsus-magazin-sqaure.jpg","contentUrl":"https:\/\/www.paracelsus-magazin.ch\/wp-content\/uploads\/2023\/08\/logo-paracelsus-magazin-sqaure.jpg","width":696,"height":696,"caption":"Paracelsus Magazin"},"image":{"@id":"https:\/\/www.paracelsus-magazin.ch\/de\/#\/schema\/logo\/image\/"},"sameAs":["https:\/\/www.facebook.com\/Paracelsus-Magazin-436487499874780\/"]},{"@type":"Person","@id":"https:\/\/www.paracelsus-magazin.ch\/de\/#\/schema\/person\/0693171cbf4191cde42cad5522966635","name":"Thomas Feichtinger","image":{"@type":"ImageObject","inLanguage":"de","@id":"https:\/\/secure.gravatar.com\/avatar\/3abdae389f43da9456e67598988452afa5f47f1f3e1a7aa78aac0ce09e1c426d?s=96&d=mm&r=g","url":"https:\/\/secure.gravatar.com\/avatar\/3abdae389f43da9456e67598988452afa5f47f1f3e1a7aa78aac0ce09e1c426d?s=96&d=mm&r=g","contentUrl":"https:\/\/secure.gravatar.com\/avatar\/3abdae389f43da9456e67598988452afa5f47f1f3e1a7aa78aac0ce09e1c426d?s=96&d=mm&r=g","caption":"Thomas Feichtinger"},"description":"Thomas Feichtinger wurde 1946 in Salzburg geboren und lebt in Zell am See. Nach jahrelanger Auseinandersetzung mit einer schweren Krankheit und ihrer Bew\u00e4ltigung, unter anderem mit Hilfe der Mineralstoffe nach Dr. Sch\u00fc\u00dfler, kann Thomas Feichtinger heute wieder arbeiten. Neben Lehrg\u00e4ngen in der Mineralstofflehre nach Dr. Sch\u00fc\u00dfler und der damit eng verkn\u00fcpften Antlitzanalyse nach Kurt Hickethier absolvierte er eine Ausbildung in Gestalttherapie und in Existenzanalyse und Logotherapie nach Viktor E. Frankl. Heute arbeitet er in der Erwachsenenbildung, in der Einzelberatung, ist erfolgreicher Buchautor und Ausbildungsleiter in der GBA.","sameAs":["http:\/\/www.gba.at"],"url":"https:\/\/www.paracelsus-magazin.ch\/de\/author\/feichtinger\/"}]}},"_links":{"self":[{"href":"https:\/\/www.paracelsus-magazin.ch\/de\/wp-json\/wp\/v2\/posts\/16011","targetHints":{"allow":["GET"]}}],"collection":[{"href":"https:\/\/www.paracelsus-magazin.ch\/de\/wp-json\/wp\/v2\/posts"}],"about":[{"href":"https:\/\/www.paracelsus-magazin.ch\/de\/wp-json\/wp\/v2\/types\/post"}],"author":[{"embeddable":true,"href":"https:\/\/www.paracelsus-magazin.ch\/de\/wp-json\/wp\/v2\/users\/10"}],"replies":[{"embeddable":true,"href":"https:\/\/www.paracelsus-magazin.ch\/de\/wp-json\/wp\/v2\/comments?post=16011"}],"version-history":[{"count":0,"href":"https:\/\/www.paracelsus-magazin.ch\/de\/wp-json\/wp\/v2\/posts\/16011\/revisions"}],"wp:featuredmedia":[{"embeddable":true,"href":"https:\/\/www.paracelsus-magazin.ch\/de\/wp-json\/wp\/v2\/media\/15740"}],"wp:attachment":[{"href":"https:\/\/www.paracelsus-magazin.ch\/de\/wp-json\/wp\/v2\/media?parent=16011"}],"wp:term":[{"taxonomy":"category","embeddable":true,"href":"https:\/\/www.paracelsus-magazin.ch\/de\/wp-json\/wp\/v2\/categories?post=16011"},{"taxonomy":"post_tag","embeddable":true,"href":"https:\/\/www.paracelsus-magazin.ch\/de\/wp-json\/wp\/v2\/tags?post=16011"}],"curies":[{"name":"wp","href":"https:\/\/api.w.org\/{rel}","templated":true}]}}