{"id":15582,"date":"2017-07-28T15:15:29","date_gmt":"2017-07-28T13:15:29","guid":{"rendered":"http:\/\/www.paracelsus-magazin.ch\/?p=15582\/"},"modified":"2022-11-08T17:06:03","modified_gmt":"2022-11-08T16:06:03","slug":"editorial-2017-4","status":"publish","type":"post","link":"https:\/\/www.paracelsus-magazin.ch\/de\/traditionelle-westliche-medizin\/editorial-2017-4\/","title":{"rendered":"Editorial 2017\/4"},"content":{"rendered":"<h2>M\u00f6ge jeder sich selbst verpflichten, gesund zu sein<\/h2>\n<p>&nbsp;<\/p>\n<p><em>\u201eIch bin gesund. Ich wecke den Heiler in mir, um mich zu heilen. Ich bin der Heiler. Ich heile mich selbst und andere.\u201c<\/em><\/p>\n<p>Solche Selbst-Affirmationen werden als n\u00fctzlich erachtet. In Wahrheit hat jeder einen Heiler in seinem Inneren. Man muss nur wissen, wie man seinen inneren Heiler wecken kann. Im Altertum wussten die Menschen, dass hinter allen medizinischen Heilmitteln, hinter richtiger Ern\u00e4hrung, sogar hinter dem Prana, der Heiler steht, der sogar in scheinbar problematischen Situationen heilen kann.<\/p>\n<p>Jeder, der im Bereich der Gesundheit arbeitet, muss die Kraft entwickeln, seinen inneren Heiler zu wecken und diese F\u00e4higkeit auch den Patienten vermitteln. Das ist ein gro\u00dfer Dienst. Selbst-Ermutigung und Glaube an sich selbst sind die Grundlagen, auf denen der Heiler geboren wird und sich im Inneren entwickeln kann. Um den Heiler im eigenen Inneren zu entwickeln, ist es hilfreich, ihn w\u00e4hrend des Sonnenaufgangs oder mittags im Schatten hoher B\u00e4ume bewusst herbeizurufen. Tats\u00e4chlich existieren F\u00e4den zwischen der Welt und der subtilen Welt und sie werden st\u00e4rker, wenn man das Leben im Glauben an sich selbst f\u00fchrt. Mit der richtigen Ausrichtung kann man den Heiler innen und au\u00dfen erwecken.<\/p>\n<p>Zum Guten der Menschheit kann sich jedermann darum bem\u00fchen, den Heiler im Inneren zu entwickeln und danach streben, seine Ausstrahlung und seinen Magnetismus immer st\u00e4rker zu entfalten.<\/p>\n<p><em>\u201eDu solltest einen Heiler in dir haben und ein Heiler f\u00fcr deine Umgebung sein\u201c<\/em>, lautet eine okkulte Aussage, die man mit Hilfe der Willenskraft Wirklichkeit werden lassen kann. Es ist das Gesetz der Natur, dass Patienten gesund und sogar selbst Heiler werden k\u00f6nnen, wenn sie es wollen.<\/p>\n<p>Um den inneren Heiler zu entwickeln, ist es hilfreich, t\u00e4glich das goldene und diamantene Sonnenlicht anzurufen, frisches Wasser zu trinken, reichlich Sauerstoff zu atmen sowie leichte und frische Nahrung zu essen. Au\u00dferdem ist die Anrufung des OM (AUM) 21 Mal w\u00e4hrend der Morgend\u00e4mmerung, um die Mittagszeit und in der Abendd\u00e4mmerung f\u00f6rderlich. Der Klang OM (AUM), die goldene Farbe und das Symbol des Kreises mit einem Punkt in der Mitte sind Hilfsmittel, um den inneren Heiler anzurufen, \u00a0zu entwickeln und in der \u00e4u\u00dferen Welt zu heilen.<\/p>\n","protected":false},"excerpt":{"rendered":"<p>M\u00f6ge jeder sich selbst verpflichten, gesund zu sein &nbsp; \u201eIch bin gesund. Ich wecke den Heiler in mir, um mich zu heilen. Ich bin der Heiler. Ich heile mich selbst und andere.\u201c Solche Selbst-Affirmationen werden als n\u00fctzlich erachtet. In Wahrheit hat jeder einen Heiler in seinem Inneren. Man muss nur wissen, wie man seinen inneren Heiler wecken kann. Im Altertum wussten die Menschen, dass hinter allen medizinischen Heilmitteln, hinter richtiger Ern\u00e4hrung, sogar hinter dem Prana, der Heiler steht, der sogar in scheinbar problematischen Situationen heilen kann. Jeder, der im Bereich der Gesundheit arbeitet, muss die Kraft entwickeln, seinen inneren Heiler zu wecken und diese F\u00e4higkeit auch den Patienten vermitteln. Das ist ein gro\u00dfer Dienst. Selbst-Ermutigung und Glaube an sich selbst sind die Grundlagen, auf denen der Heiler geboren wird und sich im Inneren entwickeln kann. Um den Heiler im eigenen Inneren zu entwickeln, ist es hilfreich, ihn w\u00e4hrend des Sonnenaufgangs oder mittags im Schatten hoher B\u00e4ume bewusst herbeizurufen. Tats\u00e4chlich existieren F\u00e4den zwischen der Welt und der subtilen Welt und sie werden st\u00e4rker, wenn man das Leben im Glauben an sich selbst f\u00fchrt. Mit der richtigen Ausrichtung kann man den Heiler innen und au\u00dfen erwecken. Zum Guten der Menschheit kann sich [&hellip;]<\/p>\n","protected":false},"author":8,"featured_media":15489,"comment_status":"closed","ping_status":"closed","sticky":false,"template":"","format":"standard","meta":{"footnotes":""},"categories":[437],"tags":[601],"class_list":["post-15582","post","type-post","status-publish","format-standard","has-post-thumbnail","hentry","category-traditionelle-westliche-medizin","tag-editorial-de"],"yoast_head":"<!-- This site is optimized with the Yoast SEO plugin v27.5 - https:\/\/yoast.com\/product\/yoast-seo-wordpress\/ -->\n<title>Editorial 2017\/4 - Paracelsus Magazin<\/title>\n<meta name=\"robots\" content=\"index, follow, max-snippet:-1, max-image-preview:large, max-video-preview:-1\" \/>\n<link rel=\"canonical\" href=\"https:\/\/www.paracelsus-magazin.ch\/de\/traditionelle-westliche-medizin\/editorial-2017-4\/\" \/>\n<meta property=\"og:locale\" content=\"de_DE\" \/>\n<meta property=\"og:type\" content=\"article\" \/>\n<meta property=\"og:title\" content=\"Editorial 2017\/4 - Paracelsus Magazin\" \/>\n<meta property=\"og:description\" content=\"M\u00f6ge jeder sich selbst verpflichten, gesund zu sein &nbsp; \u201eIch bin gesund. Ich wecke den Heiler in mir, um mich zu heilen. Ich bin der Heiler. Ich heile mich selbst und andere.\u201c Solche Selbst-Affirmationen werden als n\u00fctzlich erachtet. In Wahrheit hat jeder einen Heiler in seinem Inneren. Man muss nur wissen, wie man seinen inneren Heiler wecken kann. Im Altertum wussten die Menschen, dass hinter allen medizinischen Heilmitteln, hinter richtiger Ern\u00e4hrung, sogar hinter dem Prana, der Heiler steht, der sogar in scheinbar problematischen Situationen heilen kann. Jeder, der im Bereich der Gesundheit arbeitet, muss die Kraft entwickeln, seinen inneren Heiler zu wecken und diese F\u00e4higkeit auch den Patienten vermitteln. Das ist ein gro\u00dfer Dienst. Selbst-Ermutigung und Glaube an sich selbst sind die Grundlagen, auf denen der Heiler geboren wird und sich im Inneren entwickeln kann. Um den Heiler im eigenen Inneren zu entwickeln, ist es hilfreich, ihn w\u00e4hrend des Sonnenaufgangs oder mittags im Schatten hoher B\u00e4ume bewusst herbeizurufen. Tats\u00e4chlich existieren F\u00e4den zwischen der Welt und der subtilen Welt und sie werden st\u00e4rker, wenn man das Leben im Glauben an sich selbst f\u00fchrt. Mit der richtigen Ausrichtung kann man den Heiler innen und au\u00dfen erwecken. Zum Guten der Menschheit kann sich [&hellip;]\" \/>\n<meta property=\"og:url\" content=\"https:\/\/www.paracelsus-magazin.ch\/de\/traditionelle-westliche-medizin\/editorial-2017-4\/\" \/>\n<meta property=\"og:site_name\" content=\"Paracelsus Magazin\" \/>\n<meta property=\"article:publisher\" content=\"https:\/\/www.facebook.com\/Paracelsus-Magazin-436487499874780\/\" \/>\n<meta property=\"article:published_time\" content=\"2017-07-28T13:15:29+00:00\" \/>\n<meta property=\"article:modified_time\" content=\"2022-11-08T16:06:03+00:00\" \/>\n<meta property=\"og:image\" content=\"https:\/\/www.paracelsus-magazin.ch\/wp-content\/uploads\/2017\/06\/Editorial-173kyle-szegedi.jpg\" \/>\n\t<meta property=\"og:image:width\" content=\"1200\" \/>\n\t<meta property=\"og:image:height\" content=\"770\" \/>\n\t<meta property=\"og:image:type\" content=\"image\/jpeg\" \/>\n<meta name=\"author\" content=\"Dr. K. Parvathi Kumar\" \/>\n<meta name=\"twitter:card\" content=\"summary_large_image\" \/>\n<meta name=\"twitter:label1\" content=\"Verfasst von\" \/>\n\t<meta name=\"twitter:data1\" content=\"Prof. Dr. h.c. K. Parvathi Kumar\" \/>\n\t<meta name=\"twitter:label2\" content=\"Gesch\u00e4tzte Lesezeit\" \/>\n\t<meta name=\"twitter:data2\" content=\"2\u00a0Minuten\" \/>\n<script type=\"application\/ld+json\" class=\"yoast-schema-graph\">{\"@context\":\"https:\\\/\\\/schema.org\",\"@graph\":[{\"@type\":\"Article\",\"@id\":\"https:\\\/\\\/www.paracelsus-magazin.ch\\\/de\\\/traditionelle-westliche-medizin\\\/editorial-2017-4\\\/#article\",\"isPartOf\":{\"@id\":\"https:\\\/\\\/www.paracelsus-magazin.ch\\\/de\\\/traditionelle-westliche-medizin\\\/editorial-2017-4\\\/\"},\"author\":{\"name\":\"Dr. K. Parvathi Kumar\",\"@id\":\"https:\\\/\\\/www.paracelsus-magazin.ch\\\/de\\\/#\\\/schema\\\/person\\\/07b7373659a2566a075f6e3ba3f25a2e\"},\"headline\":\"Editorial 2017\\\/4\",\"datePublished\":\"2017-07-28T13:15:29+00:00\",\"dateModified\":\"2022-11-08T16:06:03+00:00\",\"mainEntityOfPage\":{\"@id\":\"https:\\\/\\\/www.paracelsus-magazin.ch\\\/de\\\/traditionelle-westliche-medizin\\\/editorial-2017-4\\\/\"},\"wordCount\":376,\"publisher\":{\"@id\":\"https:\\\/\\\/www.paracelsus-magazin.ch\\\/de\\\/#organization\"},\"image\":{\"@id\":\"https:\\\/\\\/www.paracelsus-magazin.ch\\\/de\\\/traditionelle-westliche-medizin\\\/editorial-2017-4\\\/#primaryimage\"},\"thumbnailUrl\":\"https:\\\/\\\/www.paracelsus-magazin.ch\\\/wp-content\\\/uploads\\\/2017\\\/06\\\/Editorial-173kyle-szegedi.jpg\",\"keywords\":[\"Editorial\"],\"articleSection\":[\"Traditionelle Westliche Medizin\"],\"inLanguage\":\"de\"},{\"@type\":\"WebPage\",\"@id\":\"https:\\\/\\\/www.paracelsus-magazin.ch\\\/de\\\/traditionelle-westliche-medizin\\\/editorial-2017-4\\\/\",\"url\":\"https:\\\/\\\/www.paracelsus-magazin.ch\\\/de\\\/traditionelle-westliche-medizin\\\/editorial-2017-4\\\/\",\"name\":\"Editorial 2017\\\/4 - Paracelsus Magazin\",\"isPartOf\":{\"@id\":\"https:\\\/\\\/www.paracelsus-magazin.ch\\\/de\\\/#website\"},\"primaryImageOfPage\":{\"@id\":\"https:\\\/\\\/www.paracelsus-magazin.ch\\\/de\\\/traditionelle-westliche-medizin\\\/editorial-2017-4\\\/#primaryimage\"},\"image\":{\"@id\":\"https:\\\/\\\/www.paracelsus-magazin.ch\\\/de\\\/traditionelle-westliche-medizin\\\/editorial-2017-4\\\/#primaryimage\"},\"thumbnailUrl\":\"https:\\\/\\\/www.paracelsus-magazin.ch\\\/wp-content\\\/uploads\\\/2017\\\/06\\\/Editorial-173kyle-szegedi.jpg\",\"datePublished\":\"2017-07-28T13:15:29+00:00\",\"dateModified\":\"2022-11-08T16:06:03+00:00\",\"breadcrumb\":{\"@id\":\"https:\\\/\\\/www.paracelsus-magazin.ch\\\/de\\\/traditionelle-westliche-medizin\\\/editorial-2017-4\\\/#breadcrumb\"},\"inLanguage\":\"de\",\"potentialAction\":[{\"@type\":\"ReadAction\",\"target\":[\"https:\\\/\\\/www.paracelsus-magazin.ch\\\/de\\\/traditionelle-westliche-medizin\\\/editorial-2017-4\\\/\"]}]},{\"@type\":\"ImageObject\",\"inLanguage\":\"de\",\"@id\":\"https:\\\/\\\/www.paracelsus-magazin.ch\\\/de\\\/traditionelle-westliche-medizin\\\/editorial-2017-4\\\/#primaryimage\",\"url\":\"https:\\\/\\\/www.paracelsus-magazin.ch\\\/wp-content\\\/uploads\\\/2017\\\/06\\\/Editorial-173kyle-szegedi.jpg\",\"contentUrl\":\"https:\\\/\\\/www.paracelsus-magazin.ch\\\/wp-content\\\/uploads\\\/2017\\\/06\\\/Editorial-173kyle-szegedi.jpg\",\"width\":1200,\"height\":770},{\"@type\":\"BreadcrumbList\",\"@id\":\"https:\\\/\\\/www.paracelsus-magazin.ch\\\/de\\\/traditionelle-westliche-medizin\\\/editorial-2017-4\\\/#breadcrumb\",\"itemListElement\":[{\"@type\":\"ListItem\",\"position\":1,\"name\":\"Startseite\",\"item\":\"https:\\\/\\\/www.paracelsus-magazin.ch\\\/de\\\/\"},{\"@type\":\"ListItem\",\"position\":2,\"name\":\"Editorial 2017\\\/4\"}]},{\"@type\":\"WebSite\",\"@id\":\"https:\\\/\\\/www.paracelsus-magazin.ch\\\/de\\\/#website\",\"url\":\"https:\\\/\\\/www.paracelsus-magazin.ch\\\/de\\\/\",\"name\":\"Paracelsus Magazin\",\"description\":\"Health &amp; Healing Magazin\",\"publisher\":{\"@id\":\"https:\\\/\\\/www.paracelsus-magazin.ch\\\/de\\\/#organization\"},\"potentialAction\":[{\"@type\":\"SearchAction\",\"target\":{\"@type\":\"EntryPoint\",\"urlTemplate\":\"https:\\\/\\\/www.paracelsus-magazin.ch\\\/de\\\/?s={search_term_string}\"},\"query-input\":{\"@type\":\"PropertyValueSpecification\",\"valueRequired\":true,\"valueName\":\"search_term_string\"}}],\"inLanguage\":\"de\"},{\"@type\":\"Organization\",\"@id\":\"https:\\\/\\\/www.paracelsus-magazin.ch\\\/de\\\/#organization\",\"name\":\"Paracelsus Magazin\",\"url\":\"https:\\\/\\\/www.paracelsus-magazin.ch\\\/de\\\/\",\"logo\":{\"@type\":\"ImageObject\",\"inLanguage\":\"de\",\"@id\":\"https:\\\/\\\/www.paracelsus-magazin.ch\\\/de\\\/#\\\/schema\\\/logo\\\/image\\\/\",\"url\":\"https:\\\/\\\/www.paracelsus-magazin.ch\\\/wp-content\\\/uploads\\\/2023\\\/08\\\/logo-paracelsus-magazin-sqaure.jpg\",\"contentUrl\":\"https:\\\/\\\/www.paracelsus-magazin.ch\\\/wp-content\\\/uploads\\\/2023\\\/08\\\/logo-paracelsus-magazin-sqaure.jpg\",\"width\":696,\"height\":696,\"caption\":\"Paracelsus Magazin\"},\"image\":{\"@id\":\"https:\\\/\\\/www.paracelsus-magazin.ch\\\/de\\\/#\\\/schema\\\/logo\\\/image\\\/\"},\"sameAs\":[\"https:\\\/\\\/www.facebook.com\\\/Paracelsus-Magazin-436487499874780\\\/\"]},{\"@type\":\"Person\",\"@id\":\"https:\\\/\\\/www.paracelsus-magazin.ch\\\/de\\\/#\\\/schema\\\/person\\\/07b7373659a2566a075f6e3ba3f25a2e\",\"name\":\"Dr. K. Parvathi Kumar\",\"image\":{\"@type\":\"ImageObject\",\"inLanguage\":\"de\",\"@id\":\"https:\\\/\\\/secure.gravatar.com\\\/avatar\\\/068bd8d9c7be9d2c0e101356a703b827831d0699a1b1df27fbd55f1d14cfc2a8?s=96&d=mm&r=g\",\"url\":\"https:\\\/\\\/secure.gravatar.com\\\/avatar\\\/068bd8d9c7be9d2c0e101356a703b827831d0699a1b1df27fbd55f1d14cfc2a8?s=96&d=mm&r=g\",\"contentUrl\":\"https:\\\/\\\/secure.gravatar.com\\\/avatar\\\/068bd8d9c7be9d2c0e101356a703b827831d0699a1b1df27fbd55f1d14cfc2a8?s=96&d=mm&r=g\",\"caption\":\"Dr. K. Parvathi Kumar\"},\"description\":\"Prof. Dr. h.c. K. Parvathi Kumar is the author of more than 100 books. He has held over 500 seminars on five continents. His topics include meditation, yoga, philosophy, astrology, healing, colour, sound, symbolism of world scriptures, time cycles, and many more. Dr. K.Parvathi Kumar left his physical body in November 2022.\",\"url\":\"https:\\\/\\\/www.paracelsus-magazin.ch\\\/de\\\/author\\\/parvathi-kumar\\\/\"}]}<\/script>\n<!-- \/ Yoast SEO plugin. -->","yoast_head_json":{"title":"Editorial 2017\/4 - Paracelsus Magazin","robots":{"index":"index","follow":"follow","max-snippet":"max-snippet:-1","max-image-preview":"max-image-preview:large","max-video-preview":"max-video-preview:-1"},"canonical":"https:\/\/www.paracelsus-magazin.ch\/de\/traditionelle-westliche-medizin\/editorial-2017-4\/","og_locale":"de_DE","og_type":"article","og_title":"Editorial 2017\/4 - Paracelsus Magazin","og_description":"M\u00f6ge jeder sich selbst verpflichten, gesund zu sein &nbsp; \u201eIch bin gesund. Ich wecke den Heiler in mir, um mich zu heilen. Ich bin der Heiler. Ich heile mich selbst und andere.\u201c Solche Selbst-Affirmationen werden als n\u00fctzlich erachtet. In Wahrheit hat jeder einen Heiler in seinem Inneren. Man muss nur wissen, wie man seinen inneren Heiler wecken kann. Im Altertum wussten die Menschen, dass hinter allen medizinischen Heilmitteln, hinter richtiger Ern\u00e4hrung, sogar hinter dem Prana, der Heiler steht, der sogar in scheinbar problematischen Situationen heilen kann. Jeder, der im Bereich der Gesundheit arbeitet, muss die Kraft entwickeln, seinen inneren Heiler zu wecken und diese F\u00e4higkeit auch den Patienten vermitteln. Das ist ein gro\u00dfer Dienst. Selbst-Ermutigung und Glaube an sich selbst sind die Grundlagen, auf denen der Heiler geboren wird und sich im Inneren entwickeln kann. Um den Heiler im eigenen Inneren zu entwickeln, ist es hilfreich, ihn w\u00e4hrend des Sonnenaufgangs oder mittags im Schatten hoher B\u00e4ume bewusst herbeizurufen. Tats\u00e4chlich existieren F\u00e4den zwischen der Welt und der subtilen Welt und sie werden st\u00e4rker, wenn man das Leben im Glauben an sich selbst f\u00fchrt. Mit der richtigen Ausrichtung kann man den Heiler innen und au\u00dfen erwecken. Zum Guten der Menschheit kann sich [&hellip;]","og_url":"https:\/\/www.paracelsus-magazin.ch\/de\/traditionelle-westliche-medizin\/editorial-2017-4\/","og_site_name":"Paracelsus Magazin","article_publisher":"https:\/\/www.facebook.com\/Paracelsus-Magazin-436487499874780\/","article_published_time":"2017-07-28T13:15:29+00:00","article_modified_time":"2022-11-08T16:06:03+00:00","og_image":[{"width":1200,"height":770,"url":"https:\/\/www.paracelsus-magazin.ch\/wp-content\/uploads\/2017\/06\/Editorial-173kyle-szegedi.jpg","type":"image\/jpeg"}],"author":"Dr. K. Parvathi Kumar","twitter_card":"summary_large_image","twitter_misc":{"Verfasst von":"Prof. Dr. h.c. K. Parvathi Kumar","Gesch\u00e4tzte Lesezeit":"2\u00a0Minuten"},"schema":{"@context":"https:\/\/schema.org","@graph":[{"@type":"Article","@id":"https:\/\/www.paracelsus-magazin.ch\/de\/traditionelle-westliche-medizin\/editorial-2017-4\/#article","isPartOf":{"@id":"https:\/\/www.paracelsus-magazin.ch\/de\/traditionelle-westliche-medizin\/editorial-2017-4\/"},"author":{"name":"Dr. K. Parvathi Kumar","@id":"https:\/\/www.paracelsus-magazin.ch\/de\/#\/schema\/person\/07b7373659a2566a075f6e3ba3f25a2e"},"headline":"Editorial 2017\/4","datePublished":"2017-07-28T13:15:29+00:00","dateModified":"2022-11-08T16:06:03+00:00","mainEntityOfPage":{"@id":"https:\/\/www.paracelsus-magazin.ch\/de\/traditionelle-westliche-medizin\/editorial-2017-4\/"},"wordCount":376,"publisher":{"@id":"https:\/\/www.paracelsus-magazin.ch\/de\/#organization"},"image":{"@id":"https:\/\/www.paracelsus-magazin.ch\/de\/traditionelle-westliche-medizin\/editorial-2017-4\/#primaryimage"},"thumbnailUrl":"https:\/\/www.paracelsus-magazin.ch\/wp-content\/uploads\/2017\/06\/Editorial-173kyle-szegedi.jpg","keywords":["Editorial"],"articleSection":["Traditionelle Westliche Medizin"],"inLanguage":"de"},{"@type":"WebPage","@id":"https:\/\/www.paracelsus-magazin.ch\/de\/traditionelle-westliche-medizin\/editorial-2017-4\/","url":"https:\/\/www.paracelsus-magazin.ch\/de\/traditionelle-westliche-medizin\/editorial-2017-4\/","name":"Editorial 2017\/4 - Paracelsus Magazin","isPartOf":{"@id":"https:\/\/www.paracelsus-magazin.ch\/de\/#website"},"primaryImageOfPage":{"@id":"https:\/\/www.paracelsus-magazin.ch\/de\/traditionelle-westliche-medizin\/editorial-2017-4\/#primaryimage"},"image":{"@id":"https:\/\/www.paracelsus-magazin.ch\/de\/traditionelle-westliche-medizin\/editorial-2017-4\/#primaryimage"},"thumbnailUrl":"https:\/\/www.paracelsus-magazin.ch\/wp-content\/uploads\/2017\/06\/Editorial-173kyle-szegedi.jpg","datePublished":"2017-07-28T13:15:29+00:00","dateModified":"2022-11-08T16:06:03+00:00","breadcrumb":{"@id":"https:\/\/www.paracelsus-magazin.ch\/de\/traditionelle-westliche-medizin\/editorial-2017-4\/#breadcrumb"},"inLanguage":"de","potentialAction":[{"@type":"ReadAction","target":["https:\/\/www.paracelsus-magazin.ch\/de\/traditionelle-westliche-medizin\/editorial-2017-4\/"]}]},{"@type":"ImageObject","inLanguage":"de","@id":"https:\/\/www.paracelsus-magazin.ch\/de\/traditionelle-westliche-medizin\/editorial-2017-4\/#primaryimage","url":"https:\/\/www.paracelsus-magazin.ch\/wp-content\/uploads\/2017\/06\/Editorial-173kyle-szegedi.jpg","contentUrl":"https:\/\/www.paracelsus-magazin.ch\/wp-content\/uploads\/2017\/06\/Editorial-173kyle-szegedi.jpg","width":1200,"height":770},{"@type":"BreadcrumbList","@id":"https:\/\/www.paracelsus-magazin.ch\/de\/traditionelle-westliche-medizin\/editorial-2017-4\/#breadcrumb","itemListElement":[{"@type":"ListItem","position":1,"name":"Startseite","item":"https:\/\/www.paracelsus-magazin.ch\/de\/"},{"@type":"ListItem","position":2,"name":"Editorial 2017\/4"}]},{"@type":"WebSite","@id":"https:\/\/www.paracelsus-magazin.ch\/de\/#website","url":"https:\/\/www.paracelsus-magazin.ch\/de\/","name":"Paracelsus Magazin","description":"Health &amp; Healing Magazin","publisher":{"@id":"https:\/\/www.paracelsus-magazin.ch\/de\/#organization"},"potentialAction":[{"@type":"SearchAction","target":{"@type":"EntryPoint","urlTemplate":"https:\/\/www.paracelsus-magazin.ch\/de\/?s={search_term_string}"},"query-input":{"@type":"PropertyValueSpecification","valueRequired":true,"valueName":"search_term_string"}}],"inLanguage":"de"},{"@type":"Organization","@id":"https:\/\/www.paracelsus-magazin.ch\/de\/#organization","name":"Paracelsus Magazin","url":"https:\/\/www.paracelsus-magazin.ch\/de\/","logo":{"@type":"ImageObject","inLanguage":"de","@id":"https:\/\/www.paracelsus-magazin.ch\/de\/#\/schema\/logo\/image\/","url":"https:\/\/www.paracelsus-magazin.ch\/wp-content\/uploads\/2023\/08\/logo-paracelsus-magazin-sqaure.jpg","contentUrl":"https:\/\/www.paracelsus-magazin.ch\/wp-content\/uploads\/2023\/08\/logo-paracelsus-magazin-sqaure.jpg","width":696,"height":696,"caption":"Paracelsus Magazin"},"image":{"@id":"https:\/\/www.paracelsus-magazin.ch\/de\/#\/schema\/logo\/image\/"},"sameAs":["https:\/\/www.facebook.com\/Paracelsus-Magazin-436487499874780\/"]},{"@type":"Person","@id":"https:\/\/www.paracelsus-magazin.ch\/de\/#\/schema\/person\/07b7373659a2566a075f6e3ba3f25a2e","name":"Dr. K. Parvathi Kumar","image":{"@type":"ImageObject","inLanguage":"de","@id":"https:\/\/secure.gravatar.com\/avatar\/068bd8d9c7be9d2c0e101356a703b827831d0699a1b1df27fbd55f1d14cfc2a8?s=96&d=mm&r=g","url":"https:\/\/secure.gravatar.com\/avatar\/068bd8d9c7be9d2c0e101356a703b827831d0699a1b1df27fbd55f1d14cfc2a8?s=96&d=mm&r=g","contentUrl":"https:\/\/secure.gravatar.com\/avatar\/068bd8d9c7be9d2c0e101356a703b827831d0699a1b1df27fbd55f1d14cfc2a8?s=96&d=mm&r=g","caption":"Dr. K. Parvathi Kumar"},"description":"Prof. Dr. h.c. K. Parvathi Kumar is the author of more than 100 books. He has held over 500 seminars on five continents. His topics include meditation, yoga, philosophy, astrology, healing, colour, sound, symbolism of world scriptures, time cycles, and many more. Dr. K.Parvathi Kumar left his physical body in November 2022.","url":"https:\/\/www.paracelsus-magazin.ch\/de\/author\/parvathi-kumar\/"}]}},"_links":{"self":[{"href":"https:\/\/www.paracelsus-magazin.ch\/de\/wp-json\/wp\/v2\/posts\/15582","targetHints":{"allow":["GET"]}}],"collection":[{"href":"https:\/\/www.paracelsus-magazin.ch\/de\/wp-json\/wp\/v2\/posts"}],"about":[{"href":"https:\/\/www.paracelsus-magazin.ch\/de\/wp-json\/wp\/v2\/types\/post"}],"author":[{"embeddable":true,"href":"https:\/\/www.paracelsus-magazin.ch\/de\/wp-json\/wp\/v2\/users\/8"}],"replies":[{"embeddable":true,"href":"https:\/\/www.paracelsus-magazin.ch\/de\/wp-json\/wp\/v2\/comments?post=15582"}],"version-history":[{"count":0,"href":"https:\/\/www.paracelsus-magazin.ch\/de\/wp-json\/wp\/v2\/posts\/15582\/revisions"}],"wp:featuredmedia":[{"embeddable":true,"href":"https:\/\/www.paracelsus-magazin.ch\/de\/wp-json\/wp\/v2\/media\/15489"}],"wp:attachment":[{"href":"https:\/\/www.paracelsus-magazin.ch\/de\/wp-json\/wp\/v2\/media?parent=15582"}],"wp:term":[{"taxonomy":"category","embeddable":true,"href":"https:\/\/www.paracelsus-magazin.ch\/de\/wp-json\/wp\/v2\/categories?post=15582"},{"taxonomy":"post_tag","embeddable":true,"href":"https:\/\/www.paracelsus-magazin.ch\/de\/wp-json\/wp\/v2\/tags?post=15582"}],"curies":[{"name":"wp","href":"https:\/\/api.w.org\/{rel}","templated":true}]}}