{"id":13231,"date":"2017-01-04T15:08:19","date_gmt":"2017-01-04T14:08:19","guid":{"rendered":"http:\/\/www.paracelsus-magazin.ch\/?p=13231"},"modified":"2022-09-05T19:16:23","modified_gmt":"2022-09-05T17:16:23","slug":"im-ein-klang-sein-klaenge-beruehren-und-bewegen","status":"publish","type":"post","link":"https:\/\/www.paracelsus-magazin.ch\/de\/traditionelle-westliche-medizin\/im-ein-klang-sein-klaenge-beruehren-und-bewegen\/","title":{"rendered":"Im Ein-Klang sein &#8211; Kl\u00e4nge ber\u00fchren und bewegen"},"content":{"rendered":"<p>&nbsp;<\/p>\n<h2>Nada Brahma &#8211; die Welt ist Klang<\/h2>\n<p>In den verschiedensten Kulturen spiegelt sich die Wirkung von Kl\u00e4ngen f\u00fcr das Leben des Menschen wider. Seit \u00fcber 5000 Jahren spielen Gongs und Kl\u00e4nge beispielsweise in der indischen Heilkunst eine gro\u00dfe Rolle. Man geht dort davon aus, dass jeder Mensch aus Klang entstanden ist und seinen eigenen, individuellen Klang hat \u2013 also selbst Klang ist. Ist der Mensch mit sich und seinem Umfeld im \u201eEin-Klang\u201c, kann er sein Leben frei, liebevoll und mit Freude gestalten.<\/p>\n<p>&nbsp;<\/p>\n<h3>Was ist \u00fcberhaupt Klang?<\/h3>\n<p>Klang ist mehr als nur ein Teil von Musik. Er ist eines der drei Grundelemente, neben Rhythmus und Melodie.<\/p>\n<p>Rein physikalisch gesehen, ist Klang eine Schwingung, ein akustisches Signal, das durch Schall \u00fcbertragen wird.<\/p>\n<p>Die Schallwelle breitet sich durch eine Hin- und Her-Bewegung aus, wobei dazu Gase, Fl\u00fcssigkeiten oder Festk\u00f6rper ben\u00f6tigt werden. Nimmt man z.B. eine Klangschale und schlegelt sie sanft an, beginnt diese zu vibrieren und die Luft in ihrer unmittelbaren Umgebung setzt sich in Bewegung. Dies ist gut zu sehen, wenn Wasser in eine Klangschale gef\u00fcllt wird.<\/p>\n<p>Wasser leitet den Schall noch schneller weiter als Luft und da unser K\u00f6rper zu mehr als 80% aus Fl\u00fcssigkeit besteht, kann man sich gut vorstellen, wie sich der Schall einer angeschlagenen Klangschale in ihm ausbreitet.<\/p>\n<p>Die westliche Methode der Klangmassage wurde 1984 von Peter Hess als ganzheitliche Entspannungsmethode entwickelt. Nach und nach entstanden verschiedene Klangmethoden, die in unterschiedlichsten Arbeitsfeldern, wie Beratung, Therapie, Wellness und Pr\u00e4vention, Anwendung fanden.<\/p>\n<p>Bei einer Klangmassage mit Klangschalen, die nachfolgend noch genauer beschrieben wird, nutzen wir die Luft und den K\u00f6rper, um den Schall weiterzuleiten. Das akustische Signal wird \u00fcber die Ohren und gleichzeitig als vibro-taktiler Reiz direkt \u00fcber den K\u00f6rper aufgenommen, an das Gehirn weitergegeben und dort verarbeitet.<\/p>\n<p>Der Klang einer Klangschale ist abh\u00e4ngig von der Materialzusammensetzung, dem Herstellungsprozess, sowie von Form, Radius und H\u00f6he der Schale.<\/p>\n<p>Darum wirken Klangschalen auch sehr unterschiedlich.<\/p>\n<p>Die Klangmassage, die in den 80er Jahren entwickelt wurde und bei der unterschiedlich klingende Therapie-Klangschalen, die mit verschiedenen Metallen angereichert sind, eingesetzt werden, wird heute erfolgreich als ganzheitliche Methode zur tiefen Entspannung, sowie zur Unterst\u00fctzung in schwierigen Lern- und Lebensphasen eingesetzt.<\/p>\n<p>Die unterschiedlichen Klangmethoden werden durch Forschung und Praxis st\u00e4ndig weiter entwickelt und ihre Wirksamkeit durch wissenschaftliche Studien belegt.<\/p>\n<p>&nbsp;<\/p>\n<h3>Was geschieht bei einer Klangmassage?<\/h3>\n<p>Bei einer Klangmassage werden Klangschalen auf oder neben den bekleideten K\u00f6rper aufgestellt und behutsam angeschlagen.<\/p>\n<p>Wenn man einen Stein ins Wasser fallen l\u00e4sst, bilden sich Kreise, die sogenannten konzentrischen Wellen. Jedes Molek\u00fcl des Wassers wird dadurch in Bewegung versetzt. \u00c4hnliches geschieht bei einer Klangmassage im K\u00f6rper.<\/p>\n<p>Die harmonischen Kl\u00e4nge werden \u00fcber das Geh\u00f6r aufgenommen und in der Regel als beruhigend und wohltuend empfunden. Werden die Klangschalen auf den K\u00f6rper aufgesetzt, \u00fcbertragen sich die Schwingungen und erzeugen eine leichte Vibration. Die sanften Klangschwingungen breiten sich durch die K\u00f6rperfl\u00fcssigkeiten, das Gewebe, die Muskeln und Sehnen, die Knochen, K\u00f6rperhohlr\u00e4ume und Organe aus und stimulieren den gesamten K\u00f6rper.<\/p>\n<p>\u201eBlockaden\u201c k\u00f6nnen sich sanft l\u00f6sen.<\/p>\n<p>Durch eine Atmosph\u00e4re von Geborgenheit werden die Selbstheilungskr\u00e4fte von K\u00f6rper und Seele intensiviert und das Urvertrauen angesprochen. Dadurch kann die K\u00f6rperwahrnehmung verbessert und die Kreativit\u00e4t und das Selbstbewusstsein gest\u00e4rkt werden.<\/p>\n<p>Die Peter Hess \u2013 Klangmethoden zielen dabei stets auf die St\u00e4rkung des Gesunden und gut Funktionierenden.<\/p>\n<p>Der Fokus wird dabei immer auf den ganzen Menschen mit all seinen F\u00e4higkeiten und seinem Wissen gerichtet, auch wenn ihm diese Ressourcen in manchen Lebenslagen nicht zug\u00e4nglich sind. Tempo, Intensit\u00e4t und Wegrichtung in den Klangsitzungen ergeben sich immer in Abstimmung auf die Bed\u00fcrfnisse des Klienten.<\/p>\n<h3>Unser Motto lautet dabei: Weniger ist Mehr !<\/h3>\n<p>Es geht weniger um ein zielgerichtetes Handeln, als vielmehr um die achtsame und liebevolle Begleitung eines Klienten auf seinem individuellen Weg.<\/p>\n<p>&nbsp;<\/p>\n<h3>Das Instrument Klangschale<\/h3>\n<p>Der \u00f6stliche Kulturkreis und das Himalaya-Gebiet gelten als Ursprung der Klangschalen. Urspr\u00fcnglich wurden sie zur Aufbewahrung von Speisen oder Opfergaben genutzt.<\/p>\n<p>Es gibt unz\u00e4hlige verschiedene Formen und Gr\u00f6\u00dfen von Klangschalen, die aus unterschiedlichen Materialien gefertigt werden. Am bekanntesten sind die Bronzeschalen.<\/p>\n<p>&nbsp;<\/p>\n<h3>Herstellung<\/h3>\n<p>Die eigens von Peter Hess entwickelten Therapieklangschalen werden aus einer hochwertigen Bronze gefertigt und durch weitere Metalle angereichert.<\/p>\n<p>Aus der Legierung wird eine dicke Scheibe gegossen, der Rohling. Aus dem Rohling wird nach und nach eine Klangschale getrieben. Dabei wird er bis zu 100 Mal im Feuer zum Gl\u00fchen gebracht.<\/p>\n<p>Bis zu sechs Handwerker begleiten den Schmiedeprozess. Der gew\u00fcnschte H\u00e4rtegrad der Klangschale wird durch spezielle Schmiedetechniken erreicht. Den guten Klang erh\u00e4lt sie durch mehrfaches Gl\u00fchen und Abschrecken. Per Hand wird dann die Schale ausgeschabt, wodurch die Schale gereinigt wird und ihre gl\u00e4nzende Oberfl\u00e4che erh\u00e4lt.<\/p>\n<p>F\u00fcr die Herstellung einer Schale von ca. 2 kg werden mehr als 30 Arbeitsstunden ben\u00f6tigt und ungef\u00e4hr f\u00fcnf Personen, die gleichzeitig am Fertigungsprozess beteiligt sind.<\/p>\n<p>Zum Schluss wird als Schutz eine d\u00fcnne Schicht Senf- oder Kokosnuss\u00f6l auf die Klangschalenoberfl\u00e4che aufgetragen. Danach werden sie nur noch mit Handschuhen angefasst.<\/p>\n<p>Abschlie\u00dfend durchlaufen die Therapieklangschalen eine Qualit\u00e4tskontrolle, um ein optimales Klang- und Schwingungsverhalten zu gew\u00e4hrleisten.<\/p>\n<p>Der Klang ist ein Medium, der die Menschen auf ihren unterschiedlichsten Ebenen erreicht, was speziell f\u00fcr \u00e4ltere Menschen in ver\u00e4nderten Lebenssituationen oder Menschen mit Demenz, die nicht mehr verbal kommunizieren k\u00f6nnen, eine gro\u00dfe Hilfe sein kann.<\/p>\n<p>Demenzerkrankungen sind vielf\u00e4ltig und verlaufen vielschichtig. Auch wenn die kognitiven F\u00e4higkeiten der Betroffenen r\u00fcckl\u00e4ufig sind, so bleiben die emotionalen Bed\u00fcrfnisse wie Sicherheit, Zugeh\u00f6rigkeit und Wertsch\u00e4tzung. Da Kl\u00e4nge auf den gesamten Organismus wirken, k\u00f6nnen sie ein Ungleichgewicht auf der immer wichtiger werdenden emotionalen Ebene g\u00fcnstig beeinflussen. Klang begleitet uns vom Anfang des Menschseins an. Schon vorgeburtliche Erinnerungen, wie z.B. die Stimme unserer Mutter, aber auch Schwingungen und Vibrationen sind vertraute Empfindungen. Sie lassen sich auf allen Ebenen sp\u00fcren und so erreichen sie den Betroffenen ganz sicher \u2013 irgendwo.<\/p>\n<p>Jeder Mensch ist einmalig, in seiner Art, seinen F\u00e4higkeiten und hat sein eigenes Lern- und Entwicklungstempo. Egal wo er in seiner geistigen oder k\u00f6rperlichen Entwicklung steht, er wird genau dort abgeholt.<\/p>\n<p>Wer mit den Klangmethoden intensiv arbeitet und sich von den obertonreichen Kl\u00e4ngen der Klangschalen begleiten l\u00e4sst, wird gelassener, bekommt Energie und kann sich den t\u00e4glichen Herausforderungen selbstbewusst und voller Freude stellen.<\/p>\n<p>Alle Menschen, egal welchen Alters und welcher Herkunft, k\u00f6nnen sich sehr schnell auf die Kl\u00e4nge der Klangschalen einlassen.<\/p>\n<p>Kinder sind in der Regel sofort fasziniert von den \u201egoldenen Sch\u00fcsseln\u201c, mit denen man spannende Experimente machen kann und Erwachsene genie\u00dfen die Zeit des nichts Tuns, auf nichts achten zu m\u00fcssen, sondern einfach nur zu sein, wahrzunehmen und zu genie\u00dfen. Alles andere passiert ganz von allein.<\/p>\n<p>&nbsp;<\/p>\n<h3>Gl\u00fcck<\/h3>\n<p>Noch staunen k\u00f6nnen.<br \/>\nSich begeistern.<br \/>\nSich trauen.<br \/>\nFremde T\u00fcren \u00f6ffnen,<br \/>\nNeue R\u00e4ume betreten.<br \/>\nauch in uns.<br \/>\nDen Tag genie\u00dfen,<br \/>\nden Augenblick feiern.<br \/>\nDen Himmel ber\u00fchren.<br \/>\nIn sich selber ruhen. L\u00e4cheln.<br \/>\nEinander begegnen. F\u00fcr sich sein.<br \/>\nFrieden finden.<br \/>\nIn uns. Und um uns herum.<br \/>\nLieben. Und geliebt werden.<\/p>\n<p>Jochen Mariss<\/p>\n<p>&nbsp;<\/p>\n<h4>Kontakt<\/h4>\n<h5>birgitsundermeier1@googlemail.com<\/h5>\n","protected":false},"excerpt":{"rendered":"<p>&nbsp; Nada Brahma &#8211; die Welt ist Klang In den verschiedensten Kulturen spiegelt sich die Wirkung von Kl\u00e4ngen f\u00fcr das Leben des Menschen wider. Seit \u00fcber 5000 Jahren spielen Gongs und Kl\u00e4nge beispielsweise in der indischen Heilkunst eine gro\u00dfe Rolle. Man geht dort davon aus, dass jeder Mensch aus Klang entstanden ist und seinen eigenen, individuellen Klang hat \u2013 also selbst Klang ist. Ist der Mensch mit sich und seinem Umfeld im \u201eEin-Klang\u201c, kann er sein Leben frei, liebevoll und mit Freude gestalten. &nbsp; Was ist \u00fcberhaupt Klang? Klang ist mehr als nur ein Teil von Musik. Er ist eines der drei Grundelemente, neben Rhythmus und Melodie. Rein physikalisch gesehen, ist Klang eine Schwingung, ein akustisches Signal, das durch Schall \u00fcbertragen wird. Die Schallwelle breitet sich durch eine Hin- und Her-Bewegung aus, wobei dazu Gase, Fl\u00fcssigkeiten oder Festk\u00f6rper ben\u00f6tigt werden. Nimmt man z.B. eine Klangschale und schlegelt sie sanft an, beginnt diese zu vibrieren und die Luft in ihrer unmittelbaren Umgebung setzt sich in Bewegung. Dies ist gut zu sehen, wenn Wasser in eine Klangschale gef\u00fcllt wird. Wasser leitet den Schall noch schneller weiter als Luft und da unser K\u00f6rper zu mehr als 80% aus Fl\u00fcssigkeit besteht, kann man sich [&hellip;]<\/p>\n","protected":false},"author":35,"featured_media":13577,"comment_status":"closed","ping_status":"closed","sticky":false,"template":"","format":"standard","meta":{"footnotes":""},"categories":[437],"tags":[529],"class_list":["post-13231","post","type-post","status-publish","format-standard","has-post-thumbnail","hentry","category-traditionelle-westliche-medizin","tag-korpergeist"],"yoast_head":"<!-- This site is optimized with the Yoast SEO plugin v27.5 - https:\/\/yoast.com\/product\/yoast-seo-wordpress\/ -->\n<title>Im Ein-Klang sein - Kl\u00e4nge ber\u00fchren und bewegen - Paracelsus Magazin<\/title>\n<meta name=\"robots\" content=\"index, follow, max-snippet:-1, max-image-preview:large, max-video-preview:-1\" \/>\n<link rel=\"canonical\" href=\"https:\/\/www.paracelsus-magazin.ch\/de\/traditionelle-westliche-medizin\/im-ein-klang-sein-klaenge-beruehren-und-bewegen\/\" \/>\n<meta property=\"og:locale\" content=\"de_DE\" \/>\n<meta property=\"og:type\" content=\"article\" \/>\n<meta property=\"og:title\" content=\"Im Ein-Klang sein - Kl\u00e4nge ber\u00fchren und bewegen - Paracelsus Magazin\" \/>\n<meta property=\"og:description\" content=\"&nbsp; Nada Brahma &#8211; die Welt ist Klang In den verschiedensten Kulturen spiegelt sich die Wirkung von Kl\u00e4ngen f\u00fcr das Leben des Menschen wider. Seit \u00fcber 5000 Jahren spielen Gongs und Kl\u00e4nge beispielsweise in der indischen Heilkunst eine gro\u00dfe Rolle. Man geht dort davon aus, dass jeder Mensch aus Klang entstanden ist und seinen eigenen, individuellen Klang hat \u2013 also selbst Klang ist. Ist der Mensch mit sich und seinem Umfeld im \u201eEin-Klang\u201c, kann er sein Leben frei, liebevoll und mit Freude gestalten. &nbsp; Was ist \u00fcberhaupt Klang? Klang ist mehr als nur ein Teil von Musik. Er ist eines der drei Grundelemente, neben Rhythmus und Melodie. Rein physikalisch gesehen, ist Klang eine Schwingung, ein akustisches Signal, das durch Schall \u00fcbertragen wird. Die Schallwelle breitet sich durch eine Hin- und Her-Bewegung aus, wobei dazu Gase, Fl\u00fcssigkeiten oder Festk\u00f6rper ben\u00f6tigt werden. Nimmt man z.B. eine Klangschale und schlegelt sie sanft an, beginnt diese zu vibrieren und die Luft in ihrer unmittelbaren Umgebung setzt sich in Bewegung. Dies ist gut zu sehen, wenn Wasser in eine Klangschale gef\u00fcllt wird. Wasser leitet den Schall noch schneller weiter als Luft und da unser K\u00f6rper zu mehr als 80% aus Fl\u00fcssigkeit besteht, kann man sich [&hellip;]\" \/>\n<meta property=\"og:url\" content=\"https:\/\/www.paracelsus-magazin.ch\/de\/traditionelle-westliche-medizin\/im-ein-klang-sein-klaenge-beruehren-und-bewegen\/\" \/>\n<meta property=\"og:site_name\" content=\"Paracelsus Magazin\" \/>\n<meta property=\"article:publisher\" content=\"https:\/\/www.facebook.com\/Paracelsus-Magazin-436487499874780\/\" \/>\n<meta property=\"article:published_time\" content=\"2017-01-04T14:08:19+00:00\" \/>\n<meta property=\"article:modified_time\" content=\"2022-09-05T17:16:23+00:00\" \/>\n<meta property=\"og:image\" content=\"https:\/\/www.paracelsus-magazin.ch\/wp-content\/uploads\/2016\/08\/Nada-Bramhma.jpg\" \/>\n\t<meta property=\"og:image:width\" content=\"957\" \/>\n\t<meta property=\"og:image:height\" content=\"502\" \/>\n\t<meta property=\"og:image:type\" content=\"image\/jpeg\" \/>\n<meta name=\"author\" content=\"Nora Birgit Sundermeier\" \/>\n<meta name=\"twitter:card\" content=\"summary_large_image\" \/>\n<meta name=\"twitter:label1\" content=\"Verfasst von\" \/>\n\t<meta name=\"twitter:data1\" content=\"Nora Birgit Sundermeier\" \/>\n\t<meta name=\"twitter:label2\" content=\"Gesch\u00e4tzte Lesezeit\" \/>\n\t<meta name=\"twitter:data2\" content=\"6\u00a0Minuten\" \/>\n<script type=\"application\/ld+json\" class=\"yoast-schema-graph\">{\"@context\":\"https:\\\/\\\/schema.org\",\"@graph\":[{\"@type\":\"Article\",\"@id\":\"https:\\\/\\\/www.paracelsus-magazin.ch\\\/de\\\/traditionelle-westliche-medizin\\\/im-ein-klang-sein-klaenge-beruehren-und-bewegen\\\/#article\",\"isPartOf\":{\"@id\":\"https:\\\/\\\/www.paracelsus-magazin.ch\\\/de\\\/traditionelle-westliche-medizin\\\/im-ein-klang-sein-klaenge-beruehren-und-bewegen\\\/\"},\"author\":{\"name\":\"Nora Birgit Sundermeier\",\"@id\":\"https:\\\/\\\/www.paracelsus-magazin.ch\\\/de\\\/#\\\/schema\\\/person\\\/6469272e407d8b8b8cd919ed40a4d190\"},\"headline\":\"Im Ein-Klang sein &#8211; Kl\u00e4nge ber\u00fchren und bewegen\",\"datePublished\":\"2017-01-04T14:08:19+00:00\",\"dateModified\":\"2022-09-05T17:16:23+00:00\",\"mainEntityOfPage\":{\"@id\":\"https:\\\/\\\/www.paracelsus-magazin.ch\\\/de\\\/traditionelle-westliche-medizin\\\/im-ein-klang-sein-klaenge-beruehren-und-bewegen\\\/\"},\"wordCount\":1216,\"publisher\":{\"@id\":\"https:\\\/\\\/www.paracelsus-magazin.ch\\\/de\\\/#organization\"},\"image\":{\"@id\":\"https:\\\/\\\/www.paracelsus-magazin.ch\\\/de\\\/traditionelle-westliche-medizin\\\/im-ein-klang-sein-klaenge-beruehren-und-bewegen\\\/#primaryimage\"},\"thumbnailUrl\":\"https:\\\/\\\/www.paracelsus-magazin.ch\\\/wp-content\\\/uploads\\\/2016\\\/08\\\/Nada-Bramhma.jpg\",\"keywords\":[\"K\u00f6rper&amp;Geist\"],\"articleSection\":[\"Traditionelle Westliche Medizin\"],\"inLanguage\":\"de\"},{\"@type\":\"WebPage\",\"@id\":\"https:\\\/\\\/www.paracelsus-magazin.ch\\\/de\\\/traditionelle-westliche-medizin\\\/im-ein-klang-sein-klaenge-beruehren-und-bewegen\\\/\",\"url\":\"https:\\\/\\\/www.paracelsus-magazin.ch\\\/de\\\/traditionelle-westliche-medizin\\\/im-ein-klang-sein-klaenge-beruehren-und-bewegen\\\/\",\"name\":\"Im Ein-Klang sein - Kl\u00e4nge ber\u00fchren und bewegen - Paracelsus Magazin\",\"isPartOf\":{\"@id\":\"https:\\\/\\\/www.paracelsus-magazin.ch\\\/de\\\/#website\"},\"primaryImageOfPage\":{\"@id\":\"https:\\\/\\\/www.paracelsus-magazin.ch\\\/de\\\/traditionelle-westliche-medizin\\\/im-ein-klang-sein-klaenge-beruehren-und-bewegen\\\/#primaryimage\"},\"image\":{\"@id\":\"https:\\\/\\\/www.paracelsus-magazin.ch\\\/de\\\/traditionelle-westliche-medizin\\\/im-ein-klang-sein-klaenge-beruehren-und-bewegen\\\/#primaryimage\"},\"thumbnailUrl\":\"https:\\\/\\\/www.paracelsus-magazin.ch\\\/wp-content\\\/uploads\\\/2016\\\/08\\\/Nada-Bramhma.jpg\",\"datePublished\":\"2017-01-04T14:08:19+00:00\",\"dateModified\":\"2022-09-05T17:16:23+00:00\",\"breadcrumb\":{\"@id\":\"https:\\\/\\\/www.paracelsus-magazin.ch\\\/de\\\/traditionelle-westliche-medizin\\\/im-ein-klang-sein-klaenge-beruehren-und-bewegen\\\/#breadcrumb\"},\"inLanguage\":\"de\",\"potentialAction\":[{\"@type\":\"ReadAction\",\"target\":[\"https:\\\/\\\/www.paracelsus-magazin.ch\\\/de\\\/traditionelle-westliche-medizin\\\/im-ein-klang-sein-klaenge-beruehren-und-bewegen\\\/\"]}]},{\"@type\":\"ImageObject\",\"inLanguage\":\"de\",\"@id\":\"https:\\\/\\\/www.paracelsus-magazin.ch\\\/de\\\/traditionelle-westliche-medizin\\\/im-ein-klang-sein-klaenge-beruehren-und-bewegen\\\/#primaryimage\",\"url\":\"https:\\\/\\\/www.paracelsus-magazin.ch\\\/wp-content\\\/uploads\\\/2016\\\/08\\\/Nada-Bramhma.jpg\",\"contentUrl\":\"https:\\\/\\\/www.paracelsus-magazin.ch\\\/wp-content\\\/uploads\\\/2016\\\/08\\\/Nada-Bramhma.jpg\",\"width\":957,\"height\":502,\"caption\":\"Abstract background in a concept of technology and science.\"},{\"@type\":\"BreadcrumbList\",\"@id\":\"https:\\\/\\\/www.paracelsus-magazin.ch\\\/de\\\/traditionelle-westliche-medizin\\\/im-ein-klang-sein-klaenge-beruehren-und-bewegen\\\/#breadcrumb\",\"itemListElement\":[{\"@type\":\"ListItem\",\"position\":1,\"name\":\"Startseite\",\"item\":\"https:\\\/\\\/www.paracelsus-magazin.ch\\\/de\\\/\"},{\"@type\":\"ListItem\",\"position\":2,\"name\":\"Im Ein-Klang sein &#8211; Kl\u00e4nge ber\u00fchren und bewegen\"}]},{\"@type\":\"WebSite\",\"@id\":\"https:\\\/\\\/www.paracelsus-magazin.ch\\\/de\\\/#website\",\"url\":\"https:\\\/\\\/www.paracelsus-magazin.ch\\\/de\\\/\",\"name\":\"Paracelsus Magazin\",\"description\":\"Health &amp; Healing Magazin\",\"publisher\":{\"@id\":\"https:\\\/\\\/www.paracelsus-magazin.ch\\\/de\\\/#organization\"},\"potentialAction\":[{\"@type\":\"SearchAction\",\"target\":{\"@type\":\"EntryPoint\",\"urlTemplate\":\"https:\\\/\\\/www.paracelsus-magazin.ch\\\/de\\\/?s={search_term_string}\"},\"query-input\":{\"@type\":\"PropertyValueSpecification\",\"valueRequired\":true,\"valueName\":\"search_term_string\"}}],\"inLanguage\":\"de\"},{\"@type\":\"Organization\",\"@id\":\"https:\\\/\\\/www.paracelsus-magazin.ch\\\/de\\\/#organization\",\"name\":\"Paracelsus Magazin\",\"url\":\"https:\\\/\\\/www.paracelsus-magazin.ch\\\/de\\\/\",\"logo\":{\"@type\":\"ImageObject\",\"inLanguage\":\"de\",\"@id\":\"https:\\\/\\\/www.paracelsus-magazin.ch\\\/de\\\/#\\\/schema\\\/logo\\\/image\\\/\",\"url\":\"https:\\\/\\\/www.paracelsus-magazin.ch\\\/wp-content\\\/uploads\\\/2023\\\/08\\\/logo-paracelsus-magazin-sqaure.jpg\",\"contentUrl\":\"https:\\\/\\\/www.paracelsus-magazin.ch\\\/wp-content\\\/uploads\\\/2023\\\/08\\\/logo-paracelsus-magazin-sqaure.jpg\",\"width\":696,\"height\":696,\"caption\":\"Paracelsus Magazin\"},\"image\":{\"@id\":\"https:\\\/\\\/www.paracelsus-magazin.ch\\\/de\\\/#\\\/schema\\\/logo\\\/image\\\/\"},\"sameAs\":[\"https:\\\/\\\/www.facebook.com\\\/Paracelsus-Magazin-436487499874780\\\/\"]},{\"@type\":\"Person\",\"@id\":\"https:\\\/\\\/www.paracelsus-magazin.ch\\\/de\\\/#\\\/schema\\\/person\\\/6469272e407d8b8b8cd919ed40a4d190\",\"name\":\"Nora Birgit Sundermeier\",\"image\":{\"@type\":\"ImageObject\",\"inLanguage\":\"de\",\"@id\":\"https:\\\/\\\/secure.gravatar.com\\\/avatar\\\/ac36d4132ed1460970a22b6f92c74d26c98c583466dc42ad7c11c28ef316a50b?s=96&d=mm&r=g\",\"url\":\"https:\\\/\\\/secure.gravatar.com\\\/avatar\\\/ac36d4132ed1460970a22b6f92c74d26c98c583466dc42ad7c11c28ef316a50b?s=96&d=mm&r=g\",\"contentUrl\":\"https:\\\/\\\/secure.gravatar.com\\\/avatar\\\/ac36d4132ed1460970a22b6f92c74d26c98c583466dc42ad7c11c28ef316a50b?s=96&d=mm&r=g\",\"caption\":\"Nora Birgit Sundermeier\"},\"description\":\"Nora Birgit Sundermeier, born 1960, is a trained sound pedagogue with her own sound chamber in B\u00fcnde, Germany. For 10 years she has been working at different schools, in living and caring centers, with severely disabled people and is an authorized lecturer.\",\"url\":\"https:\\\/\\\/www.paracelsus-magazin.ch\\\/de\\\/author\\\/nora-birgit-sundermeier\\\/\"}]}<\/script>\n<!-- \/ Yoast SEO plugin. -->","yoast_head_json":{"title":"Im Ein-Klang sein - Kl\u00e4nge ber\u00fchren und bewegen - Paracelsus Magazin","robots":{"index":"index","follow":"follow","max-snippet":"max-snippet:-1","max-image-preview":"max-image-preview:large","max-video-preview":"max-video-preview:-1"},"canonical":"https:\/\/www.paracelsus-magazin.ch\/de\/traditionelle-westliche-medizin\/im-ein-klang-sein-klaenge-beruehren-und-bewegen\/","og_locale":"de_DE","og_type":"article","og_title":"Im Ein-Klang sein - Kl\u00e4nge ber\u00fchren und bewegen - Paracelsus Magazin","og_description":"&nbsp; Nada Brahma &#8211; die Welt ist Klang In den verschiedensten Kulturen spiegelt sich die Wirkung von Kl\u00e4ngen f\u00fcr das Leben des Menschen wider. Seit \u00fcber 5000 Jahren spielen Gongs und Kl\u00e4nge beispielsweise in der indischen Heilkunst eine gro\u00dfe Rolle. Man geht dort davon aus, dass jeder Mensch aus Klang entstanden ist und seinen eigenen, individuellen Klang hat \u2013 also selbst Klang ist. Ist der Mensch mit sich und seinem Umfeld im \u201eEin-Klang\u201c, kann er sein Leben frei, liebevoll und mit Freude gestalten. &nbsp; Was ist \u00fcberhaupt Klang? Klang ist mehr als nur ein Teil von Musik. Er ist eines der drei Grundelemente, neben Rhythmus und Melodie. Rein physikalisch gesehen, ist Klang eine Schwingung, ein akustisches Signal, das durch Schall \u00fcbertragen wird. Die Schallwelle breitet sich durch eine Hin- und Her-Bewegung aus, wobei dazu Gase, Fl\u00fcssigkeiten oder Festk\u00f6rper ben\u00f6tigt werden. Nimmt man z.B. eine Klangschale und schlegelt sie sanft an, beginnt diese zu vibrieren und die Luft in ihrer unmittelbaren Umgebung setzt sich in Bewegung. Dies ist gut zu sehen, wenn Wasser in eine Klangschale gef\u00fcllt wird. Wasser leitet den Schall noch schneller weiter als Luft und da unser K\u00f6rper zu mehr als 80% aus Fl\u00fcssigkeit besteht, kann man sich [&hellip;]","og_url":"https:\/\/www.paracelsus-magazin.ch\/de\/traditionelle-westliche-medizin\/im-ein-klang-sein-klaenge-beruehren-und-bewegen\/","og_site_name":"Paracelsus Magazin","article_publisher":"https:\/\/www.facebook.com\/Paracelsus-Magazin-436487499874780\/","article_published_time":"2017-01-04T14:08:19+00:00","article_modified_time":"2022-09-05T17:16:23+00:00","og_image":[{"width":957,"height":502,"url":"https:\/\/www.paracelsus-magazin.ch\/wp-content\/uploads\/2016\/08\/Nada-Bramhma.jpg","type":"image\/jpeg"}],"author":"Nora Birgit Sundermeier","twitter_card":"summary_large_image","twitter_misc":{"Verfasst von":"Nora Birgit Sundermeier","Gesch\u00e4tzte Lesezeit":"6\u00a0Minuten"},"schema":{"@context":"https:\/\/schema.org","@graph":[{"@type":"Article","@id":"https:\/\/www.paracelsus-magazin.ch\/de\/traditionelle-westliche-medizin\/im-ein-klang-sein-klaenge-beruehren-und-bewegen\/#article","isPartOf":{"@id":"https:\/\/www.paracelsus-magazin.ch\/de\/traditionelle-westliche-medizin\/im-ein-klang-sein-klaenge-beruehren-und-bewegen\/"},"author":{"name":"Nora Birgit Sundermeier","@id":"https:\/\/www.paracelsus-magazin.ch\/de\/#\/schema\/person\/6469272e407d8b8b8cd919ed40a4d190"},"headline":"Im Ein-Klang sein &#8211; Kl\u00e4nge ber\u00fchren und bewegen","datePublished":"2017-01-04T14:08:19+00:00","dateModified":"2022-09-05T17:16:23+00:00","mainEntityOfPage":{"@id":"https:\/\/www.paracelsus-magazin.ch\/de\/traditionelle-westliche-medizin\/im-ein-klang-sein-klaenge-beruehren-und-bewegen\/"},"wordCount":1216,"publisher":{"@id":"https:\/\/www.paracelsus-magazin.ch\/de\/#organization"},"image":{"@id":"https:\/\/www.paracelsus-magazin.ch\/de\/traditionelle-westliche-medizin\/im-ein-klang-sein-klaenge-beruehren-und-bewegen\/#primaryimage"},"thumbnailUrl":"https:\/\/www.paracelsus-magazin.ch\/wp-content\/uploads\/2016\/08\/Nada-Bramhma.jpg","keywords":["K\u00f6rper&amp;Geist"],"articleSection":["Traditionelle Westliche Medizin"],"inLanguage":"de"},{"@type":"WebPage","@id":"https:\/\/www.paracelsus-magazin.ch\/de\/traditionelle-westliche-medizin\/im-ein-klang-sein-klaenge-beruehren-und-bewegen\/","url":"https:\/\/www.paracelsus-magazin.ch\/de\/traditionelle-westliche-medizin\/im-ein-klang-sein-klaenge-beruehren-und-bewegen\/","name":"Im Ein-Klang sein - Kl\u00e4nge ber\u00fchren und bewegen - Paracelsus Magazin","isPartOf":{"@id":"https:\/\/www.paracelsus-magazin.ch\/de\/#website"},"primaryImageOfPage":{"@id":"https:\/\/www.paracelsus-magazin.ch\/de\/traditionelle-westliche-medizin\/im-ein-klang-sein-klaenge-beruehren-und-bewegen\/#primaryimage"},"image":{"@id":"https:\/\/www.paracelsus-magazin.ch\/de\/traditionelle-westliche-medizin\/im-ein-klang-sein-klaenge-beruehren-und-bewegen\/#primaryimage"},"thumbnailUrl":"https:\/\/www.paracelsus-magazin.ch\/wp-content\/uploads\/2016\/08\/Nada-Bramhma.jpg","datePublished":"2017-01-04T14:08:19+00:00","dateModified":"2022-09-05T17:16:23+00:00","breadcrumb":{"@id":"https:\/\/www.paracelsus-magazin.ch\/de\/traditionelle-westliche-medizin\/im-ein-klang-sein-klaenge-beruehren-und-bewegen\/#breadcrumb"},"inLanguage":"de","potentialAction":[{"@type":"ReadAction","target":["https:\/\/www.paracelsus-magazin.ch\/de\/traditionelle-westliche-medizin\/im-ein-klang-sein-klaenge-beruehren-und-bewegen\/"]}]},{"@type":"ImageObject","inLanguage":"de","@id":"https:\/\/www.paracelsus-magazin.ch\/de\/traditionelle-westliche-medizin\/im-ein-klang-sein-klaenge-beruehren-und-bewegen\/#primaryimage","url":"https:\/\/www.paracelsus-magazin.ch\/wp-content\/uploads\/2016\/08\/Nada-Bramhma.jpg","contentUrl":"https:\/\/www.paracelsus-magazin.ch\/wp-content\/uploads\/2016\/08\/Nada-Bramhma.jpg","width":957,"height":502,"caption":"Abstract background in a concept of technology and science."},{"@type":"BreadcrumbList","@id":"https:\/\/www.paracelsus-magazin.ch\/de\/traditionelle-westliche-medizin\/im-ein-klang-sein-klaenge-beruehren-und-bewegen\/#breadcrumb","itemListElement":[{"@type":"ListItem","position":1,"name":"Startseite","item":"https:\/\/www.paracelsus-magazin.ch\/de\/"},{"@type":"ListItem","position":2,"name":"Im Ein-Klang sein &#8211; Kl\u00e4nge ber\u00fchren und bewegen"}]},{"@type":"WebSite","@id":"https:\/\/www.paracelsus-magazin.ch\/de\/#website","url":"https:\/\/www.paracelsus-magazin.ch\/de\/","name":"Paracelsus Magazin","description":"Health &amp; Healing Magazin","publisher":{"@id":"https:\/\/www.paracelsus-magazin.ch\/de\/#organization"},"potentialAction":[{"@type":"SearchAction","target":{"@type":"EntryPoint","urlTemplate":"https:\/\/www.paracelsus-magazin.ch\/de\/?s={search_term_string}"},"query-input":{"@type":"PropertyValueSpecification","valueRequired":true,"valueName":"search_term_string"}}],"inLanguage":"de"},{"@type":"Organization","@id":"https:\/\/www.paracelsus-magazin.ch\/de\/#organization","name":"Paracelsus Magazin","url":"https:\/\/www.paracelsus-magazin.ch\/de\/","logo":{"@type":"ImageObject","inLanguage":"de","@id":"https:\/\/www.paracelsus-magazin.ch\/de\/#\/schema\/logo\/image\/","url":"https:\/\/www.paracelsus-magazin.ch\/wp-content\/uploads\/2023\/08\/logo-paracelsus-magazin-sqaure.jpg","contentUrl":"https:\/\/www.paracelsus-magazin.ch\/wp-content\/uploads\/2023\/08\/logo-paracelsus-magazin-sqaure.jpg","width":696,"height":696,"caption":"Paracelsus Magazin"},"image":{"@id":"https:\/\/www.paracelsus-magazin.ch\/de\/#\/schema\/logo\/image\/"},"sameAs":["https:\/\/www.facebook.com\/Paracelsus-Magazin-436487499874780\/"]},{"@type":"Person","@id":"https:\/\/www.paracelsus-magazin.ch\/de\/#\/schema\/person\/6469272e407d8b8b8cd919ed40a4d190","name":"Nora Birgit Sundermeier","image":{"@type":"ImageObject","inLanguage":"de","@id":"https:\/\/secure.gravatar.com\/avatar\/ac36d4132ed1460970a22b6f92c74d26c98c583466dc42ad7c11c28ef316a50b?s=96&d=mm&r=g","url":"https:\/\/secure.gravatar.com\/avatar\/ac36d4132ed1460970a22b6f92c74d26c98c583466dc42ad7c11c28ef316a50b?s=96&d=mm&r=g","contentUrl":"https:\/\/secure.gravatar.com\/avatar\/ac36d4132ed1460970a22b6f92c74d26c98c583466dc42ad7c11c28ef316a50b?s=96&d=mm&r=g","caption":"Nora Birgit Sundermeier"},"description":"Nora Birgit Sundermeier, born 1960, is a trained sound pedagogue with her own sound chamber in B\u00fcnde, Germany. For 10 years she has been working at different schools, in living and caring centers, with severely disabled people and is an authorized lecturer.","url":"https:\/\/www.paracelsus-magazin.ch\/de\/author\/nora-birgit-sundermeier\/"}]}},"_links":{"self":[{"href":"https:\/\/www.paracelsus-magazin.ch\/de\/wp-json\/wp\/v2\/posts\/13231","targetHints":{"allow":["GET"]}}],"collection":[{"href":"https:\/\/www.paracelsus-magazin.ch\/de\/wp-json\/wp\/v2\/posts"}],"about":[{"href":"https:\/\/www.paracelsus-magazin.ch\/de\/wp-json\/wp\/v2\/types\/post"}],"author":[{"embeddable":true,"href":"https:\/\/www.paracelsus-magazin.ch\/de\/wp-json\/wp\/v2\/users\/35"}],"replies":[{"embeddable":true,"href":"https:\/\/www.paracelsus-magazin.ch\/de\/wp-json\/wp\/v2\/comments?post=13231"}],"version-history":[{"count":0,"href":"https:\/\/www.paracelsus-magazin.ch\/de\/wp-json\/wp\/v2\/posts\/13231\/revisions"}],"wp:featuredmedia":[{"embeddable":true,"href":"https:\/\/www.paracelsus-magazin.ch\/de\/wp-json\/wp\/v2\/media\/13577"}],"wp:attachment":[{"href":"https:\/\/www.paracelsus-magazin.ch\/de\/wp-json\/wp\/v2\/media?parent=13231"}],"wp:term":[{"taxonomy":"category","embeddable":true,"href":"https:\/\/www.paracelsus-magazin.ch\/de\/wp-json\/wp\/v2\/categories?post=13231"},{"taxonomy":"post_tag","embeddable":true,"href":"https:\/\/www.paracelsus-magazin.ch\/de\/wp-json\/wp\/v2\/tags?post=13231"}],"curies":[{"name":"wp","href":"https:\/\/api.w.org\/{rel}","templated":true}]}}